{"id":130440,"date":"2024-11-15T20:18:27","date_gmt":"2024-11-15T23:18:27","guid":{"rendered":"https:\/\/cdnoticias.com\/?p=130440"},"modified":"2024-11-16T10:04:26","modified_gmt":"2024-11-16T13:04:26","slug":"fin-de-semana-de-alertas-amarillas-por-tormenta-para-olavarria","status":"publish","type":"post","link":"https:\/\/cdnoticias.com\/index.php\/2024\/11\/15\/fin-de-semana-de-alertas-amarillas-por-tormenta-para-olavarria\/","title":{"rendered":"Fin de semana de alertas amarillas por tormenta para Olavarr\u00eda"},"content":{"rendered":"\n<p>El Servicio Meteorol\u00f3gico Nacional anticip\u00f3 que podr\u00eda haber tormentas fuertes el s\u00e1bado por la tarde y el domingo por la madrugada. Adem\u00e1s, probabilidad de lluvias los dos d\u00edas.<\/p>\n\n\n\n<hr class=\"wp-block-separator aligncenter has-alpha-channel-opacity\"\/>\n\n\n\n<p>El <strong>fin de semana largo en Olavarr\u00eda estar\u00e1 pr\u00e1cticamente pasado por agua en su totalidad<\/strong>: informado por el Servicio Meteorol\u00f3gico Nacional, hay <strong>dos alertas amarillas por tormentas fuertes para la ciudad y la regi\u00f3n.<\/strong><\/p>\n\n\n\n<p>Ser\u00e1n, se estima, <strong>para la tarde del s\u00e1bado y la madrugada del domingo<\/strong>: las lluvias \u201cser\u00e1n de variada intensidad\u201d, algunas \u201clocalmente fuertes, pudiendo estar acompa\u00f1adas por tormentas aisladas\u201d.<\/p>\n\n\n\n<figure class=\"wp-block-image size-full\"><img data-recalc-dims=\"1\" loading=\"lazy\" decoding=\"async\" width=\"626\" height=\"622\" src=\"https:\/\/i0.wp.com\/cdnoticias.com\/wp-content\/uploads\/2024\/11\/WhatsApp-Image-2024-11-15-at-20.02.51.jpeg?resize=626%2C622&#038;ssl=1\" alt=\"\" class=\"wp-image-130442\" srcset=\"https:\/\/i0.wp.com\/cdnoticias.com\/wp-content\/uploads\/2024\/11\/WhatsApp-Image-2024-11-15-at-20.02.51.jpeg?w=626&amp;ssl=1 626w, https:\/\/i0.wp.com\/cdnoticias.com\/wp-content\/uploads\/2024\/11\/WhatsApp-Image-2024-11-15-at-20.02.51.jpeg?resize=300%2C298&amp;ssl=1 300w, https:\/\/i0.wp.com\/cdnoticias.com\/wp-content\/uploads\/2024\/11\/WhatsApp-Image-2024-11-15-at-20.02.51.jpeg?resize=150%2C150&amp;ssl=1 150w\" sizes=\"auto, (max-width: 626px) 100vw, 626px\" \/><\/figure>\n\n\n\n<blockquote class=\"wp-block-quote is-layout-flow wp-block-quote-is-layout-flow\">\n<p>\u201cSe estiman valores de precipitaci\u00f3n acumulada entre 20 y 50 mm, pudiendo ser superados en forma puntual\u201d se agreg\u00f3.<\/p>\n<\/blockquote>\n\n\n\n<p>Tal como acontece con este tipo de fen\u00f3menos, <strong>desde el Municipio y el \u00e1rea de Defensa Civil se pidi\u00f3 tomar algunas precauciones teniendo en cuenta el nivel amarillo de las tormentas que, adem\u00e1s, ser\u00e1n cercanas entre s\u00ed.<\/strong><\/p>\n\n\n\n<figure class=\"wp-block-image size-full\"><img data-recalc-dims=\"1\" loading=\"lazy\" decoding=\"async\" width=\"633\" height=\"626\" src=\"https:\/\/i0.wp.com\/cdnoticias.com\/wp-content\/uploads\/2024\/11\/WhatsApp-Image-2024-11-15-at-20.02.53.jpeg?resize=633%2C626&#038;ssl=1\" alt=\"\" class=\"wp-image-130441\" srcset=\"https:\/\/i0.wp.com\/cdnoticias.com\/wp-content\/uploads\/2024\/11\/WhatsApp-Image-2024-11-15-at-20.02.53.jpeg?w=633&amp;ssl=1 633w, https:\/\/i0.wp.com\/cdnoticias.com\/wp-content\/uploads\/2024\/11\/WhatsApp-Image-2024-11-15-at-20.02.53.jpeg?resize=300%2C297&amp;ssl=1 300w\" sizes=\"auto, (max-width: 633px) 100vw, 633px\" \/><\/figure>\n\n\n\n<p><strong>Para el s\u00e1bado, adem\u00e1s, se estiman lluvias durante toda la jornada, con una m\u00e1xima de 24 grados <\/strong>y la posibilidad de r\u00e1fagas de viento de hasta 60 km\/h que soplar\u00e1n del sudeste.<\/p>\n\n\n\n<p><strong>El domingo, en tanto, la temperatura bajar\u00e1 y con el correr de la jornada, la posibilidad de lluvias bajar\u00e1 a 0% por la tarde, con una m\u00e1xima estimada de 19 grados. <\/strong>Tambi\u00e9n disminuir\u00e1n la fuerza de los vientos, que soplar\u00e1n del sudeste.<\/p>\n\n\n\n<p><\/p>\n","protected":false},"excerpt":{"rendered":"<p>El Servicio Meteorol\u00f3gico Nacional anticip\u00f3 que podr\u00eda haber tormentas fuertes el s\u00e1bado por la tarde y el domingo por la<\/p>\n","protected":false},"author":2,"featured_media":122346,"comment_status":"closed","ping_status":"closed","sticky":false,"template":"","format":"standard","meta":{"_jetpack_memberships_contains_paid_content":false,"footnotes":""},"categories":[5,1],"tags":[],"class_list":["post-130440","post","type-post","status-publish","format-standard","has-post-thumbnail","hentry","category-informacion-general","category-portada"],"jetpack_featured_media_url":"https:\/\/i0.wp.com\/cdnoticias.com\/wp-content\/uploads\/2024\/08\/tormenta.jpg?fit=800%2C445&ssl=1","jetpack_sharing_enabled":true,"_links":{"self":[{"href":"https:\/\/cdnoticias.com\/index.php\/wp-json\/wp\/v2\/posts\/130440","targetHints":{"allow":["GET"]}}],"collection":[{"href":"https:\/\/cdnoticias.com\/index.php\/wp-json\/wp\/v2\/posts"}],"about":[{"href":"https:\/\/cdnoticias.com\/index.php\/wp-json\/wp\/v2\/types\/post"}],"author":[{"embeddable":true,"href":"https:\/\/cdnoticias.com\/index.php\/wp-json\/wp\/v2\/users\/2"}],"replies":[{"embeddable":true,"href":"https:\/\/cdnoticias.com\/index.php\/wp-json\/wp\/v2\/comments?post=130440"}],"version-history":[{"count":0,"href":"https:\/\/cdnoticias.com\/index.php\/wp-json\/wp\/v2\/posts\/130440\/revisions"}],"wp:featuredmedia":[{"embeddable":true,"href":"https:\/\/cdnoticias.com\/index.php\/wp-json\/wp\/v2\/media\/122346"}],"wp:attachment":[{"href":"https:\/\/cdnoticias.com\/index.php\/wp-json\/wp\/v2\/media?parent=130440"}],"wp:term":[{"taxonomy":"category","embeddable":true,"href":"https:\/\/cdnoticias.com\/index.php\/wp-json\/wp\/v2\/categories?post=130440"},{"taxonomy":"post_tag","embeddable":true,"href":"https:\/\/cdnoticias.com\/index.php\/wp-json\/wp\/v2\/tags?post=130440"}],"curies":[{"name":"wp","href":"https:\/\/api.w.org\/{rel}","templated":true}]}}