{"id":130417,"date":"2024-11-15T17:34:49","date_gmt":"2024-11-15T20:34:49","guid":{"rendered":"https:\/\/cdnoticias.com\/?p=130417"},"modified":"2024-11-15T19:30:56","modified_gmt":"2024-11-15T22:30:56","slug":"emotivo-acto-por-el-septimo-aniversario-del-hundimiento-del-ara-san-juan","status":"publish","type":"post","link":"https:\/\/cdnoticias.com\/index.php\/2024\/11\/15\/emotivo-acto-por-el-septimo-aniversario-del-hundimiento-del-ara-san-juan\/","title":{"rendered":"Emotivo acto por el s\u00e9ptimo aniversario del hundimiento del ARA San Juan"},"content":{"rendered":"\n<p>Se llev\u00f3 a cabo este viernes 15 de noviembre en Hinojo donde se descubri\u00f3 una placa que recuerda el tr\u00e1gico d\u00eda del 15 de noviembre de 2017.<\/p>\n\n\n\n<hr class=\"wp-block-separator aligncenter has-alpha-channel-opacity\"\/>\n\n\n\n<p>Este viernes por la ma\u00f1ana <strong>en la localidad de Hinojo <\/strong>se llev\u00f3 a cabo el <strong>acto en conmemoraci\u00f3n al s\u00e9ptimo aniversario del hundimiento del submarino ARA San Juan.<\/strong> El acto tuvo lugar en el anfiteatro donde <strong>se encuentra emplazada la r\u00e9plica del submarino, <\/strong>en la intersecci\u00f3n de avenida Crotto y Libertad.\u00a0<\/p>\n\n\n\n<p><\/p>\n\n\n\n<p>Participaron el intendente Maximiliano Wesner, junto a la jefa de Gabinete Mercedes Land\u00edvar, Emilio Wagner y Catalina Clar, familiares, amigos y compa\u00f1eros de promoci\u00f3n del Capit\u00e1n de Corbeta Diego Wagner Clar e integrantes de la Armada Argentina.<\/p>\n\n\n\n<p><\/p>\n\n\n\n<p>La conmemoraci\u00f3n se realiz\u00f3 en dicho espacio que<strong> rinde homenaje a Diego M. Wagner Clar y a los 43 tripulantes<\/strong>, el cual adem\u00e1s <strong>fue declarado de Inter\u00e9s Provincial por la C\u00e1mara de Diputados de la Provincia de Buenos Aires.<\/strong><\/p>\n\n\n\n<p><\/p>\n\n\n\n<blockquote class=\"wp-block-quote is-layout-flow wp-block-quote-is-layout-flow\">\n<p>El sitio de memoria, desde sus or\u00edgenes, busca poner en valor la entrega de estos 44 h\u00e9roes argentinos que dieron su vida por la protecci\u00f3n del Mar Argentino y es una forma de mantener viva la memoria colectiva de toda la comunidad, pero tambi\u00e9n reafirmar la importancia de la custodia, vigilancia y defensa de la soberan\u00eda de nuestro mar.<\/p>\n<\/blockquote>\n\n\n\n<p><\/p>\n\n\n\n<figure class=\"wp-block-image aligncenter size-full\"><img data-recalc-dims=\"1\" loading=\"lazy\" decoding=\"async\" width=\"800\" height=\"427\" src=\"https:\/\/i0.wp.com\/cdnoticias.com\/wp-content\/uploads\/2024\/11\/acto-ara-san-juan-15-noviembre-20247.jpg?resize=800%2C427&#038;ssl=1\" alt=\"\" class=\"wp-image-130424\" srcset=\"https:\/\/i0.wp.com\/cdnoticias.com\/wp-content\/uploads\/2024\/11\/acto-ara-san-juan-15-noviembre-20247.jpg?w=900&amp;ssl=1 900w, https:\/\/i0.wp.com\/cdnoticias.com\/wp-content\/uploads\/2024\/11\/acto-ara-san-juan-15-noviembre-20247.jpg?resize=300%2C160&amp;ssl=1 300w, https:\/\/i0.wp.com\/cdnoticias.com\/wp-content\/uploads\/2024\/11\/acto-ara-san-juan-15-noviembre-20247.jpg?resize=768%2C410&amp;ssl=1 768w\" sizes=\"auto, (max-width: 800px) 100vw, 800px\" \/><\/figure>\n\n\n\n<p><\/p>\n\n\n\n<p>Tal como est\u00e1 expresado por Ley <strong>todos los 15 de noviembre se conmemora el D\u00eda Nacional por la Memoria de los 44 H\u00e9roes y Hero\u00ednas del submarino ARA \u201cSan Juan\u201d<\/strong>, y la <strong>reafirmaci\u00f3n y defensa de los derechos soberanos del Mar Argentino.<\/strong><\/p>\n\n\n\n<p><\/p>\n\n\n\n<p>El acto protocolar se inici\u00f3 con la <strong>entonaci\u00f3n del Himno Nacional Argentino <\/strong>y continu\u00f3 con el <strong>descubrimiento de una placa que recuerda el tr\u00e1gico d\u00eda del 15 de noviembre de 2017.<\/strong><\/p>\n\n\n\n<p><\/p>\n\n\n\n<p>La placa se encuentra colocada junto a una escotilla original de popa que fue reemplazada del submarino y que se instal\u00f3 junto a la r\u00e9plica del ARA San Juan.<\/p>\n\n\n\n<p><\/p>\n\n\n\n<p>Seguidamente se hizo el <strong>descubrimiento y bendici\u00f3n del mural de la Virgen Stella Maris, <\/strong>donado por las esposas de la Promoci\u00f3n 133 de la escuela Naval militar R\u00edo Santiago. La bendici\u00f3n del mural fue oficiada por el padre Jos\u00e9 Mar\u00eda Quatroccio.<\/p>\n\n\n\n<p><\/p>\n\n\n\n<figure class=\"wp-block-image aligncenter size-full\"><img data-recalc-dims=\"1\" loading=\"lazy\" decoding=\"async\" width=\"800\" height=\"444\" src=\"https:\/\/i0.wp.com\/cdnoticias.com\/wp-content\/uploads\/2024\/11\/acto-ara-san-juan-15-noviembre-2024.jpg?resize=800%2C444&#038;ssl=1\" alt=\"\" class=\"wp-image-130419\" srcset=\"https:\/\/i0.wp.com\/cdnoticias.com\/wp-content\/uploads\/2024\/11\/acto-ara-san-juan-15-noviembre-2024.jpg?w=900&amp;ssl=1 900w, https:\/\/i0.wp.com\/cdnoticias.com\/wp-content\/uploads\/2024\/11\/acto-ara-san-juan-15-noviembre-2024.jpg?resize=300%2C167&amp;ssl=1 300w, https:\/\/i0.wp.com\/cdnoticias.com\/wp-content\/uploads\/2024\/11\/acto-ara-san-juan-15-noviembre-2024.jpg?resize=768%2C427&amp;ssl=1 768w, https:\/\/i0.wp.com\/cdnoticias.com\/wp-content\/uploads\/2024\/11\/acto-ara-san-juan-15-noviembre-2024.jpg?resize=800%2C445&amp;ssl=1 800w\" sizes=\"auto, (max-width: 800px) 100vw, 800px\" \/><\/figure>\n\n\n\n<p><\/p>\n\n\n\n<p>M\u00e1s tarde se procedi\u00f3 a la <strong>colocaci\u00f3n de palmas<\/strong> por parte del intendente Wesner, Catalina Clar y Emilio Wagner, en representaci\u00f3n del Partido de Olavarr\u00eda.<\/p>\n\n\n\n<p><\/p>\n\n\n\n<p>A continuaci\u00f3n, frente a la r\u00e9plica del submarino,<strong> se coloc\u00f3 una ofrenda por parte de la familia del Capit\u00e1n de Corbeta, <\/strong>Emilio Wagner, Catalina Clar y los hijos de Diego Wagner Clar: Thiago, Manuel y Francisco. Por \u00faltimo hicieron lo propio integrantes de la Promoci\u00f3n 133 compa\u00f1eros de Diego en la Escuela Naval Militar R\u00edo Santiago.<\/p>\n\n\n\n<p><\/p>\n\n\n\n<blockquote class=\"wp-block-quote is-layout-flow wp-block-quote-is-layout-flow\">\n<p>A las 10:31 horas se realiz\u00f3 un emotivo y sentido minuto de silencio, para recordar el momento exacto de la implosi\u00f3n y hundimiento del ARA San Juan, acompa\u00f1ado por la interpretaci\u00f3n en clarinete de Silvio Manuel, integrante de la Orquesta Sinf\u00f3nica Municipal.<\/p>\n<\/blockquote>\n\n\n\n<p><\/p>\n\n\n\n<p>Facundo Rivadeneira integrante de la Promoci\u00f3n 133 de la Escuela Naval Militar R\u00edo Santiago manifest\u00f3 que <strong><em>\u201cla promoci\u00f3n 133 de la Escuela Naval Militar agradece especialmente a la familia y a la comunidad de Olavarr\u00eda por permitirnos formar parte de este homenaje, para nosotros es un privilegio recordar junto a nuestro querido camarada Diego Manuel Wagner y a sus compa\u00f1eros de tripulaci\u00f3n en este s\u00e9ptimo aniversario\u201d.<\/em><\/strong><\/p>\n\n\n\n<p><\/p>\n\n\n\n<figure class=\"wp-block-image aligncenter size-full\"><img data-recalc-dims=\"1\" loading=\"lazy\" decoding=\"async\" width=\"800\" height=\"457\" src=\"https:\/\/i0.wp.com\/cdnoticias.com\/wp-content\/uploads\/2024\/11\/acto-ara-san-juan-15-noviembre-20245.jpg?resize=800%2C457&#038;ssl=1\" alt=\"\" class=\"wp-image-130422\" srcset=\"https:\/\/i0.wp.com\/cdnoticias.com\/wp-content\/uploads\/2024\/11\/acto-ara-san-juan-15-noviembre-20245.jpg?w=900&amp;ssl=1 900w, https:\/\/i0.wp.com\/cdnoticias.com\/wp-content\/uploads\/2024\/11\/acto-ara-san-juan-15-noviembre-20245.jpg?resize=300%2C171&amp;ssl=1 300w, https:\/\/i0.wp.com\/cdnoticias.com\/wp-content\/uploads\/2024\/11\/acto-ara-san-juan-15-noviembre-20245.jpg?resize=768%2C439&amp;ssl=1 768w\" sizes=\"auto, (max-width: 800px) 100vw, 800px\" \/><\/figure>\n\n\n\n<p><\/p>\n\n\n\n<blockquote class=\"wp-block-quote is-layout-flow wp-block-quote-is-layout-flow\">\n<p>\u201cEste 15 de noviembre la distancia f\u00edsica no impide que nuestros compa\u00f1eros en diferentes lugares se unan a este ceremonia con el coraz\u00f3n y el pensamiento, su presencia espiritual es una se\u00f1al del v\u00ednculo eterno que compartimos y del compromiso que asumimos con aquellos que dieron todo por la patria y por sus seres queridos\u201d, sostuvo.<\/p>\n<\/blockquote>\n\n\n\n<p><\/p>\n\n\n\n<p>Por su parte <strong>Catalina Clar <\/strong>tras agradecer a los presentes expres\u00f3 que \u201c<strong><em>hoy como padres, hermanos e hijos, amigos y compa\u00f1eros de esos h\u00e9roes rendimos homenaje no s\u00f3lo a los ca\u00eddos sino a todos aquellos que nos acompa\u00f1aron en cada paso de este doloroso viaje, a los que nunca nos abandonaron, y a quienes en silencio con palabras nos dieron fuerza para seguir, a los que abrazaron su voz cuando muchos callaron y a quienes nunca dejaron de luchar por la justicia, por la memoria y por la dignidad.\u201d<\/em><\/strong><\/p>\n\n\n\n<p><\/p>\n\n\n\n<p>\u201cGracias a quienes nos sostuvieron, a quienes nos miraron a los ojos y entendieron nuestro dolor, y a quienes sin esperar nada a cambio nos pusieron su hombro, en este camino de incertidumbre ustedes fueron el ancla que nos permiti\u00f3 no perder la esperanza\u201d, agreg\u00f3 Catalina Clar.<\/p>\n\n\n\n<p><\/p>\n\n\n\n<blockquote class=\"wp-block-quote is-layout-flow wp-block-quote-is-layout-flow\">\n<p>\u201cQue el ARA San Juan sea siempre recordado como un s\u00edmbolo de coraje, de amor y de la incansable b\u00fasqueda de justicia, y que aunque olvidemos, en las aguas m\u00e1s profundas tambi\u00e9n florecen los recuerdos m\u00e1s vivos, aquellos que nos unen y nos dan fuerza y que nos ense\u00f1an a seguir adelante, porque aunque las palabras que las olas puedan arrastrar, la luz de sus almas jam\u00e1s se extinguir\u00e1\u201d, manifest\u00f3.<\/p>\n<\/blockquote>\n\n\n\n<p><\/p>\n\n\n\n<figure class=\"wp-block-image aligncenter size-full\"><img data-recalc-dims=\"1\" loading=\"lazy\" decoding=\"async\" width=\"800\" height=\"475\" src=\"https:\/\/i0.wp.com\/cdnoticias.com\/wp-content\/uploads\/2024\/11\/acto-ara-san-juan-15-noviembre-20241.jpg?resize=800%2C475&#038;ssl=1\" alt=\"\" class=\"wp-image-130420\" srcset=\"https:\/\/i0.wp.com\/cdnoticias.com\/wp-content\/uploads\/2024\/11\/acto-ara-san-juan-15-noviembre-20241.jpg?w=900&amp;ssl=1 900w, https:\/\/i0.wp.com\/cdnoticias.com\/wp-content\/uploads\/2024\/11\/acto-ara-san-juan-15-noviembre-20241.jpg?resize=300%2C178&amp;ssl=1 300w, https:\/\/i0.wp.com\/cdnoticias.com\/wp-content\/uploads\/2024\/11\/acto-ara-san-juan-15-noviembre-20241.jpg?resize=768%2C456&amp;ssl=1 768w\" sizes=\"auto, (max-width: 800px) 100vw, 800px\" \/><\/figure>\n\n\n\n<p><\/p>\n\n\n\n<p>Por \u00faltimo reconoci\u00f3 que en el d\u00eda de ayer<strong> se aprob\u00f3 con unanimidad en el Concejo Deliberante<\/strong> &#8220;<strong>por iniciativa propia de vecinos de<\/strong> <strong>poner el nombre del ARA San Juan a un barrio de la ciudad<\/strong> que sin saberlo en esos mismo terrenos Diego dio sus primeros pasos, jug\u00f3 con su triciclo, su primer pelota y su primer barrilete\u201d.<\/p>\n\n\n\n<p><\/p>\n\n\n\n<p>Sobre el final, <strong>el intendente Maximiliano Wesner<\/strong> <strong><em>\u201csignifica much\u00edsimo para nosotros, para los olavarrienses, porque Diego era un vecino de nuestra comunidad y es un vecino de nuestra comunidad porque hoy nos est\u00e1 acompa\u00f1ando junto a los 43 tripulantes que lo acompa\u00f1aban ese 15 de noviembre del 2017 en que despareci\u00f3\u201d.<\/em><\/strong><\/p>\n\n\n\n<p><\/p>\n\n\n\n<blockquote class=\"wp-block-quote is-layout-flow wp-block-quote-is-layout-flow\">\n<p>\u201cTenemos que reflexionar sobre esa fecha, sobre lo que viene, invito a que este lugar no sea solamente un sitio de la memoria, este lugar debe ser un sitio de la dignidad, de la memoria y de la justicia, este lugar es el lugar que conmemoramos todos los 15 de noviembre a nuestro compatriotas que lucharon y dieron la vida por una convicci\u00f3n, de cuidar nuestro Mar Argentino, nuestros recursos, la convicci\u00f3n mediante la cual ingresaron a la escuela y pudieron concretar un sue\u00f1o que no tuvo que ver con alcanzar un destino propio, sino que un sue\u00f1o muy solidario que tiene que ver con representar a todos nosotros los 47 millones de argentinos y argentina que habitamos en esta tierra\u201d agreg\u00f3 Wesner.\u00a0<\/p>\n<\/blockquote>\n\n\n\n<p><\/p>\n\n\n\n<p>El acto finaliz\u00f3 con la entonaci\u00f3n de la marcha de la Armada. Tras ello se realiz\u00f3 una <strong>recorrida por la muestra S-42 en el Museo Municipal \u201cHermanos Emiliozzi\u201d,<\/strong> una exposici\u00f3n que rinde homenaje al Capit\u00e1n de Corbeta (PM) Diego Wagner Clar y a los 43 tripulantes del ARA San Juan.<\/p>\n\n\n\n<p><\/p>\n\n\n\n<p><\/p>\n\n\n\n<figure class=\"wp-block-image aligncenter size-full\"><img data-recalc-dims=\"1\" loading=\"lazy\" decoding=\"async\" width=\"800\" height=\"426\" src=\"https:\/\/i0.wp.com\/cdnoticias.com\/wp-content\/uploads\/2024\/11\/acto-ara-san-juan-15-noviembre-20242.jpg?resize=800%2C426&#038;ssl=1\" alt=\"\" class=\"wp-image-130421\" srcset=\"https:\/\/i0.wp.com\/cdnoticias.com\/wp-content\/uploads\/2024\/11\/acto-ara-san-juan-15-noviembre-20242.jpg?w=900&amp;ssl=1 900w, https:\/\/i0.wp.com\/cdnoticias.com\/wp-content\/uploads\/2024\/11\/acto-ara-san-juan-15-noviembre-20242.jpg?resize=300%2C160&amp;ssl=1 300w, https:\/\/i0.wp.com\/cdnoticias.com\/wp-content\/uploads\/2024\/11\/acto-ara-san-juan-15-noviembre-20242.jpg?resize=768%2C409&amp;ssl=1 768w\" sizes=\"auto, (max-width: 800px) 100vw, 800px\" \/><\/figure>\n","protected":false},"excerpt":{"rendered":"<p>Se llev\u00f3 a cabo este viernes 15 de noviembre en Hinojo donde se descubri\u00f3 una placa que recuerda el tr\u00e1gico<\/p>\n","protected":false},"author":6,"featured_media":130423,"comment_status":"closed","ping_status":"closed","sticky":false,"template":"","format":"standard","meta":{"_jetpack_memberships_contains_paid_content":false,"footnotes":""},"categories":[5,1],"tags":[],"class_list":["post-130417","post","type-post","status-publish","format-standard","has-post-thumbnail","hentry","category-informacion-general","category-portada"],"jetpack_featured_media_url":"https:\/\/i0.wp.com\/cdnoticias.com\/wp-content\/uploads\/2024\/11\/acto-ara-san-juan-15-noviembre-20246.jpg?fit=900%2C516&ssl=1","jetpack_sharing_enabled":true,"_links":{"self":[{"href":"https:\/\/cdnoticias.com\/index.php\/wp-json\/wp\/v2\/posts\/130417","targetHints":{"allow":["GET"]}}],"collection":[{"href":"https:\/\/cdnoticias.com\/index.php\/wp-json\/wp\/v2\/posts"}],"about":[{"href":"https:\/\/cdnoticias.com\/index.php\/wp-json\/wp\/v2\/types\/post"}],"author":[{"embeddable":true,"href":"https:\/\/cdnoticias.com\/index.php\/wp-json\/wp\/v2\/users\/6"}],"replies":[{"embeddable":true,"href":"https:\/\/cdnoticias.com\/index.php\/wp-json\/wp\/v2\/comments?post=130417"}],"version-history":[{"count":0,"href":"https:\/\/cdnoticias.com\/index.php\/wp-json\/wp\/v2\/posts\/130417\/revisions"}],"wp:featuredmedia":[{"embeddable":true,"href":"https:\/\/cdnoticias.com\/index.php\/wp-json\/wp\/v2\/media\/130423"}],"wp:attachment":[{"href":"https:\/\/cdnoticias.com\/index.php\/wp-json\/wp\/v2\/media?parent=130417"}],"wp:term":[{"taxonomy":"category","embeddable":true,"href":"https:\/\/cdnoticias.com\/index.php\/wp-json\/wp\/v2\/categories?post=130417"},{"taxonomy":"post_tag","embeddable":true,"href":"https:\/\/cdnoticias.com\/index.php\/wp-json\/wp\/v2\/tags?post=130417"}],"curies":[{"name":"wp","href":"https:\/\/api.w.org\/{rel}","templated":true}]}}