{"id":130414,"date":"2024-11-15T16:32:16","date_gmt":"2024-11-15T19:32:16","guid":{"rendered":"https:\/\/cdnoticias.com\/?p=130414"},"modified":"2024-11-15T19:00:31","modified_gmt":"2024-11-15T22:00:31","slug":"robo-una-bicicleta-fuera-del-banco-provincia-en-hinojo-y-fue-atrapado-en-la-zona-rural","status":"publish","type":"post","link":"https:\/\/cdnoticias.com\/index.php\/2024\/11\/15\/robo-una-bicicleta-fuera-del-banco-provincia-en-hinojo-y-fue-atrapado-en-la-zona-rural\/","title":{"rendered":"Rob\u00f3 una bicicleta fuera del Banco Provincia en Hinojo y fue atrapado en la zona rural"},"content":{"rendered":"\n<p>Fue este viernes. El hecho se registr\u00f3 fuera de la sede bancaria y fue atrapado en prolongaci\u00f3n de avenida Mitre.<\/p>\n\n\n\n<hr class=\"wp-block-separator aligncenter has-alpha-channel-opacity\"\/>\n\n\n\n<p>Este viernes, personal de la subcomisar\u00eda de Hinojo<strong> aprehendi\u00f3 a un hombre de 48 a\u00f1os que fue atrapado luego de robar una bicicleta rodado 26 afuera de la sede del Banco Provincia de la localidad del Partido.<\/strong><\/p>\n\n\n\n<p>El hecho se produjo cuando el hombre <strong>se llev\u00f3 una bicileta Zenith rodado 26 roja, y el due\u00f1o se percat\u00f3 del faltante.<\/strong><\/p>\n\n\n\n<p>All\u00ed, personal policial comenz\u00f3 r\u00e1pidamente la b\u00fasqueda \u2013en conjunto con el Comando de Patrullas- <strong>hasta que detectaron, en la prolongaci\u00f3n de avenida Mitre (ya en zona rural) al hombre que llevaba la bicicleta.<\/strong><\/p>\n\n\n\n<p>Fue trasladado a la subcomisar\u00eda de la localidad donde qued\u00f3 a disposici\u00f3n de la fiscal Paula Serrano, titular de la UFI N\u00b04. <strong>Ahora enfrenta cargos por \u201cHurto infraganti delito en grado de tentativa\u201d.<\/strong><\/p>\n","protected":false},"excerpt":{"rendered":"<p>Fue este viernes. El hecho se registr\u00f3 fuera de la sede bancaria y fue atrapado en prolongaci\u00f3n de avenida Mitre.<\/p>\n","protected":false},"author":2,"featured_media":130415,"comment_status":"closed","ping_status":"closed","sticky":false,"template":"","format":"standard","meta":{"_jetpack_memberships_contains_paid_content":false,"footnotes":""},"categories":[14,1],"tags":[],"class_list":["post-130414","post","type-post","status-publish","format-standard","has-post-thumbnail","hentry","category-policiales","category-portada"],"jetpack_featured_media_url":"https:\/\/i0.wp.com\/cdnoticias.com\/wp-content\/uploads\/2024\/11\/WhatsApp-Image-2024-11-15-at-16.19.26-rotated-e1731699124848.jpeg?fit=1005%2C571&ssl=1","jetpack_sharing_enabled":true,"_links":{"self":[{"href":"https:\/\/cdnoticias.com\/index.php\/wp-json\/wp\/v2\/posts\/130414","targetHints":{"allow":["GET"]}}],"collection":[{"href":"https:\/\/cdnoticias.com\/index.php\/wp-json\/wp\/v2\/posts"}],"about":[{"href":"https:\/\/cdnoticias.com\/index.php\/wp-json\/wp\/v2\/types\/post"}],"author":[{"embeddable":true,"href":"https:\/\/cdnoticias.com\/index.php\/wp-json\/wp\/v2\/users\/2"}],"replies":[{"embeddable":true,"href":"https:\/\/cdnoticias.com\/index.php\/wp-json\/wp\/v2\/comments?post=130414"}],"version-history":[{"count":0,"href":"https:\/\/cdnoticias.com\/index.php\/wp-json\/wp\/v2\/posts\/130414\/revisions"}],"wp:featuredmedia":[{"embeddable":true,"href":"https:\/\/cdnoticias.com\/index.php\/wp-json\/wp\/v2\/media\/130415"}],"wp:attachment":[{"href":"https:\/\/cdnoticias.com\/index.php\/wp-json\/wp\/v2\/media?parent=130414"}],"wp:term":[{"taxonomy":"category","embeddable":true,"href":"https:\/\/cdnoticias.com\/index.php\/wp-json\/wp\/v2\/categories?post=130414"},{"taxonomy":"post_tag","embeddable":true,"href":"https:\/\/cdnoticias.com\/index.php\/wp-json\/wp\/v2\/tags?post=130414"}],"curies":[{"name":"wp","href":"https:\/\/api.w.org\/{rel}","templated":true}]}}