{"id":130401,"date":"2024-11-15T19:00:14","date_gmt":"2024-11-15T22:00:14","guid":{"rendered":"https:\/\/cdnoticias.com\/?p=130401"},"modified":"2024-11-15T20:18:43","modified_gmt":"2024-11-15T23:18:43","slug":"el-municipio-invertira-140-millones-de-pesos-en-mejoras-en-la-escuela-4","status":"publish","type":"post","link":"https:\/\/cdnoticias.com\/index.php\/2024\/11\/15\/el-municipio-invertira-140-millones-de-pesos-en-mejoras-en-la-escuela-4\/","title":{"rendered":"El Municipio invertir\u00e1 140 millones de pesos en mejoras en la Escuela 4"},"content":{"rendered":"<p>La apertura de ofertas se program\u00f3 para el 4 de diciembre. Se construir\u00e1 una cocina nueva y se planificaron refacciones en aulas en dos etapas de trabajos.<!--more--><\/p>\n<hr \/>\n<p>La <strong>Secretar\u00eda de Obras P\u00fablicas, Infraestructura y Servicios P\u00fablicos<\/strong> de la Municipalidad llam\u00f3 a la<strong> licitaci\u00f3n p\u00fablica N\u00ba 22<\/strong> para realizar <strong>refacciones en el edificio de la Escuela N\u00ba 4.<\/strong><\/p>\n<blockquote><p>El presupuesto oficial es de 139.999.314 de pesos. Los pliegos ya est\u00e1n a la venta. La apertura de ofertas se program\u00f3 para el 4 de diciembre a las 10 en el Palacio San Mart\u00edn.<\/p><\/blockquote>\n<p>En la sede de San Mart\u00edn 2053 los <strong>trabajos incluyen demoliciones, arreglos y construcciones<\/strong>. Se planific\u00f3 <strong>construir una cocina nueva<\/strong>, <strong>refacciones en aulas<\/strong>, <strong>demolici\u00f3n de muros<\/strong> y construcci\u00f3n de semicubiertos y techos, solados; adem\u00e1s de instalaciones y trabajos de terminaciones.<\/p>\n<p>En una <strong>primera etapa<\/strong> de trabajos se comprenden la refacci\u00f3n completa del ba\u00f1o de docentes, arreglos del hall de ingreso, de la Direcci\u00f3n y de las aulas sobre la calle Chacabuco. Asimismo se contemplan obras sobre la vereda de la calle San Mart\u00edn.<\/p>\n<p>En la <strong>segunda etapa<\/strong> de obra se reformar\u00e1n cinco aulas y el sector de ba\u00f1os de estudiantes, se construir\u00e1n la nueva cocina y un aula en la planta alta. Adem\u00e1s, se modificar\u00e1n las galer\u00edas del patio, mejoras en el SUM y el reemplazo de techos en distintos sectores de planta baja y primer piso. El detalle de trabajos incluye otras tareas de mejoras y mantenimiento en el edificio.<\/p>\n<p>El <strong>plazo<\/strong> para realizar las refacciones es de<strong> 245 d\u00edas -unos 8 meses-<\/strong> desde el inicio de obra.<\/p>\n","protected":false},"excerpt":{"rendered":"<p>La apertura de ofertas se program\u00f3 para el 4 de diciembre. Se construir\u00e1 una cocina nueva y se planificaron refacciones<\/p>\n","protected":false},"author":4,"featured_media":46134,"comment_status":"closed","ping_status":"closed","sticky":false,"template":"","format":"standard","meta":{"_jetpack_memberships_contains_paid_content":false,"footnotes":""},"categories":[5,1],"tags":[],"class_list":["post-130401","post","type-post","status-publish","format-standard","has-post-thumbnail","hentry","category-informacion-general","category-portada"],"jetpack_featured_media_url":"https:\/\/i0.wp.com\/cdnoticias.com\/wp-content\/uploads\/2022\/02\/escuela-4.jpg?fit=973%2C517&ssl=1","jetpack_sharing_enabled":true,"_links":{"self":[{"href":"https:\/\/cdnoticias.com\/index.php\/wp-json\/wp\/v2\/posts\/130401","targetHints":{"allow":["GET"]}}],"collection":[{"href":"https:\/\/cdnoticias.com\/index.php\/wp-json\/wp\/v2\/posts"}],"about":[{"href":"https:\/\/cdnoticias.com\/index.php\/wp-json\/wp\/v2\/types\/post"}],"author":[{"embeddable":true,"href":"https:\/\/cdnoticias.com\/index.php\/wp-json\/wp\/v2\/users\/4"}],"replies":[{"embeddable":true,"href":"https:\/\/cdnoticias.com\/index.php\/wp-json\/wp\/v2\/comments?post=130401"}],"version-history":[{"count":0,"href":"https:\/\/cdnoticias.com\/index.php\/wp-json\/wp\/v2\/posts\/130401\/revisions"}],"wp:featuredmedia":[{"embeddable":true,"href":"https:\/\/cdnoticias.com\/index.php\/wp-json\/wp\/v2\/media\/46134"}],"wp:attachment":[{"href":"https:\/\/cdnoticias.com\/index.php\/wp-json\/wp\/v2\/media?parent=130401"}],"wp:term":[{"taxonomy":"category","embeddable":true,"href":"https:\/\/cdnoticias.com\/index.php\/wp-json\/wp\/v2\/categories?post=130401"},{"taxonomy":"post_tag","embeddable":true,"href":"https:\/\/cdnoticias.com\/index.php\/wp-json\/wp\/v2\/tags?post=130401"}],"curies":[{"name":"wp","href":"https:\/\/api.w.org\/{rel}","templated":true}]}}