{"id":130393,"date":"2024-11-15T11:09:46","date_gmt":"2024-11-15T14:09:46","guid":{"rendered":"https:\/\/cdnoticias.com\/?p=130393"},"modified":"2024-11-15T11:09:48","modified_gmt":"2024-11-15T14:09:48","slug":"continua-puentes-literarios-un-encuentro-de-escritores-en-olavarria","status":"publish","type":"post","link":"https:\/\/cdnoticias.com\/index.php\/2024\/11\/15\/continua-puentes-literarios-un-encuentro-de-escritores-en-olavarria\/","title":{"rendered":"Contin\u00faa &#8220;Puentes literarios&#8221;, un encuentro de escritores en Olavarr\u00eda"},"content":{"rendered":"\n<p>Se trata de una propuesta para compartir momentos con escritores y escritoras locales y de distintas ciudades de la regi\u00f3n.<\/p>\n\n\n\n<hr class=\"wp-block-separator has-alpha-channel-opacity\"\/>\n\n\n\n<p>Desde este jueves se lleva a cabo un encuentro titulado <strong>\u201cPuentes literarios, en la ciudad de los puentes\u201d<\/strong>, que naci\u00f3 a trav\u00e9s de encuentros virtuales entre escritores de distintos puntos del pa\u00eds.<\/p>\n\n\n\n<p><\/p>\n\n\n\n<p>En el marco del <strong>mes aniversario de la ciudad de Olavarr\u00eda<\/strong>, el encuentro propone compartir diversos momentos literarios con escritores y escritoras locales y de distintas ciudades de la regi\u00f3n.<\/p>\n\n\n\n<p><\/p>\n\n\n\n<p>Con el objetivo de <strong>intercambiar experiencias entre los participantes y de esta forma enriquecer actividad literaria<\/strong> para todos, propiciar la venta de libros y brindar una oportunidad de conocer escritores que no hayan editado ninguno y dar a conocer lo que cada uno escribe, se ha previsto un variado cronograma.<\/p>\n\n\n\n<p><\/p>\n\n\n\n<figure class=\"wp-block-image size-full\"><img data-recalc-dims=\"1\" loading=\"lazy\" decoding=\"async\" width=\"800\" height=\"445\" src=\"https:\/\/i0.wp.com\/cdnoticias.com\/wp-content\/uploads\/2024\/11\/puentes-literarios-encuentro-02.jpg?resize=800%2C445&#038;ssl=1\" alt=\"\" class=\"wp-image-130395\" srcset=\"https:\/\/i0.wp.com\/cdnoticias.com\/wp-content\/uploads\/2024\/11\/puentes-literarios-encuentro-02.jpg?w=800&amp;ssl=1 800w, https:\/\/i0.wp.com\/cdnoticias.com\/wp-content\/uploads\/2024\/11\/puentes-literarios-encuentro-02.jpg?resize=300%2C167&amp;ssl=1 300w, https:\/\/i0.wp.com\/cdnoticias.com\/wp-content\/uploads\/2024\/11\/puentes-literarios-encuentro-02.jpg?resize=768%2C427&amp;ssl=1 768w\" sizes=\"auto, (max-width: 800px) 100vw, 800px\" \/><\/figure>\n\n\n\n<p><\/p>\n\n\n\n<p><strong>Viernes 15 de noviembre<\/strong><\/p>\n\n\n\n<p><\/p>\n\n\n\n<p>14:30 horas: Sede: Biblioteca Del otro lado del \u00c1rbol: Merienda literaria infantil, a cargo de la escritora de Lobos Paola M\u00e1rsico y su libro \u201cEl Rey alfajor\u201d<\/p>\n\n\n\n<p><\/p>\n\n\n\n<p>18:00 horas: Sede: Auditorio Centro Cultural Municipal \u201cSan Jos\u00e9\u201d<\/p>\n\n\n\n<p><\/p>\n\n\n\n<p>Presentaciones de escritores y sus libros (cupos limitados y moderando los tiempos)<\/p>\n\n\n\n<p><\/p>\n\n\n\n<p>Presentaci\u00f3n del grupo Ola Rosa (vinculaci\u00f3n con una producci\u00f3n literaria)<\/p>\n\n\n\n<p><\/p>\n\n\n\n<p>Ronda de lectura (cupos limitados y moderaci\u00f3n de los tiempos)<\/p>\n\n\n\n<p><\/p>\n\n\n\n<p>21:30 horas: Cena de camarader\u00eda. Animaci\u00f3n musical de Gabriel Aqueveque.<\/p>\n\n\n\n<p><\/p>\n\n\n\n<figure class=\"wp-block-image size-full\"><img data-recalc-dims=\"1\" loading=\"lazy\" decoding=\"async\" width=\"800\" height=\"445\" src=\"https:\/\/i0.wp.com\/cdnoticias.com\/wp-content\/uploads\/2024\/11\/puentes-literarios-encuentro-01.jpg?resize=800%2C445&#038;ssl=1\" alt=\"\" class=\"wp-image-130396\" srcset=\"https:\/\/i0.wp.com\/cdnoticias.com\/wp-content\/uploads\/2024\/11\/puentes-literarios-encuentro-01.jpg?w=800&amp;ssl=1 800w, https:\/\/i0.wp.com\/cdnoticias.com\/wp-content\/uploads\/2024\/11\/puentes-literarios-encuentro-01.jpg?resize=300%2C167&amp;ssl=1 300w, https:\/\/i0.wp.com\/cdnoticias.com\/wp-content\/uploads\/2024\/11\/puentes-literarios-encuentro-01.jpg?resize=768%2C427&amp;ssl=1 768w\" sizes=\"auto, (max-width: 800px) 100vw, 800px\" \/><\/figure>\n\n\n\n<p><\/p>\n\n\n\n<p><strong>S\u00e1bado 16 de noviembre<\/strong><\/p>\n\n\n\n<p><\/p>\n\n\n\n<p>16:00 horas<\/p>\n\n\n\n<p>Caminata guiada desde la Casa del Bicentenario, por la vera del arroyo, poniendo en valor los puentes y dem\u00e1s iconos arquitect\u00f3nicos y culturales.<\/p>\n\n\n\n<p><\/p>\n\n\n\n<p>18:00 horas<\/p>\n\n\n\n<p>Sede: Centro Cultural Municipal \u201cSan Jos\u00e9\u201d<\/p>\n\n\n\n<p>\u2013 Ronda de lectura en la biblioteca del IIAO, conversatorio y mateada (escritores locales).<\/p>\n\n\n\n<p>\u2013 Presentaci\u00f3n de escritores (locales y visitantes) con libros a la venta, en Sede: Auditorio del Centro Cultural Municipal \u201cSan Jos\u00e9\u201d<\/p>\n\n\n\n<p>\u2013 Ronda de lectura de escritores locales (de Talleres Alfonsina) sin libros editados, en Auditorio.<\/p>\n\n\n\n<p>\u2013 Participaci\u00f3n del Coro Encuentro de voces \u201cMi Tierra\u201d dirigido por M\u00f3nica Badoglio y Adriana Saravia.<\/p>\n\n\n\n<p><\/p>\n\n\n\n<p>Este proyecto surge por la iniciativa de Silvana Pennacchioni (integrante de la Agrupaci\u00f3n Escritores Olavarrienses), con la colaboraci\u00f3n de Mar\u00eda Delia Barbato, Marisa Martin, Marcos Rodr\u00edguez, Nora Soll\u00e9, Noelia Fern\u00e1ndez, Graciela M\u00f3naco, Karina Robbiani, Patricia Timo, Marcela Heinrich y el apoyo de: Paola M\u00e1rsico (escritora de Lobos), Rolando Paciente (escritor de Ca\u00f1uelas) y de la Agrupaci\u00f3n Escritores Olavarrienses (AEO) y cuenta adem\u00e1s con el apoyo del Municipio de Olavarr\u00eda.<\/p>\n\n\n\n<p><\/p>\n","protected":false},"excerpt":{"rendered":"<p>Se trata de una propuesta para compartir momentos con escritores y escritoras locales y de distintas ciudades de la regi\u00f3n.<\/p>\n","protected":false},"author":2,"featured_media":130394,"comment_status":"closed","ping_status":"closed","sticky":false,"template":"","format":"standard","meta":{"_jetpack_memberships_contains_paid_content":false,"footnotes":""},"categories":[9,1],"tags":[],"class_list":["post-130393","post","type-post","status-publish","format-standard","has-post-thumbnail","hentry","category-cultura","category-portada"],"jetpack_featured_media_url":"https:\/\/i0.wp.com\/cdnoticias.com\/wp-content\/uploads\/2024\/11\/puentes-literarios-encuentro-03.jpg?fit=800%2C445&ssl=1","jetpack_sharing_enabled":true,"_links":{"self":[{"href":"https:\/\/cdnoticias.com\/index.php\/wp-json\/wp\/v2\/posts\/130393","targetHints":{"allow":["GET"]}}],"collection":[{"href":"https:\/\/cdnoticias.com\/index.php\/wp-json\/wp\/v2\/posts"}],"about":[{"href":"https:\/\/cdnoticias.com\/index.php\/wp-json\/wp\/v2\/types\/post"}],"author":[{"embeddable":true,"href":"https:\/\/cdnoticias.com\/index.php\/wp-json\/wp\/v2\/users\/2"}],"replies":[{"embeddable":true,"href":"https:\/\/cdnoticias.com\/index.php\/wp-json\/wp\/v2\/comments?post=130393"}],"version-history":[{"count":0,"href":"https:\/\/cdnoticias.com\/index.php\/wp-json\/wp\/v2\/posts\/130393\/revisions"}],"wp:featuredmedia":[{"embeddable":true,"href":"https:\/\/cdnoticias.com\/index.php\/wp-json\/wp\/v2\/media\/130394"}],"wp:attachment":[{"href":"https:\/\/cdnoticias.com\/index.php\/wp-json\/wp\/v2\/media?parent=130393"}],"wp:term":[{"taxonomy":"category","embeddable":true,"href":"https:\/\/cdnoticias.com\/index.php\/wp-json\/wp\/v2\/categories?post=130393"},{"taxonomy":"post_tag","embeddable":true,"href":"https:\/\/cdnoticias.com\/index.php\/wp-json\/wp\/v2\/tags?post=130393"}],"curies":[{"name":"wp","href":"https:\/\/api.w.org\/{rel}","templated":true}]}}