{"id":130371,"date":"2024-11-15T09:32:31","date_gmt":"2024-11-15T12:32:31","guid":{"rendered":"https:\/\/cdnoticias.com\/?p=130371"},"modified":"2024-11-15T13:20:02","modified_gmt":"2024-11-15T16:20:02","slug":"fiesta-provincial-de-teatro-en-olavarria-que-obras-ver-este-viernes","status":"publish","type":"post","link":"https:\/\/cdnoticias.com\/index.php\/2024\/11\/15\/fiesta-provincial-de-teatro-en-olavarria-que-obras-ver-este-viernes\/","title":{"rendered":"Fiesta Provincial de Teatro en Olavarr\u00eda: \u00bfQu\u00e9 obras ver este viernes?"},"content":{"rendered":"\n<p>El encuentro se extiende hasta el 16 de noviembre, con entrada libre y gratuita, en cuatro espacios teatrales.<\/p>\n\n\n\n<hr class=\"wp-block-separator has-alpha-channel-opacity\"\/>\n\n\n\n<p>El Consejo Provincial de Teatro Independiente (CPTI), perteneciente al Instituto Cultural de la Provincia de Buenos Aires, en conjunto con el Instituto Nacional del Teatro (INT) y el Municipio de Olavarr\u00eda llevan adelante la 38\u00b0 Fiesta Provincial de Teatro.<\/p>\n\n\n\n<p><\/p>\n\n\n\n<p>El evento comenz\u00f3 el martes y se extender\u00e1 hasta el s\u00e1bado 16 de noviembre y este a\u00f1o nuestra ciudad ser\u00e1 la anfitriona.<\/p>\n\n\n\n<p><\/p>\n\n\n\n<p>El encuentro que re\u00fane al teatro independiente bonaerense tendr\u00e1 20 funciones y 120 artistas, con entrada libre y gratuita que podr\u00e1n retirar en cada sede una hora antes de la funci\u00f3n.<\/p>\n\n\n\n<p><\/p>\n\n\n\n<p><strong>Las obras de este viernes:<\/strong><\/p>\n\n\n\n<p><\/p>\n\n\n\n<p><strong>SAN NICOL\u00c1S- REGI\u00d3N 14<br>Unheimliche<br>11:00 Chamula (Maip\u00fa 3756)<\/strong><\/p>\n\n\n\n<p><\/p>\n\n\n\n<p><strong>Sinopsis: <\/strong>Unheimliche (concepto alem\u00e1n que en se traduce al castellano como \u201clo siniestro\u201d) propone un tiempo no lineal que suspende conceptos como pasado, presente o futuro, ya que habla desde la memoria y \u00e9sta no tiene un discurso continuo.<\/p>\n\n\n\n<p><\/p>\n\n\n\n<p>Se apoya en la potencia de las im\u00e1genes que desnudan la violencia que subyace en determinados acontecimientos de la vida.<\/p>\n\n\n\n<p><\/p>\n\n\n\n<figure class=\"wp-block-image size-full\"><img data-recalc-dims=\"1\" loading=\"lazy\" decoding=\"async\" width=\"800\" height=\"445\" src=\"https:\/\/i0.wp.com\/cdnoticias.com\/wp-content\/uploads\/2024\/11\/teatro-provincial-02-1.jpg?resize=800%2C445&#038;ssl=1\" alt=\"\" class=\"wp-image-130374\" srcset=\"https:\/\/i0.wp.com\/cdnoticias.com\/wp-content\/uploads\/2024\/11\/teatro-provincial-02-1.jpg?w=800&amp;ssl=1 800w, https:\/\/i0.wp.com\/cdnoticias.com\/wp-content\/uploads\/2024\/11\/teatro-provincial-02-1.jpg?resize=300%2C167&amp;ssl=1 300w, https:\/\/i0.wp.com\/cdnoticias.com\/wp-content\/uploads\/2024\/11\/teatro-provincial-02-1.jpg?resize=768%2C427&amp;ssl=1 768w\" sizes=\"auto, (max-width: 800px) 100vw, 800px\" \/><\/figure>\n\n\n\n<p><\/p>\n\n\n\n<p><strong>GENERAL SAN MART\u00cdN- REGI\u00d3N 2<br>Dos pedazos de tierra<br>13:00 Centro Cultural Sierras Bayas (Colombo y Julio Roca)<\/strong><\/p>\n\n\n\n<p><\/p>\n\n\n\n<p><strong>Sinopsis:<\/strong> \u201cDos pedazos de tierra\u201d, es una intervenci\u00f3n perform\u00e1tica contra la guerra, contra el olvido, contra la muerte pero tambi\u00e9n contra la injusticia en todas sus formas.<\/p>\n\n\n\n<p><\/p>\n\n\n\n<p>\u201cDos pedazos de tierra\u201d es una intervenci\u00f3n perform\u00e1tica contra la guerra, contra el olvido, un peque\u00f1o homenaje a aquellos j\u00f3venes que perdieron la vida en el frente, a los muchos otros que perdieron la vida despu\u00e9s, en un pa\u00eds demasiado acostumbrado a mirar hacia otro lado.<\/p>\n\n\n\n<p><\/p>\n\n\n\n<figure class=\"wp-block-image size-full\"><img data-recalc-dims=\"1\" loading=\"lazy\" decoding=\"async\" width=\"800\" height=\"445\" src=\"https:\/\/i0.wp.com\/cdnoticias.com\/wp-content\/uploads\/2024\/11\/teatro-provincial-03-1.jpg?resize=800%2C445&#038;ssl=1\" alt=\"\" class=\"wp-image-130375\" srcset=\"https:\/\/i0.wp.com\/cdnoticias.com\/wp-content\/uploads\/2024\/11\/teatro-provincial-03-1.jpg?w=800&amp;ssl=1 800w, https:\/\/i0.wp.com\/cdnoticias.com\/wp-content\/uploads\/2024\/11\/teatro-provincial-03-1.jpg?resize=300%2C167&amp;ssl=1 300w, https:\/\/i0.wp.com\/cdnoticias.com\/wp-content\/uploads\/2024\/11\/teatro-provincial-03-1.jpg?resize=768%2C427&amp;ssl=1 768w\" sizes=\"auto, (max-width: 800px) 100vw, 800px\" \/><\/figure>\n\n\n\n<p><\/p>\n\n\n\n<p><strong>LA PLATA- REGI\u00d3N 8<br>La zanja &#8211; De h\u00e9rues olvidados<br>17:00 Chamula (Maip\u00fa 3756)<\/strong><\/p>\n\n\n\n<p><\/p>\n\n\n\n<p><strong>Sinopsis: <\/strong>Abandonados en la frontera contra los salvajes, Naranjo y Pochoclo cavan una zanja que divide el pa\u00eds en dos: de un lado, el tiempo arcaico y del otro, el tiempo del progreso, del avance.<\/p>\n\n\n\n<p><\/p>\n\n\n\n<p>Frente a la desolaci\u00f3n, el sue\u00f1o de ser pr\u00f3ceres los motiva a poner en marcha la construcci\u00f3n de un riachuelo defensivo artesanal para contrarrestar la indiada e impedir el avance de los salvajes. Fantas\u00eda y realidad se entremezclan en la ternura de un crudo relato.<\/p>\n\n\n\n<p><\/p>\n\n\n\n<figure class=\"wp-block-image size-full\"><img data-recalc-dims=\"1\" loading=\"lazy\" decoding=\"async\" width=\"800\" height=\"445\" src=\"https:\/\/i0.wp.com\/cdnoticias.com\/wp-content\/uploads\/2024\/11\/teatro-provincial-04-1.jpg?resize=800%2C445&#038;ssl=1\" alt=\"\" class=\"wp-image-130376\" srcset=\"https:\/\/i0.wp.com\/cdnoticias.com\/wp-content\/uploads\/2024\/11\/teatro-provincial-04-1.jpg?w=800&amp;ssl=1 800w, https:\/\/i0.wp.com\/cdnoticias.com\/wp-content\/uploads\/2024\/11\/teatro-provincial-04-1.jpg?resize=300%2C167&amp;ssl=1 300w, https:\/\/i0.wp.com\/cdnoticias.com\/wp-content\/uploads\/2024\/11\/teatro-provincial-04-1.jpg?resize=768%2C427&amp;ssl=1 768w\" sizes=\"auto, (max-width: 800px) 100vw, 800px\" \/><\/figure>\n\n\n\n<p><\/p>\n\n\n\n<p><strong>LA PLATA- REGI\u00d3N 8<br>An\u00e9monas. Un plan imperfecto<br>19:30 Punto de Giro (Maip\u00fa 3428)<\/strong><\/p>\n\n\n\n<p><\/p>\n\n\n\n<p><strong>Sinopsis:<\/strong> Dos mujeres trabajan en una casa como servicio dom\u00e9stico. Planean diferentes estrategias para deshacerse de su patrona con el fin de ser due\u00f1as de sus vidas.<\/p>\n\n\n\n<p><\/p>\n\n\n\n<figure class=\"wp-block-image size-full\"><img data-recalc-dims=\"1\" loading=\"lazy\" decoding=\"async\" width=\"800\" height=\"445\" src=\"https:\/\/i0.wp.com\/cdnoticias.com\/wp-content\/uploads\/2024\/11\/teatro-provincial-05.jpg?resize=800%2C445&#038;ssl=1\" alt=\"\" class=\"wp-image-130377\" srcset=\"https:\/\/i0.wp.com\/cdnoticias.com\/wp-content\/uploads\/2024\/11\/teatro-provincial-05.jpg?w=800&amp;ssl=1 800w, https:\/\/i0.wp.com\/cdnoticias.com\/wp-content\/uploads\/2024\/11\/teatro-provincial-05.jpg?resize=300%2C167&amp;ssl=1 300w, https:\/\/i0.wp.com\/cdnoticias.com\/wp-content\/uploads\/2024\/11\/teatro-provincial-05.jpg?resize=768%2C427&amp;ssl=1 768w\" sizes=\"auto, (max-width: 800px) 100vw, 800px\" \/><\/figure>\n\n\n\n<p><\/p>\n\n\n\n<p><strong>SALADILLO- REGI\u00d3N 7<br>Ensayo de una cat\u00e1strofe<br>21:00 Chamula (Maip\u00fa 3756)<\/strong><\/p>\n\n\n\n<p><\/p>\n\n\n\n<p><strong>Sinopsis: <\/strong>&#8220;Ensayo de una cat\u00e1strofe\u201d, nace por medio del cuestionamiento a las formas de crear que tradicionalmente se han utilizado en el circo, pregunt\u00e1ndole a este: \u00bfQu\u00e9 pasar\u00eda si evidenciamos las necesidades f\u00edsicas de los artistas y los elementos t\u00e9cnicos que requiere un espect\u00e1culo de circo?<\/p>\n\n\n\n<p><\/p>\n\n\n\n<p>En los ensayos, lugar de prueba y creaci\u00f3n, buscamos las respuestas. All\u00ed el polvo de magnesio, elemento t\u00edpico de la disciplina del mano a mano, dej\u00f3 de usarse s\u00f3lo para realizar la haza\u00f1a.<\/p>\n\n\n\n<p><\/p>\n\n\n\n<p>El espacio circular, se pens\u00f3 con la intenci\u00f3n de que los espectadores tengan distintos puntos de vista. La t\u00e9cnica se puso al servicio de la escena y los acr\u00f3batas empezaron a mostrar sin temor a ser juzgados, la fatiga, el cansancio y el sudor inevitable.<\/p>\n\n\n\n<p><\/p>\n\n\n\n<p>A ra\u00edz de esto, nos surgi\u00f3 un nuevo interrogante: \u00bfQu\u00e9 del circo sigue ah\u00ed? \u00bd kg de polvo de magnesio y los cuerpos de dos acr\u00f3batas ubicados en un espacio de 360 \u00b0 toman el centro de la escena, para construir met\u00e1foras visuales inspiradas en la imagen del derrumbe de un edificio y en las emociones que predominan en las personas cuando se acerca una cat\u00e1strofe.<\/p>\n\n\n\n<p><\/p>\n\n\n\n<figure class=\"wp-block-embed is-type-wp-embed is-provider-central-de-noticias-olavarr-a wp-block-embed-central-de-noticias-olavarr-a\"><div class=\"wp-block-embed__wrapper\">\n<blockquote class=\"wp-embedded-content\" data-secret=\"WZPP7ezMwc\"><a href=\"https:\/\/cdnoticias.com\/index.php\/2024\/11\/11\/este-martes-comienza-la-fiesta-provincial-de-teatro-en-olavarria\/\">Este martes comienza la Fiesta Provincial de Teatro en Olavarr\u00eda<\/a><\/blockquote><iframe loading=\"lazy\" class=\"wp-embedded-content\" sandbox=\"allow-scripts\" security=\"restricted\" style=\"position: absolute; visibility: hidden;\" title=\"&#8220;Este martes comienza la Fiesta Provincial de Teatro en Olavarr\u00eda&#8221; &#8212; Central de Noticias | Olavarr\u00eda\" src=\"https:\/\/cdnoticias.com\/index.php\/2024\/11\/11\/este-martes-comienza-la-fiesta-provincial-de-teatro-en-olavarria\/embed\/#?secret=Zlgxo56nVL#?secret=WZPP7ezMwc\" data-secret=\"WZPP7ezMwc\" width=\"600\" height=\"338\" frameborder=\"0\" marginwidth=\"0\" marginheight=\"0\" scrolling=\"no\"><\/iframe>\n<\/div><\/figure>\n\n\n\n<p><\/p>\n","protected":false},"excerpt":{"rendered":"<p>El encuentro se extiende hasta el 16 de noviembre, con entrada libre y gratuita, en cuatro espacios teatrales. El Consejo<\/p>\n","protected":false},"author":2,"featured_media":130373,"comment_status":"closed","ping_status":"closed","sticky":false,"template":"","format":"standard","meta":{"_jetpack_memberships_contains_paid_content":false,"footnotes":""},"categories":[9,1],"tags":[],"class_list":["post-130371","post","type-post","status-publish","format-standard","has-post-thumbnail","hentry","category-cultura","category-portada"],"jetpack_featured_media_url":"https:\/\/i0.wp.com\/cdnoticias.com\/wp-content\/uploads\/2024\/11\/teatro-provincial-01-1.jpg?fit=800%2C445&ssl=1","jetpack_sharing_enabled":true,"_links":{"self":[{"href":"https:\/\/cdnoticias.com\/index.php\/wp-json\/wp\/v2\/posts\/130371","targetHints":{"allow":["GET"]}}],"collection":[{"href":"https:\/\/cdnoticias.com\/index.php\/wp-json\/wp\/v2\/posts"}],"about":[{"href":"https:\/\/cdnoticias.com\/index.php\/wp-json\/wp\/v2\/types\/post"}],"author":[{"embeddable":true,"href":"https:\/\/cdnoticias.com\/index.php\/wp-json\/wp\/v2\/users\/2"}],"replies":[{"embeddable":true,"href":"https:\/\/cdnoticias.com\/index.php\/wp-json\/wp\/v2\/comments?post=130371"}],"version-history":[{"count":0,"href":"https:\/\/cdnoticias.com\/index.php\/wp-json\/wp\/v2\/posts\/130371\/revisions"}],"wp:featuredmedia":[{"embeddable":true,"href":"https:\/\/cdnoticias.com\/index.php\/wp-json\/wp\/v2\/media\/130373"}],"wp:attachment":[{"href":"https:\/\/cdnoticias.com\/index.php\/wp-json\/wp\/v2\/media?parent=130371"}],"wp:term":[{"taxonomy":"category","embeddable":true,"href":"https:\/\/cdnoticias.com\/index.php\/wp-json\/wp\/v2\/categories?post=130371"},{"taxonomy":"post_tag","embeddable":true,"href":"https:\/\/cdnoticias.com\/index.php\/wp-json\/wp\/v2\/tags?post=130371"}],"curies":[{"name":"wp","href":"https:\/\/api.w.org\/{rel}","templated":true}]}}