{"id":130365,"date":"2024-11-15T08:24:43","date_gmt":"2024-11-15T11:24:43","guid":{"rendered":"https:\/\/cdnoticias.com\/?p=130365"},"modified":"2024-11-15T09:32:45","modified_gmt":"2024-11-15T12:32:45","slug":"por-una-reparacion-de-emergencia-se-corto-la-luz-en-un-sector-de-olavarria","status":"publish","type":"post","link":"https:\/\/cdnoticias.com\/index.php\/2024\/11\/15\/por-una-reparacion-de-emergencia-se-corto-la-luz-en-un-sector-de-olavarria\/","title":{"rendered":"Por una reparaci\u00f3n de emergencia, se cort\u00f3 la luz en un sector de Olavarr\u00eda"},"content":{"rendered":"\n<p>Durante la ma\u00f1ana de este viernes personal de Coopelectric lleva adelante tareas operativas. Una vez concluidas se restituir\u00e1 el servicio.<\/p>\n\n\n\n<hr class=\"wp-block-separator has-alpha-channel-opacity\"\/>\n\n\n\n<p>Este viernes por la ma\u00f1ana, personal de Coopelectric debi\u00f3 <strong>interrumpir el servicio de energ\u00eda el\u00e9ctrica para realizar una reparaci\u00f3n de emergencia.<\/strong><\/p>\n\n\n\n<p><\/p>\n\n\n\n<p>El sector afectado comprende <strong>Celestino Mu\u00f1oz, avenida Trabajadores, avenida Pellegrini y Rufino Fal.<\/strong><\/p>\n\n\n\n<p><\/p>\n\n\n\n<p>Se indic\u00f3 que una vez finalizadas las tareas operativas, el servicio ser\u00e1 restituido.<\/p>\n","protected":false},"excerpt":{"rendered":"<p>Durante la ma\u00f1ana de este viernes personal de Coopelectric lleva adelante tareas operativas. Una vez concluidas se restituir\u00e1 el servicio.<\/p>\n","protected":false},"author":2,"featured_media":100388,"comment_status":"closed","ping_status":"closed","sticky":false,"template":"","format":"standard","meta":{"_jetpack_memberships_contains_paid_content":false,"footnotes":""},"categories":[5,1],"tags":[],"class_list":["post-130365","post","type-post","status-publish","format-standard","has-post-thumbnail","hentry","category-informacion-general","category-portada"],"jetpack_featured_media_url":"https:\/\/i0.wp.com\/cdnoticias.com\/wp-content\/uploads\/2023\/10\/coopelectric-camion1.webp?fit=800%2C445&ssl=1","jetpack_sharing_enabled":true,"_links":{"self":[{"href":"https:\/\/cdnoticias.com\/index.php\/wp-json\/wp\/v2\/posts\/130365","targetHints":{"allow":["GET"]}}],"collection":[{"href":"https:\/\/cdnoticias.com\/index.php\/wp-json\/wp\/v2\/posts"}],"about":[{"href":"https:\/\/cdnoticias.com\/index.php\/wp-json\/wp\/v2\/types\/post"}],"author":[{"embeddable":true,"href":"https:\/\/cdnoticias.com\/index.php\/wp-json\/wp\/v2\/users\/2"}],"replies":[{"embeddable":true,"href":"https:\/\/cdnoticias.com\/index.php\/wp-json\/wp\/v2\/comments?post=130365"}],"version-history":[{"count":0,"href":"https:\/\/cdnoticias.com\/index.php\/wp-json\/wp\/v2\/posts\/130365\/revisions"}],"wp:featuredmedia":[{"embeddable":true,"href":"https:\/\/cdnoticias.com\/index.php\/wp-json\/wp\/v2\/media\/100388"}],"wp:attachment":[{"href":"https:\/\/cdnoticias.com\/index.php\/wp-json\/wp\/v2\/media?parent=130365"}],"wp:term":[{"taxonomy":"category","embeddable":true,"href":"https:\/\/cdnoticias.com\/index.php\/wp-json\/wp\/v2\/categories?post=130365"},{"taxonomy":"post_tag","embeddable":true,"href":"https:\/\/cdnoticias.com\/index.php\/wp-json\/wp\/v2\/tags?post=130365"}],"curies":[{"name":"wp","href":"https:\/\/api.w.org\/{rel}","templated":true}]}}