{"id":130355,"date":"2024-11-14T19:48:36","date_gmt":"2024-11-14T22:48:36","guid":{"rendered":"https:\/\/cdnoticias.com\/?p=130355"},"modified":"2024-11-14T19:48:38","modified_gmt":"2024-11-14T22:48:38","slug":"jueves-de-adopciones-conoce-a-alain","status":"publish","type":"post","link":"https:\/\/cdnoticias.com\/index.php\/2024\/11\/14\/jueves-de-adopciones-conoce-a-alain\/","title":{"rendered":"Jueves de adopciones: conoc\u00e9 a Alain"},"content":{"rendered":"\n<p>Alain es un perro joven, se estima de alrededor de dos a\u00f1os, que se encuentra alojado en el predio del \u00e1rea desde hace unos meses.<\/p>\n\n\n\n<hr class=\"wp-block-separator aligncenter has-alpha-channel-opacity\"\/>\n\n\n\n<p>En un nuevo<strong> jueves de adopciones<\/strong>, la direcci\u00f3n de Bromatolog\u00eda del Municipio invita a <strong>conocer y enamorarse de Alain,<\/strong> el perro ideal para la familia.\u00a0<\/p>\n\n\n\n<p><\/p>\n\n\n\n<blockquote class=\"wp-block-quote is-layout-flow wp-block-quote-is-layout-flow\">\n<p>Alain es un perro joven, se estima de alrededor de dos a\u00f1os, que se encuentra alojado en el predio del \u00e1rea desde hace unos meses.<\/p>\n<\/blockquote>\n\n\n\n<p><\/p>\n\n\n\n<p><strong><em>\u201cS\u00faper sociable, Alain apareci\u00f3 cerca del predio y de a poco se fue quedando. Le encanta estar con otros perros. Hoy se encuentra castrado, vacunado y desparasitado y goza de excelente salud. Es un barbucha, s\u00faper hermoso y simp\u00e1tico. Espera feliz y con alegr\u00eda poder ser adoptado por una hermosa familia\u201d, <\/em><\/strong>expresaron desde el \u00e1rea.<\/p>\n\n\n\n<p><\/p>\n\n\n\n<figure class=\"wp-block-image aligncenter size-full\"><img data-recalc-dims=\"1\" loading=\"lazy\" decoding=\"async\" width=\"800\" height=\"445\" src=\"https:\/\/i0.wp.com\/cdnoticias.com\/wp-content\/uploads\/2024\/06\/BROMATOLOGIA-adopciones-Alain-2.jpg?resize=800%2C445&#038;ssl=1\" alt=\"\" class=\"wp-image-117604\" srcset=\"https:\/\/i0.wp.com\/cdnoticias.com\/wp-content\/uploads\/2024\/06\/BROMATOLOGIA-adopciones-Alain-2.jpg?w=800&amp;ssl=1 800w, https:\/\/i0.wp.com\/cdnoticias.com\/wp-content\/uploads\/2024\/06\/BROMATOLOGIA-adopciones-Alain-2.jpg?resize=300%2C167&amp;ssl=1 300w, https:\/\/i0.wp.com\/cdnoticias.com\/wp-content\/uploads\/2024\/06\/BROMATOLOGIA-adopciones-Alain-2.jpg?resize=768%2C427&amp;ssl=1 768w\" sizes=\"auto, (max-width: 800px) 100vw, 800px\" \/><\/figure>\n\n\n\n<p><\/p>\n\n\n\n<p>Si estas palabras no bastan para convencerte que Alain es tu compa\u00f1\u00eda perfecta, <strong>Bromatolog\u00eda te invita a acercarte sin compromiso para conocerlo, en el predio ubicado en Urquiza 5493, de lunes a viernes de 8:00 a 12:00 horas.\u00a0<\/strong><\/p>\n\n\n\n<p><\/p>\n\n\n\n<p>Tambi\u00e9n pod\u00e9s comunicarte con el \u00e1rea por las redes oficiales del Municipio: Instagram: @olavarriamunicipio; Facebook: Municipio Partido de Olavarr\u00eda.<\/p>\n\n\n\n<p><\/p>\n\n\n\n<figure class=\"wp-block-image aligncenter size-full\"><img data-recalc-dims=\"1\" loading=\"lazy\" decoding=\"async\" width=\"800\" height=\"454\" src=\"https:\/\/i0.wp.com\/cdnoticias.com\/wp-content\/uploads\/2024\/05\/alain3.jpg?resize=800%2C454&#038;ssl=1\" alt=\"\" class=\"wp-image-115207\" srcset=\"https:\/\/i0.wp.com\/cdnoticias.com\/wp-content\/uploads\/2024\/05\/alain3.jpg?w=1000&amp;ssl=1 1000w, https:\/\/i0.wp.com\/cdnoticias.com\/wp-content\/uploads\/2024\/05\/alain3.jpg?resize=300%2C170&amp;ssl=1 300w, https:\/\/i0.wp.com\/cdnoticias.com\/wp-content\/uploads\/2024\/05\/alain3.jpg?resize=768%2C435&amp;ssl=1 768w\" sizes=\"auto, (max-width: 800px) 100vw, 800px\" \/><\/figure>\n","protected":false},"excerpt":{"rendered":"<p>Alain es un perro joven, se estima de alrededor de dos a\u00f1os, que se encuentra alojado en el predio del<\/p>\n","protected":false},"author":6,"featured_media":115205,"comment_status":"closed","ping_status":"closed","sticky":false,"template":"","format":"standard","meta":{"_jetpack_memberships_contains_paid_content":false,"footnotes":""},"categories":[5,1],"tags":[],"class_list":["post-130355","post","type-post","status-publish","format-standard","has-post-thumbnail","hentry","category-informacion-general","category-portada"],"jetpack_featured_media_url":"https:\/\/i0.wp.com\/cdnoticias.com\/wp-content\/uploads\/2024\/05\/alain1.jpg?fit=1000%2C552&ssl=1","jetpack_sharing_enabled":true,"_links":{"self":[{"href":"https:\/\/cdnoticias.com\/index.php\/wp-json\/wp\/v2\/posts\/130355","targetHints":{"allow":["GET"]}}],"collection":[{"href":"https:\/\/cdnoticias.com\/index.php\/wp-json\/wp\/v2\/posts"}],"about":[{"href":"https:\/\/cdnoticias.com\/index.php\/wp-json\/wp\/v2\/types\/post"}],"author":[{"embeddable":true,"href":"https:\/\/cdnoticias.com\/index.php\/wp-json\/wp\/v2\/users\/6"}],"replies":[{"embeddable":true,"href":"https:\/\/cdnoticias.com\/index.php\/wp-json\/wp\/v2\/comments?post=130355"}],"version-history":[{"count":0,"href":"https:\/\/cdnoticias.com\/index.php\/wp-json\/wp\/v2\/posts\/130355\/revisions"}],"wp:featuredmedia":[{"embeddable":true,"href":"https:\/\/cdnoticias.com\/index.php\/wp-json\/wp\/v2\/media\/115205"}],"wp:attachment":[{"href":"https:\/\/cdnoticias.com\/index.php\/wp-json\/wp\/v2\/media?parent=130355"}],"wp:term":[{"taxonomy":"category","embeddable":true,"href":"https:\/\/cdnoticias.com\/index.php\/wp-json\/wp\/v2\/categories?post=130355"},{"taxonomy":"post_tag","embeddable":true,"href":"https:\/\/cdnoticias.com\/index.php\/wp-json\/wp\/v2\/tags?post=130355"}],"curies":[{"name":"wp","href":"https:\/\/api.w.org\/{rel}","templated":true}]}}