{"id":130349,"date":"2024-11-14T19:08:29","date_gmt":"2024-11-14T22:08:29","guid":{"rendered":"https:\/\/cdnoticias.com\/?p=130349"},"modified":"2024-11-14T19:08:44","modified_gmt":"2024-11-14T22:08:44","slug":"los-proyectos-aprobados-en-una-nueva-sesion-del-hcd","status":"publish","type":"post","link":"https:\/\/cdnoticias.com\/index.php\/2024\/11\/14\/los-proyectos-aprobados-en-una-nueva-sesion-del-hcd\/","title":{"rendered":"Los proyectos aprobados en una nueva sesi\u00f3n del HCD"},"content":{"rendered":"\n<p>Con varias discrepancias y resultados divididos, pas\u00f3 la 16\u00b0 sesi\u00f3n ordinaria. Extendieron a dos a\u00f1os los permisos para el funcionamiento de los food trucks y modificaron la ordenanza de taprooms en cervecer\u00edas. <\/p>\n\n\n\n<hr class=\"wp-block-separator aligncenter has-alpha-channel-opacity\"\/>\n\n\n\n<p>Tras la discusi\u00f3n de varios proyectos de diversos temas<strong>, el HCD declar\u00f3 como \u201cARA San Juan\u201d a un barrio de Olavarr\u00eda, adem\u00e1s de aprobar varias propuestas en debate por los concejales en el Centro de Convenciones local.<\/strong><\/p>\n\n\n\n<p>La propuesta fue aprobada por unanimidad y se convirti\u00f3 en la<strong> ordenanza 5463\/24 que impone el nombre &#8220;ARA San Juan&#8221; al barrio comprendido entre las calles Mu\u00f1oz, Avenida Pellegrini, Avenida Avellaneda y Rossi. En el p\u00fablico estaban presentes Emilio Wagner y Catalina Clar, padres del Capit\u00e1n de Corbeta Diego M. Wagner Clar.<\/strong><\/p>\n\n\n\n<figure class=\"wp-block-embed is-type-wp-embed is-provider-central-de-noticias-olavarr-a wp-block-embed-central-de-noticias-olavarr-a\"><div class=\"wp-block-embed__wrapper\">\n<blockquote class=\"wp-embedded-content\" data-secret=\"FoYCwTHv53\"><a href=\"https:\/\/cdnoticias.com\/index.php\/2024\/11\/14\/un-barrio-de-olavarria-lleva-el-nombre-de-ara-san-juan\/\">Un barrio de Olavarr\u00eda lleva el nombre de \u201cAra San Juan\u201d<\/a><\/blockquote><iframe loading=\"lazy\" class=\"wp-embedded-content\" sandbox=\"allow-scripts\" security=\"restricted\" style=\"position: absolute; visibility: hidden;\" title=\"&#8220;Un barrio de Olavarr\u00eda lleva el nombre de \u201cAra San Juan\u201d&#8221; &#8212; Central de Noticias | Olavarr\u00eda\" src=\"https:\/\/cdnoticias.com\/index.php\/2024\/11\/14\/un-barrio-de-olavarria-lleva-el-nombre-de-ara-san-juan\/embed\/#?secret=lcfJ0teZuY#?secret=FoYCwTHv53\" data-secret=\"FoYCwTHv53\" width=\"600\" height=\"338\" frameborder=\"0\" marginwidth=\"0\" marginheight=\"0\" scrolling=\"no\"><\/iframe>\n<\/div><\/figure>\n\n\n\n<p>La jornada continu\u00f3 con la sanci\u00f3n de un <strong>proyecto de resoluci\u00f3n del bloque UCR solicitando al Ejecutivo que modifique el sem\u00e1foro del cruce de Avenida Del Valle y calle Lavalle, previendo la colocaci\u00f3n de una se\u00f1al lum\u00ednica extra de uso exclusivo para los veh\u00edculos que salen del Club Atl\u00e9tico Estudiantes.<\/strong><\/p>\n\n\n\n<p>Tambi\u00e9n se sancionaron en forma conjunta dos resoluciones que proponen la creaci\u00f3n de ba\u00f1os p\u00fablicos y nuevos bebederos en espacios p\u00fablicos del partido.<\/p>\n\n\n\n<figure class=\"wp-block-embed is-type-wp-embed is-provider-central-de-noticias-olavarr-a wp-block-embed-central-de-noticias-olavarr-a\"><div class=\"wp-block-embed__wrapper\">\n<blockquote class=\"wp-embedded-content\" data-secret=\"lZu24bsdPI\"><a href=\"https:\/\/cdnoticias.com\/index.php\/2024\/11\/14\/el-concejo-deliberante-aprobo-por-mayoria-la-adhesion-de-olavarria-al-rigi\/\">El Concejo Deliberante aprob\u00f3 por mayor\u00eda la adhesi\u00f3n de Olavarr\u00eda al RIGI<\/a><\/blockquote><iframe loading=\"lazy\" class=\"wp-embedded-content\" sandbox=\"allow-scripts\" security=\"restricted\" style=\"position: absolute; visibility: hidden;\" title=\"&#8220;El Concejo Deliberante aprob\u00f3 por mayor\u00eda la adhesi\u00f3n de Olavarr\u00eda al RIGI&#8221; &#8212; Central de Noticias | Olavarr\u00eda\" src=\"https:\/\/cdnoticias.com\/index.php\/2024\/11\/14\/el-concejo-deliberante-aprobo-por-mayoria-la-adhesion-de-olavarria-al-rigi\/embed\/#?secret=ORBcW1KGps#?secret=lZu24bsdPI\" data-secret=\"lZu24bsdPI\" width=\"600\" height=\"338\" frameborder=\"0\" marginwidth=\"0\" marginheight=\"0\" scrolling=\"no\"><\/iframe>\n<\/div><\/figure>\n\n\n\n<p>Por otra parte, se sancion\u00f3 la <strong>ordenanza 5467\/24 impulsada por el bloque PRO-ERF que extiende a dos a\u00f1os el plazo por el cual son otorgados los permisos para ejercer la actividad a los veh\u00edculos gastron\u00f3micos (Food Trucks).<\/strong><\/p>\n\n\n\n<p>Asimismo, se aprob\u00f3 en forma un\u00e1nime la ordenanza 5468\/24 presentada por <strong>Uni\u00f3n por la Patria que establece la creaci\u00f3n de la Comisi\u00f3n Municipal de Artes Marciales y Deportes de Contacto.<\/strong><\/p>\n\n\n\n<p>A continuaci\u00f3n, se sancion\u00f3 en forma un\u00e1nime la<strong> ordenanza 5469\/24 que modifica la 4803\/21 de &#8220;Taproom&#8221;, habilitando la elaboraci\u00f3n y expendio de fiambres y alimentos precocidos y la realizaci\u00f3n de shows musicales en cervecer\u00edas artesanales de Olavarr\u00eda.<\/strong><\/p>\n\n\n\n<figure class=\"wp-block-image size-large\"><img data-recalc-dims=\"1\" loading=\"lazy\" decoding=\"async\" width=\"800\" height=\"511\" src=\"https:\/\/i0.wp.com\/cdnoticias.com\/wp-content\/uploads\/2024\/11\/hcd-1.jpg?resize=800%2C511&#038;ssl=1\" alt=\"\" class=\"wp-image-130350\" srcset=\"https:\/\/i0.wp.com\/cdnoticias.com\/wp-content\/uploads\/2024\/11\/hcd-1.jpg?resize=1024%2C654&amp;ssl=1 1024w, https:\/\/i0.wp.com\/cdnoticias.com\/wp-content\/uploads\/2024\/11\/hcd-1.jpg?resize=300%2C191&amp;ssl=1 300w, https:\/\/i0.wp.com\/cdnoticias.com\/wp-content\/uploads\/2024\/11\/hcd-1.jpg?resize=768%2C490&amp;ssl=1 768w, https:\/\/i0.wp.com\/cdnoticias.com\/wp-content\/uploads\/2024\/11\/hcd-1.jpg?resize=1536%2C980&amp;ssl=1 1536w, https:\/\/i0.wp.com\/cdnoticias.com\/wp-content\/uploads\/2024\/11\/hcd-1.jpg?w=2048&amp;ssl=1 2048w, https:\/\/i0.wp.com\/cdnoticias.com\/wp-content\/uploads\/2024\/11\/hcd-1.jpg?w=1600&amp;ssl=1 1600w\" sizes=\"auto, (max-width: 800px) 100vw, 800px\" \/><\/figure>\n\n\n\n<p>Tambi\u00e9n se convalid\u00f3 por mayor\u00eda<strong> un proyecto de comunicaci\u00f3n expresando repudio ante la decisi\u00f3n del Director General de Cultura y Educaci\u00f3n de la provincia de Buenos Aires, Alberto Sileoni, respecto a la distribuci\u00f3n de material de lectura, como tambi\u00e9n un proyecto de resoluci\u00f3n solicitando al Ejecutivo que brinda una soluci\u00f3n a la comunidad educativa de la Escuela Primaria N\u00b048 del paraje La Moderna<\/strong> para la reconstrucci\u00f3n del Sal\u00f3n de Usos M\u00faltiples.<\/p>\n\n\n\n<p>Del mismo modo, se sancion\u00f3 un proyecto de comunicaci\u00f3n manifestando preocupaci\u00f3n por el posible cierre del Museo Municipal de los Alemanes del Volga &#8220;Ariel Cherico&#8221; de la localidad de Colonia Hinojo.<\/p>\n\n\n\n<p>Adem\u00e1s, se aprob\u00f3 un proyecto de comunicaci\u00f3n manifestando la preocupaci\u00f3n del cuerpo por las declaraciones del decano de la Facultad de Ciencias de la Salud de la UNICEN respecto a la no inclusi\u00f3n de la obra de ampliaci\u00f3n de su sede en el convenio firmado recientemente por rectores con el gobernador bonaerense.<\/p>\n\n\n\n<p>Durante la jornada, fue declarada de inter\u00e9s Legislativo la primera edici\u00f3n del libro &#8220;Ciberdelitos. C\u00f3mo investigar en entornos digitales&#8221; del doctor Lucas Moyano, titular de la UFIJ N\u00b0 22 de Azul.<\/p>\n\n\n\n<figure class=\"wp-block-embed is-type-wp-embed is-provider-central-de-noticias-olavarr-a wp-block-embed-central-de-noticias-olavarr-a\"><div class=\"wp-block-embed__wrapper\">\n<blockquote class=\"wp-embedded-content\" data-secret=\"XhLJjsf7vO\"><a href=\"https:\/\/cdnoticias.com\/index.php\/2024\/11\/14\/lucas-moyano-es-un-orgullo-ser-reconocido-en-tu-propia-ciudad\/\">Lucas Moyano: \u201ces un orgullo ser reconocido en tu propia ciudad\u201d<\/a><\/blockquote><iframe loading=\"lazy\" class=\"wp-embedded-content\" sandbox=\"allow-scripts\" security=\"restricted\" style=\"position: absolute; visibility: hidden;\" title=\"&#8220;Lucas Moyano: \u201ces un orgullo ser reconocido en tu propia ciudad\u201d&#8221; &#8212; Central de Noticias | Olavarr\u00eda\" src=\"https:\/\/cdnoticias.com\/index.php\/2024\/11\/14\/lucas-moyano-es-un-orgullo-ser-reconocido-en-tu-propia-ciudad\/embed\/#?secret=OU6Ev2c4HO#?secret=XhLJjsf7vO\" data-secret=\"XhLJjsf7vO\" width=\"600\" height=\"338\" frameborder=\"0\" marginwidth=\"0\" marginheight=\"0\" scrolling=\"no\"><\/iframe>\n<\/div><\/figure>\n\n\n\n<p>Tambi\u00e9n fueron destacados el Museo de la Vida Cotidiana de Olavarr\u00eda, las Jornadas de Enfermer\u00eda 2024 a realizarse el pr\u00f3ximo 21 de noviembre, el acto central en conmemoraci\u00f3n de &#8220;D\u00eda de la Educaci\u00f3n de J\u00f3venes y Adultos&#8221; que tendr\u00e1 lugar el 27 del mes corriente y el encuentro de escritores &#8220;Puentes Literarios en la ciudad de los Puentes&#8221; a desarrollarse del 14 al 16 de noviembre.<\/p>\n\n\n\n<p>Tambi\u00e9n se declar\u00f3 de inter\u00e9s Legislativo Municipal el simposio Regional de Patrimonio Cultural de las Colonias de Inmigrantes Ruso &#8211; Alemanas, a realizarse los d\u00edas 22 y 23 de noviembre.<\/p>\n","protected":false},"excerpt":{"rendered":"<p>Con varias discrepancias y resultados divididos, pas\u00f3 la 16\u00b0 sesi\u00f3n ordinaria. Extendieron a dos a\u00f1os los permisos para el funcionamiento<\/p>\n","protected":false},"author":2,"featured_media":130351,"comment_status":"closed","ping_status":"closed","sticky":false,"template":"","format":"standard","meta":{"_jetpack_memberships_contains_paid_content":false,"footnotes":""},"categories":[4,1],"tags":[],"class_list":["post-130349","post","type-post","status-publish","format-standard","has-post-thumbnail","hentry","category-politica","category-portada"],"jetpack_featured_media_url":"https:\/\/i0.wp.com\/cdnoticias.com\/wp-content\/uploads\/2024\/11\/hcd-4.jpg?fit=2048%2C1303&ssl=1","jetpack_sharing_enabled":true,"_links":{"self":[{"href":"https:\/\/cdnoticias.com\/index.php\/wp-json\/wp\/v2\/posts\/130349","targetHints":{"allow":["GET"]}}],"collection":[{"href":"https:\/\/cdnoticias.com\/index.php\/wp-json\/wp\/v2\/posts"}],"about":[{"href":"https:\/\/cdnoticias.com\/index.php\/wp-json\/wp\/v2\/types\/post"}],"author":[{"embeddable":true,"href":"https:\/\/cdnoticias.com\/index.php\/wp-json\/wp\/v2\/users\/2"}],"replies":[{"embeddable":true,"href":"https:\/\/cdnoticias.com\/index.php\/wp-json\/wp\/v2\/comments?post=130349"}],"version-history":[{"count":0,"href":"https:\/\/cdnoticias.com\/index.php\/wp-json\/wp\/v2\/posts\/130349\/revisions"}],"wp:featuredmedia":[{"embeddable":true,"href":"https:\/\/cdnoticias.com\/index.php\/wp-json\/wp\/v2\/media\/130351"}],"wp:attachment":[{"href":"https:\/\/cdnoticias.com\/index.php\/wp-json\/wp\/v2\/media?parent=130349"}],"wp:term":[{"taxonomy":"category","embeddable":true,"href":"https:\/\/cdnoticias.com\/index.php\/wp-json\/wp\/v2\/categories?post=130349"},{"taxonomy":"post_tag","embeddable":true,"href":"https:\/\/cdnoticias.com\/index.php\/wp-json\/wp\/v2\/tags?post=130349"}],"curies":[{"name":"wp","href":"https:\/\/api.w.org\/{rel}","templated":true}]}}