{"id":130347,"date":"2024-11-14T19:00:49","date_gmt":"2024-11-14T22:00:49","guid":{"rendered":"https:\/\/cdnoticias.com\/?p=130347"},"modified":"2024-11-14T19:00:51","modified_gmt":"2024-11-14T22:00:51","slug":"nacion-anuncio-el-fin-del-procrear-y-kicillof-salio-al-cruce","status":"publish","type":"post","link":"https:\/\/cdnoticias.com\/index.php\/2024\/11\/14\/nacion-anuncio-el-fin-del-procrear-y-kicillof-salio-al-cruce\/","title":{"rendered":"Naci\u00f3n anunci\u00f3 el fin del Procrear y Kicillof sali\u00f3 al cruce"},"content":{"rendered":"\n<p>El Gobernador advirti\u00f3 sobre el abandono de \u201cmiles de viviendas en construcci\u00f3n\u201d. C\u00f3mo contin\u00faan los cr\u00e9ditos vigentes a partir de ahora. <\/p>\n\n\n\n<hr class=\"wp-block-separator aligncenter has-alpha-channel-opacity\"\/>\n\n\n\n<p>El <strong>Gobierno nacional<\/strong> <strong>anunci\u00f3 que el plan Procrear \u201cdejar\u00e1 de existir\u201d<\/strong> y, tras el anuncio, <strong>el gobernador Axel Kicillof advirti\u00f3 sobre el abandono de \u201cmiles de viviendas en construcci\u00f3n\u201d.<\/strong><\/p>\n\n\n\n<p><\/p>\n\n\n\n<p>\u201cDos novedades econ\u00f3micas: <strong>el plan Procrear tal y como lo conocemos dejar\u00e1 de existir\u201d<\/strong>, escribi\u00f3 este el vocero de Presidencia, Manuel Adorni. Y agreg\u00f3: \u201cAdem\u00e1s de esto,<strong> <\/strong>se comenzar\u00e1n a permitir las \u2018hipotecas divisibles\u2019 para proyectos inmobiliarios en desarrollo\u201d.<\/p>\n\n\n\n<p><\/p>\n\n\n\n<p>Tras el anuncio, Kicillof se\u00f1al\u00f3 que <strong>\u201ces incre\u00edble\u201d que \u201cel gobierno de (Javier) Milei festeja cada vez que le quita derechos al pueblo\u201d.<\/strong><\/p>\n\n\n\n<p><\/p>\n\n\n\n<blockquote class=\"wp-block-quote is-layout-flow wp-block-quote-is-layout-flow\">\n<p>\u201cEl Procrear fue uno de los planes de cr\u00e9dito para vivienda m\u00e1s exitoso y virtuoso. M\u00e1s de medio mill\u00f3n de familias trabajadoras, de clase media, accedi\u00f3 a la casa propia o a mejoras\u201d, sostuvo el gobernador en su cuenta de X.<\/p>\n<\/blockquote>\n\n\n\n<p><\/p>\n\n\n\n<p>El Procrear (Programa de Cr\u00e9dito Argentino del Bicentenario para la Vivienda \u00danica Familiar) <strong>fue lanzado en 2012 por el entonces gobierno de Cristina Fern\u00e1ndez de Kirchner.<\/strong> Se <strong>discontinu\u00f3 en 2018 durante el mandato de Mauricio Macri <\/strong>y <strong>fue relanzado en 2020 con Alberto Fern\u00e1ndez.<\/strong><\/p>\n\n\n\n<p><\/p>\n\n\n\n<p>Kicillof record\u00f3 que \u201cse implement\u00f3 junto con el Banco Hipotecario\u201d y advirti\u00f3 que <strong>\u201choy quedan abandonadas miles de viviendas en construcci\u00f3n. Gobiernan solo para los que m\u00e1s tienen\u201d<\/strong>, apunt\u00f3.\u00a0<\/p>\n\n\n\n<p><\/p>\n\n\n\n<p class=\"has-medium-font-size\"><strong>\u00bfQu\u00e9 pasar\u00e1 con los cr\u00e9ditos vigentes?<\/strong><\/p>\n\n\n\n<p>El programa hab\u00eda sido lanzado en 2012, durante el <strong>primer gobierno de Cristina Fern\u00e1ndez de Kirchner, <\/strong>para otorgar <strong>cr\u00e9ditos hipotecarios subsidiados para la compra o remodelaci\u00f3n de viviendas familiares.<\/strong><\/p>\n\n\n\n<p><\/p>\n\n\n\n<p>Tambi\u00e9n <strong>exist\u00eda una l\u00ednea de \u201cdesarrollos urban\u00edsticos\u201d<\/strong> para<strong> beneficiarios que no contaban con terreno, <\/strong>que supon\u00edan la construcci\u00f3n de viviendas multifamiliares por parte del programa en predios propiedad del Estado nacional en diversos municipios del pa\u00eds.<\/p>\n\n\n\n<p><\/p>\n\n\n\n<p>Ahora, Milei elimin\u00f3 el fideicomiso que financiaba el programa, por lo que este dej\u00f3 formalmente de funcionar. <em>\u201cDisu\u00e9lvase el Fondo Fiduciario P\u00fablico denominado Programa Cr\u00e9dito Argentino del Bicentenario para la vivienda \u00fanica familiar creado por el Decreto N\u00b0 902 del 12 de junio de 2012 y su modificatorio\u201d, <\/em>se\u00f1ala el texto de ese Decreto en su art\u00edculo 1\u00b0.<\/p>\n\n\n\n<p><\/p>\n\n\n\n<blockquote class=\"wp-block-quote is-layout-flow wp-block-quote-is-layout-flow\">\n<p>En la misma norma, el Gobierno dej\u00f3 claro qu\u00e9 ocurrir\u00e1 con los cr\u00e9ditos ya otorgados: \u201cEl ministerio de Econom\u00eda celebrar\u00e1 con el Banco Hipotecario S.A. un contrato para la continuidad de la gesti\u00f3n de los cr\u00e9ditos bajo las mismas condiciones de retribuci\u00f3n establecidas en el contrato de Fideicomiso suscripto el 18 de julio de 2012\u201c, dice el art\u00edculo 3 de la normativa, que lleva las firmas de Milei, el jefe de Gabinete, Guillermo Francos y el ministro de Econom\u00eda, Luis Caputo.<\/p>\n<\/blockquote>\n\n\n\n<p><\/p>\n\n\n\n<p>En el caso de los <strong>desarrollos urban\u00edsticos, <\/strong>el destino que tendr\u00e1n seg\u00fan contempla el art\u00edculo 5\u00b0 de Decreto, el ministerio de Econom\u00eda, previa intervenci\u00f3n del tribunal de Tasaciones de la Naci\u00f3n, <strong>\u201cpodr\u00e1 acordar la transferencia de inmuebles o unidades a Provincias, Municipios, la Ciudad Aut\u00f3noma de Buenos Aires, institutos de vivienda y a otros organismos del Estado\u201d.<\/strong><\/p>\n\n\n\n<p><\/p>\n\n\n\n<p>Seg\u00fan un comunicado oficial de la cartera que comanda Luis Caputo, esos predios <strong><em>\u201cse fomentar\u00e1 la venta de los terrenos del Fondo disuelto para que las viviendas terminadas -o en obra- puedan ser introducidas al mercado y vendidas para ampliar la oferta\u201d.<\/em><\/strong>\u00a0<\/p>\n\n\n\n<p><\/p>\n\n\n\n<p><em>Fuente: DIB\u00a0<\/em><\/p>\n","protected":false},"excerpt":{"rendered":"<p>El Gobernador advirti\u00f3 sobre el abandono de \u201cmiles de viviendas en construcci\u00f3n\u201d. C\u00f3mo contin\u00faan los cr\u00e9ditos vigentes a partir de<\/p>\n","protected":false},"author":6,"featured_media":434,"comment_status":"closed","ping_status":"closed","sticky":false,"template":"","format":"standard","meta":{"_jetpack_memberships_contains_paid_content":false,"footnotes":""},"categories":[6,1],"tags":[],"class_list":["post-130347","post","type-post","status-publish","format-standard","has-post-thumbnail","hentry","category-nacionales","category-portada"],"jetpack_featured_media_url":"https:\/\/i0.wp.com\/cdnoticias.com\/wp-content\/uploads\/2020\/09\/Procrear2020.jpg?fit=1033%2C688&ssl=1","jetpack_sharing_enabled":true,"_links":{"self":[{"href":"https:\/\/cdnoticias.com\/index.php\/wp-json\/wp\/v2\/posts\/130347","targetHints":{"allow":["GET"]}}],"collection":[{"href":"https:\/\/cdnoticias.com\/index.php\/wp-json\/wp\/v2\/posts"}],"about":[{"href":"https:\/\/cdnoticias.com\/index.php\/wp-json\/wp\/v2\/types\/post"}],"author":[{"embeddable":true,"href":"https:\/\/cdnoticias.com\/index.php\/wp-json\/wp\/v2\/users\/6"}],"replies":[{"embeddable":true,"href":"https:\/\/cdnoticias.com\/index.php\/wp-json\/wp\/v2\/comments?post=130347"}],"version-history":[{"count":0,"href":"https:\/\/cdnoticias.com\/index.php\/wp-json\/wp\/v2\/posts\/130347\/revisions"}],"wp:featuredmedia":[{"embeddable":true,"href":"https:\/\/cdnoticias.com\/index.php\/wp-json\/wp\/v2\/media\/434"}],"wp:attachment":[{"href":"https:\/\/cdnoticias.com\/index.php\/wp-json\/wp\/v2\/media?parent=130347"}],"wp:term":[{"taxonomy":"category","embeddable":true,"href":"https:\/\/cdnoticias.com\/index.php\/wp-json\/wp\/v2\/categories?post=130347"},{"taxonomy":"post_tag","embeddable":true,"href":"https:\/\/cdnoticias.com\/index.php\/wp-json\/wp\/v2\/tags?post=130347"}],"curies":[{"name":"wp","href":"https:\/\/api.w.org\/{rel}","templated":true}]}}