{"id":130345,"date":"2024-11-14T19:17:18","date_gmt":"2024-11-14T22:17:18","guid":{"rendered":"https:\/\/cdnoticias.com\/?p=130345"},"modified":"2024-11-14T20:43:50","modified_gmt":"2024-11-14T23:43:50","slug":"bolivar-fue-localizado-federico-fornes-a-quien-se-buscaba-intensamente","status":"publish","type":"post","link":"https:\/\/cdnoticias.com\/index.php\/2024\/11\/14\/bolivar-fue-localizado-federico-fornes-a-quien-se-buscaba-intensamente\/","title":{"rendered":"Bol\u00edvar: Fue localizado Federico Fornes, a quien se buscaba intensamente"},"content":{"rendered":"\n<p>El joven se encontraba en Lomas de Zamora. El intendente municipal, Marcos Pisano, junto a familiares de Federico y una comitiva policial viajar\u00e1 hacia la localidad con la finalidad de retornar a Fornes hacia Bol\u00edvar.<\/p>\n\n\n\n<hr class=\"wp-block-separator aligncenter has-alpha-channel-opacity\"\/>\n\n\n\n<p><strong>Federico Fornes<\/strong>, el<a href=\"https:\/\/cdnoticias.com\/index.php\/2024\/11\/11\/desaparecio-en-bolivar-y-lo-buscan-en-toda-la-provincia\/\" target=\"_blank\" rel=\"noreferrer noopener\"> joven de 28 a\u00f1os que se report\u00f3 como desaparecido <\/a>de su hogar el pasado 7 de noviembre, <strong>fue localizado en jurisdicci\u00f3n de Lomas de Zamora este mi\u00e9rcoles.\u00a0<\/strong><\/p>\n\n\n\n<p><\/p>\n\n\n\n<p>Seg\u00fan se inform\u00f3,<strong> fue contenido en una unidad policial <\/strong>del lugar luego de haber sido<strong> atendido en un establecimiento sanitario para constatar su estado de salud.<\/strong><\/p>\n\n\n\n<p><\/p>\n\n\n\n<blockquote class=\"wp-block-quote is-layout-flow wp-block-quote-is-layout-flow\">\n<p>El intendente municipal, Marcos Pisano, junto a familiares de Federico y una comitiva policial viajar\u00e1 hacia Lomas de Zamora con la finalidad de retornar a Fornes hacia Bol\u00edvar.<\/p>\n<\/blockquote>\n\n\n\n<p><\/p>\n\n\n\n<p>El martes hab\u00eda trascendido que registros f\u00edlmicos daban cuenta de que el bolivarense hab\u00eda sido visto en inmediaciones de la ciudad de Ca\u00f1uelas, hacia donde hab\u00eda llegado a bordo de un cami\u00f3n que lo transport\u00f3 solidariamente.<\/p>\n\n\n\n<p><\/p>\n\n\n\n<p><em>Fuente: La Ma\u00f1ana Bol\u00edvar&nbsp;<\/em><\/p>\n","protected":false},"excerpt":{"rendered":"<p>El joven se encontraba en Lomas de Zamora. El intendente municipal, Marcos Pisano, junto a familiares de Federico y una<\/p>\n","protected":false},"author":6,"featured_media":130037,"comment_status":"closed","ping_status":"closed","sticky":false,"template":"","format":"standard","meta":{"_jetpack_memberships_contains_paid_content":false,"footnotes":""},"categories":[14,1],"tags":[],"class_list":["post-130345","post","type-post","status-publish","format-standard","has-post-thumbnail","hentry","category-policiales","category-portada"],"jetpack_featured_media_url":"https:\/\/i0.wp.com\/cdnoticias.com\/wp-content\/uploads\/2024\/11\/federico-fornes-diario-la-manana.jpg?fit=1000%2C556&ssl=1","jetpack_sharing_enabled":true,"_links":{"self":[{"href":"https:\/\/cdnoticias.com\/index.php\/wp-json\/wp\/v2\/posts\/130345","targetHints":{"allow":["GET"]}}],"collection":[{"href":"https:\/\/cdnoticias.com\/index.php\/wp-json\/wp\/v2\/posts"}],"about":[{"href":"https:\/\/cdnoticias.com\/index.php\/wp-json\/wp\/v2\/types\/post"}],"author":[{"embeddable":true,"href":"https:\/\/cdnoticias.com\/index.php\/wp-json\/wp\/v2\/users\/6"}],"replies":[{"embeddable":true,"href":"https:\/\/cdnoticias.com\/index.php\/wp-json\/wp\/v2\/comments?post=130345"}],"version-history":[{"count":0,"href":"https:\/\/cdnoticias.com\/index.php\/wp-json\/wp\/v2\/posts\/130345\/revisions"}],"wp:featuredmedia":[{"embeddable":true,"href":"https:\/\/cdnoticias.com\/index.php\/wp-json\/wp\/v2\/media\/130037"}],"wp:attachment":[{"href":"https:\/\/cdnoticias.com\/index.php\/wp-json\/wp\/v2\/media?parent=130345"}],"wp:term":[{"taxonomy":"category","embeddable":true,"href":"https:\/\/cdnoticias.com\/index.php\/wp-json\/wp\/v2\/categories?post=130345"},{"taxonomy":"post_tag","embeddable":true,"href":"https:\/\/cdnoticias.com\/index.php\/wp-json\/wp\/v2\/tags?post=130345"}],"curies":[{"name":"wp","href":"https:\/\/api.w.org\/{rel}","templated":true}]}}