{"id":130338,"date":"2024-11-15T08:32:07","date_gmt":"2024-11-15T11:32:07","guid":{"rendered":"https:\/\/cdnoticias.com\/?p=130338"},"modified":"2024-11-16T15:35:19","modified_gmt":"2024-11-16T18:35:19","slug":"atardecer-cultural-festival-en-defensa-de-la-educacion-publica","status":"publish","type":"post","link":"https:\/\/cdnoticias.com\/index.php\/2024\/11\/15\/atardecer-cultural-festival-en-defensa-de-la-educacion-publica\/","title":{"rendered":"\u201cAtardecer Cultural\u201d: festival en defensa de la educaci\u00f3n p\u00fablica"},"content":{"rendered":"\n<p>Ser\u00e1 este viernes 15 en el campus universitario ubicado en avenida Del Valle 5737. Habr\u00e1 m\u00e1s de 30 feriantes, bandas en vivo, danzas, magia, circo, risoterapia, talleres y cantina.&nbsp;<\/p>\n\n\n\n<hr class=\"wp-block-separator aligncenter has-alpha-channel-opacity\"\/>\n\n\n\n<p>Este viernes, se llevar\u00e1 a cabo el <strong>festival \u201cAtardecer Cultural<\/strong>\u201d en <strong>defensa de la educaci\u00f3n p\u00fablica.<\/strong>\u00a0 \u201cLa emergencia presupuestaria sigue y los estudiantes se organizan para denunciarla\u201d expresaron los estudiantes de la UNICEN.\u00a0<\/p>\n\n\n\n<p><\/p>\n\n\n\n<p>El evento comenzar\u00e1 <strong>a partir de las 17 horas <\/strong>y se extender\u00e1 toda la tarde <strong>en el campus universitario,<\/strong> ubicado en la<strong> avenida Del valle 5737.<\/strong><\/p>\n\n\n\n<p><\/p>\n\n\n\n<blockquote class=\"wp-block-quote is-layout-flow wp-block-quote-is-layout-flow\">\n<p>Habr\u00e1 m\u00e1s de 30 feriantes, bandas en vivo, danzas, magia, circo, risoterapia, talleres y cantina. La entrada es libre y gratuita y apto para toda la familia. Por \u00faltimo, se recibir\u00e1n alimentos no perecederos.<\/p>\n<\/blockquote>\n\n\n\n<p><\/p>\n\n\n\n<p>El evento es organizado por la Secretar\u00eda de Cultura de la Federaci\u00f3n Universitaria, en conjunto con varios centros de estudiantes de la Unicen y centros de formaci\u00f3n, acompa\u00f1ado de la Secretar\u00eda de Extensi\u00f3n de la F\u00edo y la Yumba.<\/p>\n\n\n\n<p><\/p>\n\n\n\n<p><\/p>\n","protected":false},"excerpt":{"rendered":"<p>Ser\u00e1 este viernes 15 en el campus universitario ubicado en avenida Del Valle 5737. Habr\u00e1 m\u00e1s de 30 feriantes, bandas<\/p>\n","protected":false},"author":6,"featured_media":130340,"comment_status":"closed","ping_status":"closed","sticky":false,"template":"","format":"standard","meta":{"_jetpack_memberships_contains_paid_content":false,"footnotes":""},"categories":[9,1],"tags":[],"class_list":["post-130338","post","type-post","status-publish","format-standard","has-post-thumbnail","hentry","category-cultura","category-portada"],"jetpack_featured_media_url":"https:\/\/i0.wp.com\/cdnoticias.com\/wp-content\/uploads\/2024\/11\/atardecer-cultural-festival-unicen.png?fit=887%2C494&ssl=1","jetpack_sharing_enabled":true,"_links":{"self":[{"href":"https:\/\/cdnoticias.com\/index.php\/wp-json\/wp\/v2\/posts\/130338","targetHints":{"allow":["GET"]}}],"collection":[{"href":"https:\/\/cdnoticias.com\/index.php\/wp-json\/wp\/v2\/posts"}],"about":[{"href":"https:\/\/cdnoticias.com\/index.php\/wp-json\/wp\/v2\/types\/post"}],"author":[{"embeddable":true,"href":"https:\/\/cdnoticias.com\/index.php\/wp-json\/wp\/v2\/users\/6"}],"replies":[{"embeddable":true,"href":"https:\/\/cdnoticias.com\/index.php\/wp-json\/wp\/v2\/comments?post=130338"}],"version-history":[{"count":0,"href":"https:\/\/cdnoticias.com\/index.php\/wp-json\/wp\/v2\/posts\/130338\/revisions"}],"wp:featuredmedia":[{"embeddable":true,"href":"https:\/\/cdnoticias.com\/index.php\/wp-json\/wp\/v2\/media\/130340"}],"wp:attachment":[{"href":"https:\/\/cdnoticias.com\/index.php\/wp-json\/wp\/v2\/media?parent=130338"}],"wp:term":[{"taxonomy":"category","embeddable":true,"href":"https:\/\/cdnoticias.com\/index.php\/wp-json\/wp\/v2\/categories?post=130338"},{"taxonomy":"post_tag","embeddable":true,"href":"https:\/\/cdnoticias.com\/index.php\/wp-json\/wp\/v2\/tags?post=130338"}],"curies":[{"name":"wp","href":"https:\/\/api.w.org\/{rel}","templated":true}]}}