{"id":130307,"date":"2024-11-14T17:12:21","date_gmt":"2024-11-14T20:12:21","guid":{"rendered":"https:\/\/cdnoticias.com\/?p=130307"},"modified":"2024-11-14T19:17:32","modified_gmt":"2024-11-14T22:17:32","slug":"diputados-de-la-provincia-declaro-de-interes-legislativo-la-actividad-de-la-minga","status":"publish","type":"post","link":"https:\/\/cdnoticias.com\/index.php\/2024\/11\/14\/diputados-de-la-provincia-declaro-de-interes-legislativo-la-actividad-de-la-minga\/","title":{"rendered":"Diputados de la Provincia declar\u00f3 de inter\u00e9s legislativo la actividad de \u201cLa Minga\u201d"},"content":{"rendered":"<p>El proyecto de declaraci\u00f3n fue impulsado por el diputado Ricardo Lissalde. Este viernes, se entregar\u00e1 el reconocimiento en la plaza central de Olavarr\u00eda.<!--more--><\/p>\n<hr \/>\n<p>La <strong>C\u00e1mara de Diputados de la Provincia de Buenos Aires<\/strong> declar\u00f3 de inter\u00e9s legislativo la <strong>actividad realizada por la Asociaci\u00f3n Civil \u201cLa Minga\u201d<\/strong>, a trav\u00e9s de un <strong>proyecto de declaraci\u00f3n<\/strong> presentado por el <strong>diputado provincial por la S\u00e9ptima Secci\u00f3n Electoral, Ricardo Lissade.<\/strong><\/p>\n<p><strong>Este viernes a las 15:30 horas en la plaza Central<\/strong>, sobre la vereda de la calle Vicente L\u00f3pez, <strong>Eduardo Rodr\u00edguez, en representaci\u00f3n del diputado Lissalde, har\u00e1 la entrega del reconocimiento<\/strong> del cuerpo legislativo provincial. El mismo <strong>ser\u00e1 recibido por Patricia Bahl<\/strong> y el resto de integrantes de \u201cLa Minga\u201d.<\/p>\n<h3>Fundamentaci\u00f3n del proyecto<\/h3>\n<p>La Minga es una<strong> Asociaci\u00f3n Civil de la ciudad de Olavarr\u00eda<\/strong> que impulsa el crecimiento y la organizaci\u00f3n social de los emprendedores y emprendedoras de la Econom\u00eda Social, Solidaria y Popular.<\/p>\n<p>Tiene<strong> 16 a\u00f1os de vida como Entidad de Bien P\u00fablico<\/strong> bajo Registro Municipal N\u00b0 326. El impulso que realizan de la econom\u00eda social y solidaria es de destacar ya que se considera de gran importancia para el desarrollo local y comunitario, siendo instrumento para garantizar el trabajo digno, fomentando actividades econ\u00f3micas bajo relaciones equitativas y democr\u00e1ticas en el marco del respeto por el medioambiente, el comercio justo, el precio adecuado y el trabajo como el gran organizador de las familias.<\/p>\n<p>La organizaci\u00f3n de la sociedad civil genera<strong> estrategias vinculadas a la Promoci\u00f3n y Fortalecimiento de la Econom\u00eda Social y Solidaria<\/strong> desde la puesta en marcha durante 16 a\u00f1os ininterrumpidos de la Feria a Cielo Abierto en la Plaza Central de la ciudad de Olavarr\u00eda. Promueve asimismo la<strong> autonom\u00eda de las familias emprendedoras<\/strong> con los talleres Barriales Emprender como as\u00ed su entorno y la comunidad en general, procurando el desarrollo integral de cada uno de sus miembros. De dicho proyecto surgieron las y los<strong> Promotores Mingueros de la Econom\u00eda social<\/strong> fortaleciendo las redes, y llegando a cada emprendimiento a cada hogar.<\/p>\n<p>Sus integrantes <strong>fundaron e impulsaron la primera Escuela Para Emprendedoras y Emprendedores<\/strong> de la localidad donde se cuenta con el acompa\u00f1amiento en cada iniciativa en la totalidad de los cupos propuestos en formato presencial o virtual.<\/p>\n<p>Por otra parte, el aporte a la comunidad se visibiliza tambi\u00e9n en la <strong>promoci\u00f3n de derechos sociales<\/strong> que tienden a garantizar el derecho a la vivienda, salud, alimentaci\u00f3n, vestimenta y a la educaci\u00f3n, asesorando y acompa\u00f1ando a cientos de familias de la comunidad en gestiones puntuales, individuales, familiares y comunitarias. Cada actividad permite tomar contacto con una diversidad de emprendedores y emprendedoras tomando registro de la situaci\u00f3n real del sector contando en la actualidad con un diagn\u00f3stico social del sector ampliamente completo.<\/p>\n<p>Cabe destacar que las <strong>Ferias Manos Olavarrienses<\/strong>, como as\u00ed tambi\u00e9n la <strong>Feria de Fin de A\u00f1o<\/strong> donde se festeja la semana del Emprendedor de la Econom\u00eda Social, son siempre concurridas superando los 20.000 vecinos y vecinas que asisten, esta propuesta en la Plaza del centro, es un espacio elegido y sentido por cada artesano, manualista y emprendedor minguero, en lo que tambi\u00e9n constituye un espacio de comercializaci\u00f3n con esfuerzo y constancia.<\/p>\n<p>La Minga ha gestionado tambi\u00e9n el <strong>Programa Nacional Banco de Herramientas, Maquinarias y Materiales<\/strong> fortaleciendo cada unidad emprendedora familiar. Las maquinarias, herramientas y materiales destinados al Programa Nacional se compraron localmente, lo que significa que la inversi\u00f3n social circula en los comercios olavarrienses.<\/p>\n","protected":false},"excerpt":{"rendered":"<p>El proyecto de declaraci\u00f3n fue impulsado por el diputado Ricardo Lissalde. Este viernes, se entregar\u00e1 el reconocimiento en la plaza<\/p>\n","protected":false},"author":4,"featured_media":130308,"comment_status":"closed","ping_status":"closed","sticky":false,"template":"","format":"standard","meta":{"_jetpack_memberships_contains_paid_content":false,"footnotes":""},"categories":[4,1],"tags":[],"class_list":["post-130307","post","type-post","status-publish","format-standard","has-post-thumbnail","hentry","category-politica","category-portada"],"jetpack_featured_media_url":"https:\/\/i0.wp.com\/cdnoticias.com\/wp-content\/uploads\/2024\/11\/ricardo-lissalde.jpeg?fit=800%2C445&ssl=1","jetpack_sharing_enabled":true,"_links":{"self":[{"href":"https:\/\/cdnoticias.com\/index.php\/wp-json\/wp\/v2\/posts\/130307","targetHints":{"allow":["GET"]}}],"collection":[{"href":"https:\/\/cdnoticias.com\/index.php\/wp-json\/wp\/v2\/posts"}],"about":[{"href":"https:\/\/cdnoticias.com\/index.php\/wp-json\/wp\/v2\/types\/post"}],"author":[{"embeddable":true,"href":"https:\/\/cdnoticias.com\/index.php\/wp-json\/wp\/v2\/users\/4"}],"replies":[{"embeddable":true,"href":"https:\/\/cdnoticias.com\/index.php\/wp-json\/wp\/v2\/comments?post=130307"}],"version-history":[{"count":0,"href":"https:\/\/cdnoticias.com\/index.php\/wp-json\/wp\/v2\/posts\/130307\/revisions"}],"wp:featuredmedia":[{"embeddable":true,"href":"https:\/\/cdnoticias.com\/index.php\/wp-json\/wp\/v2\/media\/130308"}],"wp:attachment":[{"href":"https:\/\/cdnoticias.com\/index.php\/wp-json\/wp\/v2\/media?parent=130307"}],"wp:term":[{"taxonomy":"category","embeddable":true,"href":"https:\/\/cdnoticias.com\/index.php\/wp-json\/wp\/v2\/categories?post=130307"},{"taxonomy":"post_tag","embeddable":true,"href":"https:\/\/cdnoticias.com\/index.php\/wp-json\/wp\/v2\/tags?post=130307"}],"curies":[{"name":"wp","href":"https:\/\/api.w.org\/{rel}","templated":true}]}}