{"id":130302,"date":"2024-11-14T10:20:02","date_gmt":"2024-11-14T13:20:02","guid":{"rendered":"https:\/\/cdnoticias.com\/?p=130302"},"modified":"2024-11-14T14:08:53","modified_gmt":"2024-11-14T17:08:53","slug":"un-barrio-de-olavarria-lleva-el-nombre-de-ara-san-juan","status":"publish","type":"post","link":"https:\/\/cdnoticias.com\/index.php\/2024\/11\/14\/un-barrio-de-olavarria-lleva-el-nombre-de-ara-san-juan\/","title":{"rendered":"Un barrio de Olavarr\u00eda lleva el nombre de \u201cAra San Juan\u201d"},"content":{"rendered":"<p>Se aprob\u00f3 en la sesi\u00f3n de este jueves del HCD. Es la zona comprendida por Mu\u00f1oz, Pellegrini, Avellaneda y Rossi. \u201cSer\u00e1 un tributo permanente a los submarinistas fallecidos\u201d defini\u00f3 la concejal Telma Cazot.<!--more--><\/p>\n<hr \/>\n<p>Este jueves se desarrolla la <a href=\"https:\/\/cdnoticias.com\/index.php\/2024\/11\/14\/este-jueves-sesionara-el-concejo-deliberante\/\" target=\"_blank\" rel=\"noopener\">16\u00aa sesi\u00f3n ordinaria del HCD<\/a> y el primer proyecto aprobado es una <strong>ordenanza que fija el nombre de \u201cAra San Juan\u201d para un barrio<\/strong> de la ciudad de Olavarr\u00eda.<\/p>\n<p>Se vot\u00f3 por <strong>unanimidad<\/strong> la <strong>ordenanza 5.436\/24<\/strong> que impone nombre a <strong>sector comprendido por Mu\u00f1oz, Pellegrini, Avellaneda y Rossi<\/strong>, cuyos habitantes impulsaron la iniciativa en 2021 -a trav\u00e9s del entonces en funciones bloque Renovaci\u00f3n Peronista- y <strong>ya utilizan la denominaci\u00f3n<\/strong> por elecci\u00f3n personal.<\/p>\n<p>La<strong> concejal Telma Cazot (Uni\u00f3n por la Patria)<\/strong> present\u00f3 la propuesta en el recinto quien destac\u00f3 que \u201c<strong>los vecinos han manifestado su deseo\u201d<\/strong> de llevar el nombre Ara San Juan para el barrio a modo de <strong>\u201chomenaje a los 44 submarinistas fallecidos en el tr\u00e1gico hundimiento del 15 de noviembre de 2017\u201d<\/strong>.<\/p>\n<p><img data-recalc-dims=\"1\" loading=\"lazy\" decoding=\"async\" class=\"size-full wp-image-130305 aligncenter\" src=\"https:\/\/i0.wp.com\/cdnoticias.com\/wp-content\/uploads\/2024\/11\/HCD-sesion-14-11-24-telma-cazot.jpg?resize=800%2C445&#038;ssl=1\" alt=\"\" width=\"800\" height=\"445\" srcset=\"https:\/\/i0.wp.com\/cdnoticias.com\/wp-content\/uploads\/2024\/11\/HCD-sesion-14-11-24-telma-cazot.jpg?w=1000&amp;ssl=1 1000w, https:\/\/i0.wp.com\/cdnoticias.com\/wp-content\/uploads\/2024\/11\/HCD-sesion-14-11-24-telma-cazot.jpg?resize=300%2C167&amp;ssl=1 300w, https:\/\/i0.wp.com\/cdnoticias.com\/wp-content\/uploads\/2024\/11\/HCD-sesion-14-11-24-telma-cazot.jpg?resize=768%2C427&amp;ssl=1 768w, https:\/\/i0.wp.com\/cdnoticias.com\/wp-content\/uploads\/2024\/11\/HCD-sesion-14-11-24-telma-cazot.jpg?resize=800%2C445&amp;ssl=1 800w\" sizes=\"auto, (max-width: 800px) 100vw, 800px\" \/><\/p>\n<blockquote><p>\u201cContribuir\u00e1 y ser\u00e1 un tributo permanente a los submarinistas fallecidos; y da continuidad a un espacio urbano que est\u00e1 en pleno desarrollo\u201d expres\u00f3.<\/p><\/blockquote>\n<p>\u201cLa imposici\u00f3n de un nombre a un barrio contribuye a la <em>mejor y mayor identificaci\u00f3n, no solo por cuesti\u00f3n geogr\u00e1fica referencial sino tambi\u00e9n comunitaria<\/em>\u201d defini\u00f3 Cazot. Asimismo, valor\u00f3 que<strong> los vecinos del sector \u201cya se han apropiado del nombre\u201d<\/strong>.<\/p>\n<p>Cont\u00f3 que tambi\u00e9n <strong>\u201cacompa\u00f1an a la familia del Capit\u00e1n de Coberta Diego Wagner Clar\u201d<\/strong>, uno de los fallecidos en el submarino, y que busca ayudar a <strong>\u201csostener el reclamo leg\u00edtimo sobre el esclarecimiento de lo sucedido\u201d<\/strong>.<\/p>\n<p>En ese sentido, la concejal tambi\u00e9n remarc\u00f3 que <strong>estaban presentes en el recinto del HCD los padres de Diego Wagner Clar<\/strong>.<\/p>\n<p><img data-recalc-dims=\"1\" loading=\"lazy\" decoding=\"async\" class=\"size-full wp-image-130303 aligncenter\" src=\"https:\/\/i0.wp.com\/cdnoticias.com\/wp-content\/uploads\/2024\/11\/HCD-sesion-14-11-24-02.jpg?resize=800%2C450&#038;ssl=1\" alt=\"\" width=\"800\" height=\"450\" srcset=\"https:\/\/i0.wp.com\/cdnoticias.com\/wp-content\/uploads\/2024\/11\/HCD-sesion-14-11-24-02.jpg?w=1000&amp;ssl=1 1000w, https:\/\/i0.wp.com\/cdnoticias.com\/wp-content\/uploads\/2024\/11\/HCD-sesion-14-11-24-02.jpg?resize=300%2C169&amp;ssl=1 300w, https:\/\/i0.wp.com\/cdnoticias.com\/wp-content\/uploads\/2024\/11\/HCD-sesion-14-11-24-02.jpg?resize=768%2C432&amp;ssl=1 768w\" sizes=\"auto, (max-width: 800px) 100vw, 800px\" \/><\/p>\n","protected":false},"excerpt":{"rendered":"<p>Se aprob\u00f3 en la sesi\u00f3n de este jueves del HCD. Es la zona comprendida por Mu\u00f1oz, Pellegrini, Avellaneda y Rossi.<\/p>\n","protected":false},"author":4,"featured_media":130304,"comment_status":"closed","ping_status":"closed","sticky":false,"template":"","format":"standard","meta":{"_jetpack_memberships_contains_paid_content":false,"footnotes":""},"categories":[4,1],"tags":[],"class_list":["post-130302","post","type-post","status-publish","format-standard","has-post-thumbnail","hentry","category-politica","category-portada"],"jetpack_featured_media_url":"https:\/\/i0.wp.com\/cdnoticias.com\/wp-content\/uploads\/2024\/11\/HCD-sesion-14-11-24-unanimidad.jpg?fit=1000%2C563&ssl=1","jetpack_sharing_enabled":true,"_links":{"self":[{"href":"https:\/\/cdnoticias.com\/index.php\/wp-json\/wp\/v2\/posts\/130302","targetHints":{"allow":["GET"]}}],"collection":[{"href":"https:\/\/cdnoticias.com\/index.php\/wp-json\/wp\/v2\/posts"}],"about":[{"href":"https:\/\/cdnoticias.com\/index.php\/wp-json\/wp\/v2\/types\/post"}],"author":[{"embeddable":true,"href":"https:\/\/cdnoticias.com\/index.php\/wp-json\/wp\/v2\/users\/4"}],"replies":[{"embeddable":true,"href":"https:\/\/cdnoticias.com\/index.php\/wp-json\/wp\/v2\/comments?post=130302"}],"version-history":[{"count":0,"href":"https:\/\/cdnoticias.com\/index.php\/wp-json\/wp\/v2\/posts\/130302\/revisions"}],"wp:featuredmedia":[{"embeddable":true,"href":"https:\/\/cdnoticias.com\/index.php\/wp-json\/wp\/v2\/media\/130304"}],"wp:attachment":[{"href":"https:\/\/cdnoticias.com\/index.php\/wp-json\/wp\/v2\/media?parent=130302"}],"wp:term":[{"taxonomy":"category","embeddable":true,"href":"https:\/\/cdnoticias.com\/index.php\/wp-json\/wp\/v2\/categories?post=130302"},{"taxonomy":"post_tag","embeddable":true,"href":"https:\/\/cdnoticias.com\/index.php\/wp-json\/wp\/v2\/tags?post=130302"}],"curies":[{"name":"wp","href":"https:\/\/api.w.org\/{rel}","templated":true}]}}