{"id":130299,"date":"2024-11-14T09:42:02","date_gmt":"2024-11-14T12:42:02","guid":{"rendered":"https:\/\/cdnoticias.com\/?p=130299"},"modified":"2024-11-14T12:41:38","modified_gmt":"2024-11-14T15:41:38","slug":"dejo-la-bicicleta-cuando-vio-a-la-policia-la-habian-robado-en-enero-del-ano-pasado","status":"publish","type":"post","link":"https:\/\/cdnoticias.com\/index.php\/2024\/11\/14\/dejo-la-bicicleta-cuando-vio-a-la-policia-la-habian-robado-en-enero-del-ano-pasado\/","title":{"rendered":"Dej\u00f3 la bicicleta cuando vio a la Polic\u00eda: la hab\u00edan robado en enero del a\u00f1o pasado"},"content":{"rendered":"<p>Fue en calle 120 y 25 de Mayo. Se estableci\u00f3 que el rodado hab\u00eda sido robado en el centro de la ciudad.<!--more--><\/p>\n<hr \/>\n<p>Una <strong>bicicleta<\/strong> que hab\u00eda sido <strong>robada hace casi dos a\u00f1os<\/strong> fue <strong>recuperada este mi\u00e9rcoles por personal de Polic\u00eda Local <\/strong>en inmediaciones de<strong> calle 120 y 25 de Mayo<\/strong>.<\/p>\n<p>Seg\u00fan se pudo saber, los efectivos observaron a <strong>un joven que transitaba en bicicleta quien, al ver a los uniformados, se descart\u00f3 del rodado<\/strong> y huy\u00f3 del lugar.<\/p>\n<blockquote><p>El veh\u00edculo -tipo mountain bike color negra y naranja, rodado 27 \u00bd- fue secuestrado y se estableci\u00f3 que hab\u00eda sido robado en enero del a\u00f1o pasado y, en base a la oportuna denuncia presentada, fue sustra\u00eddo de Moreno al 2600.<\/p><\/blockquote>\n<p><strong>Las actuaciones se caratularon \u201challazgo\u201d<\/strong> con intervenci\u00f3n de la Comisar\u00eda Primera, hacia donde se envi\u00f3 la bicicleta para ser devuelta a su propietaria.<\/p>\n","protected":false},"excerpt":{"rendered":"<p>Fue en calle 120 y 25 de Mayo. Se estableci\u00f3 que el rodado hab\u00eda sido robado en el centro de<\/p>\n","protected":false},"author":4,"featured_media":130300,"comment_status":"closed","ping_status":"closed","sticky":false,"template":"","format":"standard","meta":{"_jetpack_memberships_contains_paid_content":false,"footnotes":""},"categories":[14,1],"tags":[],"class_list":["post-130299","post","type-post","status-publish","format-standard","has-post-thumbnail","hentry","category-policiales","category-portada"],"jetpack_featured_media_url":"https:\/\/i0.wp.com\/cdnoticias.com\/wp-content\/uploads\/2024\/11\/calle-120-y-25-de-mayo-00.jpg?fit=1000%2C556&ssl=1","jetpack_sharing_enabled":true,"_links":{"self":[{"href":"https:\/\/cdnoticias.com\/index.php\/wp-json\/wp\/v2\/posts\/130299","targetHints":{"allow":["GET"]}}],"collection":[{"href":"https:\/\/cdnoticias.com\/index.php\/wp-json\/wp\/v2\/posts"}],"about":[{"href":"https:\/\/cdnoticias.com\/index.php\/wp-json\/wp\/v2\/types\/post"}],"author":[{"embeddable":true,"href":"https:\/\/cdnoticias.com\/index.php\/wp-json\/wp\/v2\/users\/4"}],"replies":[{"embeddable":true,"href":"https:\/\/cdnoticias.com\/index.php\/wp-json\/wp\/v2\/comments?post=130299"}],"version-history":[{"count":0,"href":"https:\/\/cdnoticias.com\/index.php\/wp-json\/wp\/v2\/posts\/130299\/revisions"}],"wp:featuredmedia":[{"embeddable":true,"href":"https:\/\/cdnoticias.com\/index.php\/wp-json\/wp\/v2\/media\/130300"}],"wp:attachment":[{"href":"https:\/\/cdnoticias.com\/index.php\/wp-json\/wp\/v2\/media?parent=130299"}],"wp:term":[{"taxonomy":"category","embeddable":true,"href":"https:\/\/cdnoticias.com\/index.php\/wp-json\/wp\/v2\/categories?post=130299"},{"taxonomy":"post_tag","embeddable":true,"href":"https:\/\/cdnoticias.com\/index.php\/wp-json\/wp\/v2\/tags?post=130299"}],"curies":[{"name":"wp","href":"https:\/\/api.w.org\/{rel}","templated":true}]}}