{"id":130293,"date":"2024-11-14T09:19:33","date_gmt":"2024-11-14T12:19:33","guid":{"rendered":"https:\/\/cdnoticias.com\/?p=130293"},"modified":"2024-11-14T09:19:34","modified_gmt":"2024-11-14T12:19:34","slug":"fiesta-provincial-de-teatro-en-olavarria-que-obras-ver-este-jueves","status":"publish","type":"post","link":"https:\/\/cdnoticias.com\/index.php\/2024\/11\/14\/fiesta-provincial-de-teatro-en-olavarria-que-obras-ver-este-jueves\/","title":{"rendered":"Fiesta Provincial de Teatro en Olavarr\u00eda: \u00bfQu\u00e9 obras ver este jueves?"},"content":{"rendered":"\n<p>El encuentro se extiende hasta el 16 de noviembre, con entrada libre y gratuita, en cuatro espacios teatrales.<\/p>\n\n\n\n<hr class=\"wp-block-separator has-alpha-channel-opacity\"\/>\n\n\n\n<p>El Consejo Provincial de Teatro Independiente (CPTI), perteneciente al Instituto Cultural de la Provincia de Buenos Aires, en conjunto con el Instituto Nacional del Teatro (INT) y el Municipio de Olavarr\u00eda llevan adelante la <strong>38\u00b0 Fiesta Provincial de Teatro.<\/strong><\/p>\n\n\n\n<p><\/p>\n\n\n\n<p>El evento comenz\u00f3 el martes y se extender\u00e1 hasta el s\u00e1bado 16 de noviembre y este a\u00f1o nuestra ciudad ser\u00e1 la anfitriona.<\/p>\n\n\n\n<p><\/p>\n\n\n\n<p>El encuentro que re\u00fane al teatro independiente bonaerense tendr\u00e1 20 funciones y 120 artistas, <strong>con entrada libre y gratuita<\/strong> que podr\u00e1n retirar en cada sede una hora antes de la funci\u00f3n.<\/p>\n\n\n\n<p><\/p>\n\n\n\n<p><strong>Las obras de este jueves:<\/strong><\/p>\n\n\n\n<p><\/p>\n\n\n\n<p><strong>SALTO- REGI\u00d3N 14<br>Chau Misterix<br>10:00 Teatro Municipal (Rivadavia 2800)<\/strong><\/p>\n\n\n\n<p><\/p>\n\n\n\n<p><strong>Sinopsis:<\/strong> Misterix es la historia de un crecimiento. Cambiar de estado, de etapa, el dolor de crecer. En una esquina reconocible de un barrio del gran Buenos Aires, en los carnavales de 1958, cuatro amigos de 10 a\u00f1os juegan en la vereda.<\/p>\n\n\n\n<p><\/p>\n\n\n\n<p>Rub\u00e9n soporta la edad del pavo refugi\u00e1ndose en Misterix, un h\u00e9roe de la \u00e9poca, y sus amigos colaboran con sus fantas\u00edas interpretando todos los personajes que invoca.<\/p>\n\n\n\n<p><\/p>\n\n\n\n<p>Deliciosamente escrita, llena de situaciones ingenuas, hilarantes, que enriquecen nuestro imaginario, el d\u00eda del eclipse, comienza en la calle, contin\u00faa con la siesta fant\u00e1stica en la terraza y culmina en el baile del club.<\/p>\n\n\n\n<p><\/p>\n\n\n\n<p>Los pasos de la realidad a la fantas\u00eda, la edad de los protagonistas, la \u00e9poca, el despertar de la sexualidad, los amores desencontrados, las rivalidades y competencias, las frustraciones, van sucediendo, llev\u00e1ndonos por un relato cl\u00e1sico, maravilloso, que nos expresa.<\/p>\n\n\n\n<p><\/p>\n\n\n\n<p>Claro que casi siempre las cosas no resultan ser como las deseamos y sufriendo y gozando intermitentemente, vamos creciendo, cambiando de estado, de etapa.<\/p>\n\n\n\n<p><\/p>\n\n\n\n<figure class=\"wp-block-image size-full\"><img data-recalc-dims=\"1\" loading=\"lazy\" decoding=\"async\" width=\"800\" height=\"444\" src=\"https:\/\/i0.wp.com\/cdnoticias.com\/wp-content\/uploads\/2024\/11\/teatro-provincial-02.jpg?resize=800%2C444&#038;ssl=1\" alt=\"\" class=\"wp-image-130295\" srcset=\"https:\/\/i0.wp.com\/cdnoticias.com\/wp-content\/uploads\/2024\/11\/teatro-provincial-02.jpg?w=800&amp;ssl=1 800w, https:\/\/i0.wp.com\/cdnoticias.com\/wp-content\/uploads\/2024\/11\/teatro-provincial-02.jpg?resize=300%2C167&amp;ssl=1 300w, https:\/\/i0.wp.com\/cdnoticias.com\/wp-content\/uploads\/2024\/11\/teatro-provincial-02.jpg?resize=768%2C426&amp;ssl=1 768w\" sizes=\"auto, (max-width: 800px) 100vw, 800px\" \/><\/figure>\n\n\n\n<p><\/p>\n\n\n\n<p><strong>AVELLANEDA- FLORENCIO VARELA- REGI\u00d3N: 3<br>La odisea de Florencio Varela<br>15:00 Teatro Municipal (Rivadavia 2800)<\/strong><\/p>\n\n\n\n<p><\/p>\n\n\n\n<p><strong>Sinopsis:<\/strong> La Odisea de Florencio Varela donde las barreras geogr\u00e1ficas se transforman en barreras sociales mientras los personajes enfrentan la discriminaci\u00f3n por vivir lejos de la capital federal.<\/p>\n\n\n\n<p>La importancia de las conexiones humanas en un mundo marcado por el individualismo, explorando la poes\u00eda y la complejidad de la vida en movimiento.<\/p>\n\n\n\n<p><\/p>\n\n\n\n<figure class=\"wp-block-image size-full\"><img data-recalc-dims=\"1\" loading=\"lazy\" decoding=\"async\" width=\"800\" height=\"444\" src=\"https:\/\/i0.wp.com\/cdnoticias.com\/wp-content\/uploads\/2024\/11\/teatro-provincial-03.jpg?resize=800%2C444&#038;ssl=1\" alt=\"\" class=\"wp-image-130296\" srcset=\"https:\/\/i0.wp.com\/cdnoticias.com\/wp-content\/uploads\/2024\/11\/teatro-provincial-03.jpg?w=800&amp;ssl=1 800w, https:\/\/i0.wp.com\/cdnoticias.com\/wp-content\/uploads\/2024\/11\/teatro-provincial-03.jpg?resize=300%2C167&amp;ssl=1 300w, https:\/\/i0.wp.com\/cdnoticias.com\/wp-content\/uploads\/2024\/11\/teatro-provincial-03.jpg?resize=768%2C426&amp;ssl=1 768w\" sizes=\"auto, (max-width: 800px) 100vw, 800px\" \/><\/figure>\n\n\n\n<p><\/p>\n\n\n\n<p><strong>SAN FERNANDO- REGI\u00d3N 1<br>Pajarraquito<br>17:00 Punto de Giro (Maip\u00fa 3428)<\/strong><\/p>\n\n\n\n<p><\/p>\n\n\n\n<p><strong>Sinopsis: <\/strong>Es un espect\u00e1culo unipersonal de teatro y t\u00edteres para j\u00f3venes y adultxs que nos sumerge en la historia de Mecha.<\/p>\n\n\n\n<p><\/p>\n\n\n\n<p>Una madre abnegada, fan\u00e1tica de las pel\u00edculas de Mecha Ortiz (actriz de los a\u00f1os\u00b440), que con esfuerzo y dolor lleva adelante una vez m\u00e1s, un nuevo tratamiento para su hijo enfermo.<\/p>\n\n\n\n<p><\/p>\n\n\n\n<figure class=\"wp-block-image size-full\"><img data-recalc-dims=\"1\" loading=\"lazy\" decoding=\"async\" width=\"800\" height=\"445\" src=\"https:\/\/i0.wp.com\/cdnoticias.com\/wp-content\/uploads\/2024\/11\/teatro-provincial-04.jpg?resize=800%2C445&#038;ssl=1\" alt=\"\" class=\"wp-image-130297\" srcset=\"https:\/\/i0.wp.com\/cdnoticias.com\/wp-content\/uploads\/2024\/11\/teatro-provincial-04.jpg?w=800&amp;ssl=1 800w, https:\/\/i0.wp.com\/cdnoticias.com\/wp-content\/uploads\/2024\/11\/teatro-provincial-04.jpg?resize=300%2C167&amp;ssl=1 300w, https:\/\/i0.wp.com\/cdnoticias.com\/wp-content\/uploads\/2024\/11\/teatro-provincial-04.jpg?resize=768%2C427&amp;ssl=1 768w\" sizes=\"auto, (max-width: 800px) 100vw, 800px\" \/><\/figure>\n\n\n\n<p><\/p>\n\n\n\n<p><strong>TANDIL- REGI\u00d3N 11<br>Prima f\u00edlmica<br>20:00 Teatro Municipal (Rivadavia 2800)<\/strong><\/p>\n\n\n\n<p><\/p>\n\n\n\n<p><strong>Sinopsis:<\/strong> Dos hermanxs y el peso de una herencia. Un departamento, como refugios de recuerdos. Su c\u00e1mara de video y sus filmaciones, un escape. La llegada de \u00c1ngela: el comienzo de una nueva historia, un nuevo guion y un rodaje inesperado para Roberto y Damiana.<\/p>\n","protected":false},"excerpt":{"rendered":"<p>El encuentro se extiende hasta el 16 de noviembre, con entrada libre y gratuita, en cuatro espacios teatrales. El Consejo<\/p>\n","protected":false},"author":2,"featured_media":130294,"comment_status":"closed","ping_status":"closed","sticky":false,"template":"","format":"standard","meta":{"_jetpack_memberships_contains_paid_content":false,"footnotes":""},"categories":[9,1],"tags":[],"class_list":["post-130293","post","type-post","status-publish","format-standard","has-post-thumbnail","hentry","category-cultura","category-portada"],"jetpack_featured_media_url":"https:\/\/i0.wp.com\/cdnoticias.com\/wp-content\/uploads\/2024\/11\/teatro-provincial-01.jpg?fit=800%2C445&ssl=1","jetpack_sharing_enabled":true,"_links":{"self":[{"href":"https:\/\/cdnoticias.com\/index.php\/wp-json\/wp\/v2\/posts\/130293","targetHints":{"allow":["GET"]}}],"collection":[{"href":"https:\/\/cdnoticias.com\/index.php\/wp-json\/wp\/v2\/posts"}],"about":[{"href":"https:\/\/cdnoticias.com\/index.php\/wp-json\/wp\/v2\/types\/post"}],"author":[{"embeddable":true,"href":"https:\/\/cdnoticias.com\/index.php\/wp-json\/wp\/v2\/users\/2"}],"replies":[{"embeddable":true,"href":"https:\/\/cdnoticias.com\/index.php\/wp-json\/wp\/v2\/comments?post=130293"}],"version-history":[{"count":0,"href":"https:\/\/cdnoticias.com\/index.php\/wp-json\/wp\/v2\/posts\/130293\/revisions"}],"wp:featuredmedia":[{"embeddable":true,"href":"https:\/\/cdnoticias.com\/index.php\/wp-json\/wp\/v2\/media\/130294"}],"wp:attachment":[{"href":"https:\/\/cdnoticias.com\/index.php\/wp-json\/wp\/v2\/media?parent=130293"}],"wp:term":[{"taxonomy":"category","embeddable":true,"href":"https:\/\/cdnoticias.com\/index.php\/wp-json\/wp\/v2\/categories?post=130293"},{"taxonomy":"post_tag","embeddable":true,"href":"https:\/\/cdnoticias.com\/index.php\/wp-json\/wp\/v2\/tags?post=130293"}],"curies":[{"name":"wp","href":"https:\/\/api.w.org\/{rel}","templated":true}]}}