{"id":130290,"date":"2024-11-14T11:45:52","date_gmt":"2024-11-14T14:45:52","guid":{"rendered":"https:\/\/cdnoticias.com\/?p=130290"},"modified":"2024-11-14T11:45:54","modified_gmt":"2024-11-14T14:45:54","slug":"tenia-orden-de-captura-y-lo-hallaron-en-el-barrio-hipolito-yrigoyen","status":"publish","type":"post","link":"https:\/\/cdnoticias.com\/index.php\/2024\/11\/14\/tenia-orden-de-captura-y-lo-hallaron-en-el-barrio-hipolito-yrigoyen\/","title":{"rendered":"Ten\u00eda orden de captura y lo hallaron en el barrio Hip\u00f3lito Yrigoyen"},"content":{"rendered":"<p>La orden se hab\u00eda emitido en agosto desde el Tribunal Oral N\u00ba 1 de Azul. Est\u00e1 imputado por \u201crobo agravado veh\u00edculo dejado en la v\u00eda p\u00fablica\u201d.<!--more--><\/p>\n<hr \/>\n<p>Efectivos de <strong>Polic\u00eda Local<\/strong> <strong>identificaron en la v\u00eda p\u00fablica a un hombre<\/strong> sobre quien <strong>el juez Joaqu\u00edn Duba del Tribunal Oral N\u00ba 1 de Azul<\/strong> hab\u00eda emitido una <strong>orden de captura.<\/strong><\/p>\n<p>Seg\u00fan se detall\u00f3, el caso se dio <strong>en Urquiza e Hip\u00f3lito Yrigoyen<\/strong> donde se hizo efectiva la <strong>orden de captura emitida en los primeros d\u00edas de agosto de este a\u00f1o<\/strong>.<\/p>\n<blockquote><p>El hombre, de 35 a\u00f1os, est\u00e1 imputado en una causa por \u201crobo agravado veh\u00edculo dejado en la v\u00eda p\u00fablica\u201d. Con estas actuaciones fue notificado de su citaci\u00f3n a una audiencia en el Tribunal azule\u00f1o y qued\u00f3 en libertad por disposici\u00f3n del mismo juzgado.<\/p><\/blockquote>\n","protected":false},"excerpt":{"rendered":"<p>La orden se hab\u00eda emitido en agosto desde el Tribunal Oral N\u00ba 1 de Azul. Est\u00e1 imputado por \u201crobo agravado<\/p>\n","protected":false},"author":4,"featured_media":130291,"comment_status":"closed","ping_status":"closed","sticky":false,"template":"","format":"standard","meta":{"_jetpack_memberships_contains_paid_content":false,"footnotes":""},"categories":[14,1],"tags":[],"class_list":["post-130290","post","type-post","status-publish","format-standard","has-post-thumbnail","hentry","category-policiales","category-portada"],"jetpack_featured_media_url":"https:\/\/i0.wp.com\/cdnoticias.com\/wp-content\/uploads\/2024\/11\/policia-local-00.jpg?fit=1000%2C557&ssl=1","jetpack_sharing_enabled":true,"_links":{"self":[{"href":"https:\/\/cdnoticias.com\/index.php\/wp-json\/wp\/v2\/posts\/130290","targetHints":{"allow":["GET"]}}],"collection":[{"href":"https:\/\/cdnoticias.com\/index.php\/wp-json\/wp\/v2\/posts"}],"about":[{"href":"https:\/\/cdnoticias.com\/index.php\/wp-json\/wp\/v2\/types\/post"}],"author":[{"embeddable":true,"href":"https:\/\/cdnoticias.com\/index.php\/wp-json\/wp\/v2\/users\/4"}],"replies":[{"embeddable":true,"href":"https:\/\/cdnoticias.com\/index.php\/wp-json\/wp\/v2\/comments?post=130290"}],"version-history":[{"count":0,"href":"https:\/\/cdnoticias.com\/index.php\/wp-json\/wp\/v2\/posts\/130290\/revisions"}],"wp:featuredmedia":[{"embeddable":true,"href":"https:\/\/cdnoticias.com\/index.php\/wp-json\/wp\/v2\/media\/130291"}],"wp:attachment":[{"href":"https:\/\/cdnoticias.com\/index.php\/wp-json\/wp\/v2\/media?parent=130290"}],"wp:term":[{"taxonomy":"category","embeddable":true,"href":"https:\/\/cdnoticias.com\/index.php\/wp-json\/wp\/v2\/categories?post=130290"},{"taxonomy":"post_tag","embeddable":true,"href":"https:\/\/cdnoticias.com\/index.php\/wp-json\/wp\/v2\/tags?post=130290"}],"curies":[{"name":"wp","href":"https:\/\/api.w.org\/{rel}","templated":true}]}}