{"id":130288,"date":"2024-11-14T08:58:10","date_gmt":"2024-11-14T11:58:10","guid":{"rendered":"https:\/\/cdnoticias.com\/?p=130288"},"modified":"2024-11-14T10:20:21","modified_gmt":"2024-11-14T13:20:21","slug":"se-intoxicaron-50-personas-que-trabajan-en-la-construccion-de-un-parque-eolico","status":"publish","type":"post","link":"https:\/\/cdnoticias.com\/index.php\/2024\/11\/14\/se-intoxicaron-50-personas-que-trabajan-en-la-construccion-de-un-parque-eolico\/","title":{"rendered":"Se intoxicaron 50 personas que trabajan en la construcci\u00f3n de un Parque E\u00f3lico"},"content":{"rendered":"\n<p>El operativo sanitario fue coordinado desde la subsecretar\u00eda de Salud. Hubo activa participaci\u00f3n de las cl\u00ednicas privadas. Hay 20 personas internadas.<\/p>\n\n\n\n<hr class=\"wp-block-separator has-alpha-channel-opacity\"\/>\n\n\n\n<p>Medio centenar de personas que<strong> se encontraban trabajando en la obra de construcci\u00f3n de un Parque E\u00f3lico en Olavarr\u00eda se intoxicaron con alimentos <\/strong>y se tuvo que desplegar un in\u00e9dito y coordinado operativo sanitario que incluy\u00f3 al sistema p\u00fablico y privado de salud.<\/p>\n\n\n\n<p><\/p>\n\n\n\n<p>As\u00ed fue confirmado a <em>En L\u00ednea Noticias <\/em>por fuentes oficiales que adem\u00e1s detallaron que como consecuencia de la intoxicaci\u00f3n <strong>hay varias personas internadas.<\/strong><\/p>\n\n\n\n<p><\/p>\n\n\n\n<p>Desde el \u00e1rea de salud municipal se activ\u00f3 un<strong> \u00abinterrogatorio epidemiol\u00f3gico\u00bb<\/strong> dado que la primera informaci\u00f3n daba cuenta que dos personas presentaban signos de intoxicaci\u00f3n y se encontraban en el mismo lugar.<\/p>\n\n\n\n<p><\/p>\n\n\n\n<p>La primera dependencia en tomar intervenci\u00f3n fue la<strong> Direcci\u00f3n de Epidemiolog\u00eda<\/strong> que dio aviso a las autoridades de la<strong> subsecretaria de Salud <\/strong>desde donde se le dio intervenci\u00f3n a la <strong>Jefatura de Gabinete <\/strong>a cargo de Mercedes Land\u00edvar para que se pueda avanzar con el contacto con la empresa que era parte de la construcci\u00f3n.<\/p>\n\n\n\n<p><\/p>\n\n\n\n<p>La investigaci\u00f3n epidemiol\u00f3gica logr\u00f3 determinar r\u00e1pidamente que <strong>\u00abel nexo\u00bb que relacionaba lo sucedido era la comida.<\/strong><\/p>\n\n\n\n<p><\/p>\n\n\n\n<p>A partir de all\u00ed la conducci\u00f3n del proceso se llev\u00f3 adelante en una Sala de Situaci\u00f3n que conformaron integrantes de la Subsecretar\u00eda de Salud y las direcciones de Emergencia y Epidemiol\u00f3gica. Desde esta Sala de Situaci\u00f3n <strong>se iniciaron los contactos con las cl\u00ednicas privadas de Olavarr\u00eda y se dispone que personal de salud p\u00fablica concurra a los efectores privados<\/strong> para monitorear cada uno de los casos.<\/p>\n\n\n\n<p><\/p>\n\n\n\n<p>Posteriormente se inform\u00f3 que <strong>en el Hospital Municipal \u00abDr. H\u00e9ctor M. Cura\u00bb fueron atendidas 9 personas de los cuales 4 fueron internados<\/strong> para hidrataci\u00f3n.<\/p>\n\n\n\n<p><\/p>\n\n\n\n<p>En el caso de la<strong> cl\u00ednica Mar\u00eda Auxiliadora fueron atendidas 12 personas de las cuales 6 fueron internados.<\/strong><\/p>\n\n\n\n<p><\/p>\n\n\n\n<p>Por \u00faltimo, se inform\u00f3 que la <strong>cl\u00ednica CEMEDA atendi\u00f3 a 19 personas de las cuales 10 fueron internadas.<\/strong><\/p>\n\n\n\n<p><\/p>\n\n\n\n<p><em><strong>Fuente: En L\u00ednea Noticias.<\/strong><\/em><\/p>\n","protected":false},"excerpt":{"rendered":"<p>El operativo sanitario fue coordinado desde la subsecretar\u00eda de Salud. Hubo activa participaci\u00f3n de las cl\u00ednicas privadas. Hay 20 personas<\/p>\n","protected":false},"author":2,"featured_media":1091,"comment_status":"closed","ping_status":"closed","sticky":false,"template":"","format":"standard","meta":{"_jetpack_memberships_contains_paid_content":false,"footnotes":""},"categories":[5,1],"tags":[],"class_list":["post-130288","post","type-post","status-publish","format-standard","has-post-thumbnail","hentry","category-informacion-general","category-portada"],"jetpack_featured_media_url":"https:\/\/i0.wp.com\/cdnoticias.com\/wp-content\/uploads\/2020\/09\/HospitalMunicipal03.jpg?fit=4608%2C3072&ssl=1","jetpack_sharing_enabled":true,"_links":{"self":[{"href":"https:\/\/cdnoticias.com\/index.php\/wp-json\/wp\/v2\/posts\/130288","targetHints":{"allow":["GET"]}}],"collection":[{"href":"https:\/\/cdnoticias.com\/index.php\/wp-json\/wp\/v2\/posts"}],"about":[{"href":"https:\/\/cdnoticias.com\/index.php\/wp-json\/wp\/v2\/types\/post"}],"author":[{"embeddable":true,"href":"https:\/\/cdnoticias.com\/index.php\/wp-json\/wp\/v2\/users\/2"}],"replies":[{"embeddable":true,"href":"https:\/\/cdnoticias.com\/index.php\/wp-json\/wp\/v2\/comments?post=130288"}],"version-history":[{"count":0,"href":"https:\/\/cdnoticias.com\/index.php\/wp-json\/wp\/v2\/posts\/130288\/revisions"}],"wp:featuredmedia":[{"embeddable":true,"href":"https:\/\/cdnoticias.com\/index.php\/wp-json\/wp\/v2\/media\/1091"}],"wp:attachment":[{"href":"https:\/\/cdnoticias.com\/index.php\/wp-json\/wp\/v2\/media?parent=130288"}],"wp:term":[{"taxonomy":"category","embeddable":true,"href":"https:\/\/cdnoticias.com\/index.php\/wp-json\/wp\/v2\/categories?post=130288"},{"taxonomy":"post_tag","embeddable":true,"href":"https:\/\/cdnoticias.com\/index.php\/wp-json\/wp\/v2\/tags?post=130288"}],"curies":[{"name":"wp","href":"https:\/\/api.w.org\/{rel}","templated":true}]}}