{"id":130227,"date":"2024-11-13T12:09:27","date_gmt":"2024-11-13T15:09:27","guid":{"rendered":"https:\/\/cdnoticias.com\/?p=130227"},"modified":"2024-11-13T17:14:10","modified_gmt":"2024-11-13T20:14:10","slug":"en-olavarria-se-realizaron-tres-allanamientos-en-el-marco-de-un-amplio-operativo-provincial-de-proteccion-de-infancias","status":"publish","type":"post","link":"https:\/\/cdnoticias.com\/index.php\/2024\/11\/13\/en-olavarria-se-realizaron-tres-allanamientos-en-el-marco-de-un-amplio-operativo-provincial-de-proteccion-de-infancias\/","title":{"rendered":"En Olavarr\u00eda se realizaron tres allanamientos en el marco de un amplio operativo provincial de protecci\u00f3n de infancias"},"content":{"rendered":"\n<p>Hubo allanamientos en 64 ciudades bonaerenses contra la trata y abuso sexual de ni\u00f1os, ni\u00f1as y adolescentes.<\/p>\n\n\n\n<hr class=\"wp-block-separator has-alpha-channel-opacity\"\/>\n\n\n\n<p>Un amplio <strong>operativo provincial contra la trata y abuso sexual de ni\u00f1os, ni\u00f1as y adolescentes<\/strong> se concret\u00f3 en 64 ciudades bonaerenses este martes 12 de noviembre. <strong>Se realizaron 114 allanamientos, hubo 70 menores encontrados y 112 imputados.<\/strong><\/p>\n\n\n\n<p><\/p>\n\n\n\n<p><strong>En nuestra ciudad se realizaron tres allanamientos a cargo del fiscal Lucas Moyano,<\/strong> dos en domicilios de Olavarr\u00eda y uno en una propiedad de Sierras Bayas.<\/p>\n\n\n\n<p><\/p>\n\n\n\n<p>Uno de los operativos se concret\u00f3 en <strong>De\u00e1n Funes al 2300 <\/strong>donde se secuestraron<strong> 3 tel\u00e9fonos celulares, 5 pendrive, 2 CPU, 1 notebook, 1 netbook y 1 tablet.<\/strong><\/p>\n\n\n\n<p><\/p>\n\n\n\n<p>El segundo allanamiento fue en <strong>Grimaldi bis al 500<\/strong>. Secuestraron <strong>2 tel\u00e9fonos celulares, 1 tarjeta micro SD, 1 CPU.<\/strong><\/p>\n\n\n\n<p><\/p>\n\n\n\n<p>En tanto, el tercer operativo se registr\u00f3 en <strong>Sierras Bayas<\/strong>, en una vivienda ubicada en<strong> Malvinas Argentinas 2300. <\/strong>Se secuestraron<strong> 6 tel\u00e9fonos celulares, 2 notebook, 1 dispositivo Chromecast, 1 pendrive, 1 CPU y 4 CDS.<\/strong><\/p>\n\n\n\n<p><\/p>\n\n\n\n<figure class=\"wp-block-image size-large\"><img data-recalc-dims=\"1\" loading=\"lazy\" decoding=\"async\" width=\"800\" height=\"445\" src=\"https:\/\/i0.wp.com\/cdnoticias.com\/wp-content\/uploads\/2024\/11\/operativo-infancias-03.jpg?resize=800%2C445&#038;ssl=1\" alt=\"\" class=\"wp-image-130228\" srcset=\"https:\/\/i0.wp.com\/cdnoticias.com\/wp-content\/uploads\/2024\/11\/operativo-infancias-03.jpg?resize=1024%2C570&amp;ssl=1 1024w, https:\/\/i0.wp.com\/cdnoticias.com\/wp-content\/uploads\/2024\/11\/operativo-infancias-03.jpg?resize=300%2C167&amp;ssl=1 300w, https:\/\/i0.wp.com\/cdnoticias.com\/wp-content\/uploads\/2024\/11\/operativo-infancias-03.jpg?resize=768%2C428&amp;ssl=1 768w, https:\/\/i0.wp.com\/cdnoticias.com\/wp-content\/uploads\/2024\/11\/operativo-infancias-03.jpg?resize=800%2C445&amp;ssl=1 800w, https:\/\/i0.wp.com\/cdnoticias.com\/wp-content\/uploads\/2024\/11\/operativo-infancias-03.jpg?w=1200&amp;ssl=1 1200w\" sizes=\"auto, (max-width: 800px) 100vw, 800px\" \/><\/figure>\n\n\n\n<p><\/p>\n\n\n\n<p><strong>El operativo provincial<\/strong><\/p>\n\n\n\n<p><\/p>\n\n\n\n<p>Denominado <strong>\u201cOperativo Protecci\u00f3n de la Infancia IV\u201d, <\/strong>involucr\u00f3 a 1.140 efectivos especializados en cibercrimen y delitos inform\u00e1ticos contra ni\u00f1os, ni\u00f1as y adolescentes, pertenecientes a la Direcci\u00f3n de Investigaciones en Cibercrimen de la Polic\u00eda de Buenos Aires, junto con la Divisi\u00f3n de Delitos Cibern\u00e9ticos contra la Ni\u00f1ez y Adolescencia de la Polic\u00eda Federal Argentina, y de la Divisi\u00f3n de Cibercrimen de la Polic\u00eda de CABA.<\/p>\n\n\n\n<p><\/p>\n\n\n\n<blockquote class=\"wp-block-quote is-layout-flow wp-block-quote-is-layout-flow\">\n<p>Se logr\u00f3 rescatar a 70 menores, de los cuales, varios de ellos ser\u00edan v\u00edctimas directas, seg\u00fan la investigaci\u00f3n en progreso.<\/p>\n<\/blockquote>\n\n\n\n<p><\/p>\n\n\n\n<p>La operaci\u00f3n dio inicio coordinadamente a las 6 de la ma\u00f1ana del martes, bajo la planificaci\u00f3n del <strong>Ministerio P\u00fablico de Buenos Aires,<\/strong> con supervisi\u00f3n del Procurador General, doctor Julio Conte-Grand, y estuvo enfocado en combatir tanto el consumo como la producci\u00f3n de material de abuso sexual infantil.<\/p>\n\n\n\n<p><\/p>\n\n\n\n<p>El procedimiento fue coordinado por el Departamento de Delitos Conexos a la Trata de Personas, Pornograf\u00eda Infantil y Grooming, a cargo de la doctora Eleonora Weingast, que depende de la Secretar\u00eda de Pol\u00edtica Criminal de la Procuraci\u00f3n General. Se identificaron los 114 objetivos a lo largo y ancho de toda la provincia.<\/p>\n\n\n\n<p><\/p>\n\n\n\n<blockquote class=\"wp-block-quote is-layout-flow wp-block-quote-is-layout-flow\">\n<p>Seg\u00fan se especific\u00f3, hay 112 imputados y 20 detenidos. Adem\u00e1s, fueron incautados 528 dispositivos de almacenamiento y secuestrados 260 celulares, armas de fuego y elementos no digitales relacionados con la investigaci\u00f3n.<\/p>\n<\/blockquote>\n\n\n\n<p><\/p>\n\n\n\n<figure class=\"wp-block-image size-large\"><img data-recalc-dims=\"1\" loading=\"lazy\" decoding=\"async\" width=\"800\" height=\"445\" src=\"https:\/\/i0.wp.com\/cdnoticias.com\/wp-content\/uploads\/2024\/11\/operativo-infancias-02.jpg?resize=800%2C445&#038;ssl=1\" alt=\"\" class=\"wp-image-130229\" srcset=\"https:\/\/i0.wp.com\/cdnoticias.com\/wp-content\/uploads\/2024\/11\/operativo-infancias-02.jpg?resize=1024%2C570&amp;ssl=1 1024w, https:\/\/i0.wp.com\/cdnoticias.com\/wp-content\/uploads\/2024\/11\/operativo-infancias-02.jpg?resize=300%2C167&amp;ssl=1 300w, https:\/\/i0.wp.com\/cdnoticias.com\/wp-content\/uploads\/2024\/11\/operativo-infancias-02.jpg?resize=768%2C428&amp;ssl=1 768w, https:\/\/i0.wp.com\/cdnoticias.com\/wp-content\/uploads\/2024\/11\/operativo-infancias-02.jpg?resize=800%2C445&amp;ssl=1 800w, https:\/\/i0.wp.com\/cdnoticias.com\/wp-content\/uploads\/2024\/11\/operativo-infancias-02.jpg?w=1376&amp;ssl=1 1376w\" sizes=\"auto, (max-width: 800px) 100vw, 800px\" \/><\/figure>\n\n\n\n<p><\/p>\n\n\n\n<p><strong>Gooming<\/strong><\/p>\n\n\n\n<p><\/p>\n\n\n\n<p>Adem\u00e1s del<strong> delito de descarga y distribuci\u00f3n de material de abuso sexual infantil,<\/strong> se investigan tambi\u00e9n los d<strong>elitos de tenencia, posible producci\u00f3n de dicho material, y el acoso sexual en l\u00ednea (grooming),<\/strong> en concordancia con los Art. 128 y 131 del C\u00f3digo Penal Argentino.<\/p>\n\n\n\n<p><\/p>\n\n\n\n<p>Es importante destacar que se trata del cuarto operativo del mismo tipo, que comenzaron en 2023 con una investigaci\u00f3n en el nodo fiscal de Jun\u00edn a cargo del fiscal Fernando Grafigna. A medida que se desarrollaron los siguientes operativos, se incluy\u00f3 a nuevos nodos judiciales.<\/p>\n","protected":false},"excerpt":{"rendered":"<p>Hubo allanamientos en 64 ciudades bonaerenses contra la trata y abuso sexual de ni\u00f1os, ni\u00f1as y adolescentes. Un amplio operativo<\/p>\n","protected":false},"author":2,"featured_media":130230,"comment_status":"closed","ping_status":"closed","sticky":false,"template":"","format":"standard","meta":{"_jetpack_memberships_contains_paid_content":false,"footnotes":""},"categories":[14,1],"tags":[],"class_list":["post-130227","post","type-post","status-publish","format-standard","has-post-thumbnail","hentry","category-policiales","category-portada"],"jetpack_featured_media_url":"https:\/\/i0.wp.com\/cdnoticias.com\/wp-content\/uploads\/2024\/11\/operativo-infancias-01.jpg?fit=1565%2C870&ssl=1","jetpack_sharing_enabled":true,"_links":{"self":[{"href":"https:\/\/cdnoticias.com\/index.php\/wp-json\/wp\/v2\/posts\/130227","targetHints":{"allow":["GET"]}}],"collection":[{"href":"https:\/\/cdnoticias.com\/index.php\/wp-json\/wp\/v2\/posts"}],"about":[{"href":"https:\/\/cdnoticias.com\/index.php\/wp-json\/wp\/v2\/types\/post"}],"author":[{"embeddable":true,"href":"https:\/\/cdnoticias.com\/index.php\/wp-json\/wp\/v2\/users\/2"}],"replies":[{"embeddable":true,"href":"https:\/\/cdnoticias.com\/index.php\/wp-json\/wp\/v2\/comments?post=130227"}],"version-history":[{"count":0,"href":"https:\/\/cdnoticias.com\/index.php\/wp-json\/wp\/v2\/posts\/130227\/revisions"}],"wp:featuredmedia":[{"embeddable":true,"href":"https:\/\/cdnoticias.com\/index.php\/wp-json\/wp\/v2\/media\/130230"}],"wp:attachment":[{"href":"https:\/\/cdnoticias.com\/index.php\/wp-json\/wp\/v2\/media?parent=130227"}],"wp:term":[{"taxonomy":"category","embeddable":true,"href":"https:\/\/cdnoticias.com\/index.php\/wp-json\/wp\/v2\/categories?post=130227"},{"taxonomy":"post_tag","embeddable":true,"href":"https:\/\/cdnoticias.com\/index.php\/wp-json\/wp\/v2\/tags?post=130227"}],"curies":[{"name":"wp","href":"https:\/\/api.w.org\/{rel}","templated":true}]}}