{"id":130207,"date":"2024-11-14T17:30:52","date_gmt":"2024-11-14T20:30:52","guid":{"rendered":"https:\/\/cdnoticias.com\/?p=130207"},"modified":"2024-11-14T17:30:53","modified_gmt":"2024-11-14T20:30:53","slug":"diabetes-una-enfermedad-silenciosa-que-amenaza-la-salud-de-millones-de-argentinos","status":"publish","type":"post","link":"https:\/\/cdnoticias.com\/index.php\/2024\/11\/14\/diabetes-una-enfermedad-silenciosa-que-amenaza-la-salud-de-millones-de-argentinos\/","title":{"rendered":"Diabetes: una enfermedad silenciosa que amenaza la salud de millones de argentinos"},"content":{"rendered":"\n<p>En el D\u00eda Mundial de la Diabetes, el Colegio de Nutricionistas bonaerense busca promocionar la salud desde un abordaje integral tanto para la prevenci\u00f3n como para el tratamiento de la enfermedad.<\/p>\n\n\n\n<hr class=\"wp-block-separator has-alpha-channel-opacity\"\/>\n\n\n\n<p><strong>Uno de cada dos argentinos que padece diabetes desconoce su condici\u00f3n<\/strong>, ya que por varios a\u00f1os esta enfermedad puede no presentar s\u00edntomas, seg\u00fan inform\u00f3 la Federaci\u00f3n Argentina de Diabetes. De acuerdo con la \u00faltima Encuesta Nacional de Factores de Riesgo, elaborada en Argentina, se estima que 13 de cada 100 personas mayores de 18 a\u00f1os tienen esta afecci\u00f3n, pero solo la mitad lo sabe.<\/p>\n\n\n\n<p><\/p>\n\n\n\n<p>La diabetes es una <strong>enfermedad cr\u00f3nica <\/strong>que se caracteriza por <strong>presentar hiperglucemia, es decir, niveles altos de az\u00facar en sangre, <\/strong>que cuando se sostienen en el tiempo pueden dar lugar a complicaciones en diferentes \u00f3rganos. Esta patolog\u00eda acompa\u00f1a toda la vida a la persona que la padece, sin embargo, con un seguimiento y tratamiento adecuado <strong>se pueden prevenir complicaciones y llevar una vida normal.<\/strong><\/p>\n\n\n\n<p><\/p>\n\n\n\n<p>Existen varios tipos de diabetes, siendo los m\u00e1s comunes<strong> los tipo 1 y tipo 2. <\/strong>La <strong>diabetes tipo 1 <\/strong>se caracteriza por la destrucci\u00f3n de las c\u00e9lulas productoras de insulina en el p\u00e1ncreas y afecta al 10% de los pacientes diab\u00e9ticos, siendo la gran mayor\u00eda de ellos adolescentes. Este tipo de diabetes afecta al 10% de los pacientes diab\u00e9ticos, siendo el 99% de ellos adolescentes y j\u00f3venes y adolescentes.<\/p>\n\n\n\n<p><\/p>\n\n\n\n<p>A su vez, la <strong>diabetes tipo 2<\/strong> se produce por una combinaci\u00f3n de resistencia a la insulina y una producci\u00f3n insuficiente de esta hormona, que afecta al casi 90% de los diab\u00e9ticos, present\u00e1ndose en mayor frecuencia entre los 30 y los 40 a\u00f1os. \u201cEste tipo de diabetes est\u00e1 asociada al sobrepeso y obesidad, y esta condici\u00f3n en s\u00ed misma puede producir resistencia a la acci\u00f3n de la insulina\u201d, sostuvo la licenciada en Nutrici\u00f3n (MP 2619) Mar\u00eda Eugenia Rimoldi, matriculada en el Colegio de Nutricionistas de la Provincia de Buenos Aires. Tambi\u00e9n se asocia a una alimentaci\u00f3n inadecuada y a falta de actividad f\u00edsica, adem\u00e1s de antecedentes familiares en esta enfermedad.<\/p>\n\n\n\n<p><\/p>\n\n\n\n<p><strong>En la diabetes tipo 2 la hiperglucemia se va desarrollando muy lentamente,<\/strong> sin ser al inicio de la enfermedad lo suficientemente grave para que el paciente perciba los s\u00edntomas cl\u00e1sicos. <strong>Debido a esto aproximadamente la mitad de los pacientes ignoran su situaci\u00f3n.<\/strong><\/p>\n\n\n\n<p><\/p>\n\n\n\n<p>Dentro de los<strong> factores que predisponen a padecer diabetes <\/strong>se encuentran: antecedentes familiares, diabetes durante el embarazo, sobrepeso u obesidad, sedentarismo, enfermedad cardiovascular, hipertensi\u00f3n arterial, colesterol elevado y tabaquismo, entre otros.<\/p>\n\n\n\n<p><\/p>\n\n\n\n<p>\u201cLos cuatro pilares del tratamiento para la diabetes se basan en la <strong>educaci\u00f3n diabetol\u00f3gica<\/strong> para brindar los conocimientos acerca de la enfermedad y las estrategias para los cuidados cotidianos; un estilo de vida saludable integrado por un plan alimentario adecuado d\u00e1ndole prioridad a la fibra alimentaria y a la hidrataci\u00f3n, con actividad f\u00edsica de tipo aer\u00f3bica, ausencia de tabaco y m\u00ednimo consumo de alcohol; un tratamiento farmacol\u00f3gico a trav\u00e9s de medicaci\u00f3n v\u00eda oral y\/o inyecciones de insulina; y el abordaje y atenci\u00f3n de sus factores de riesgo y enfermedades asociadas: hipertensi\u00f3n, sobrepeso u obesidad colesterol elevado\u201d, asegur\u00f3 la nutricionista bonaerense. Ante esta realidad es indispensable el acompa\u00f1amiento de un profesional de la salud.<\/p>\n\n\n\n<p><\/p>\n\n\n\n<p><strong>Si la diabetes no se trata adecuadamente puede llevar a complicaciones graves y potencialmente mortales. <\/strong>Sin embargo, con un diagn\u00f3stico temprano y un tratamiento adecuado, se controla la enfermedad y se pueden prevenir muchas de sus complicaciones.<\/p>\n\n\n\n<p><\/p>\n\n\n\n<p>En ese sentido,<strong> es posible prevenir la diabetes tipo 2 <\/strong>cuando se adopta un estilo de vida saludable, a trav\u00e9s de una alimentaci\u00f3n variada y equilibrada, hidrataci\u00f3n adecuada, actividad f\u00edsica y ausencia de tabaco. Sin embargo, hasta el momento la diabetes tipo 1 no puede prevenirse.<\/p>\n\n\n\n<p><\/p>\n\n\n\n<p>Cuando la glucemia se presenta con valores por encima de lo normal, o sea mayores a 110 mg\/dl, sostenidos en el tiempo puede dar lugar a complicaciones microvasculares que afectan a los ojos, ri\u00f1ones y nervios de los pies; y complicaciones macrovasculares que comprometen al coraz\u00f3n, cerebro y\/o arterias de los miembros inferiores.<\/p>\n\n\n\n<p><\/p>\n\n\n\n<p>Es fundamental que tanto las autoridades sanitarias como la sociedad en su conjunto trabajen en conjunto para combatir la diabetes. Por ello, <strong>\u201cdebemos concientizarnos como poblaci\u00f3n para poder prevenir esta patolog\u00eda a lo que se refiere en t\u00e9rminos de Salud P\u00fablica\u201d, <\/strong>concluy\u00f3 la nutricionista Rimoldi.<\/p>\n\n\n\n<p><\/p>\n\n\n\n<p><strong>La diabetes es una enfermedad cr\u00f3nica, pero no una sentencia.<\/strong> Con un diagn\u00f3stico temprano, un tratamiento adecuado y un estilo de vida saludable, es posible vivir una vida plena y saludable.<\/p>\n","protected":false},"excerpt":{"rendered":"<p>En el D\u00eda Mundial de la Diabetes, el Colegio de Nutricionistas bonaerense busca promocionar la salud desde un abordaje integral<\/p>\n","protected":false},"author":2,"featured_media":130208,"comment_status":"closed","ping_status":"closed","sticky":false,"template":"","format":"standard","meta":{"_jetpack_memberships_contains_paid_content":false,"footnotes":""},"categories":[6,1],"tags":[],"class_list":["post-130207","post","type-post","status-publish","format-standard","has-post-thumbnail","hentry","category-nacionales","category-portada"],"jetpack_featured_media_url":"https:\/\/i0.wp.com\/cdnoticias.com\/wp-content\/uploads\/2024\/11\/Diabetes.jpg?fit=800%2C445&ssl=1","jetpack_sharing_enabled":true,"_links":{"self":[{"href":"https:\/\/cdnoticias.com\/index.php\/wp-json\/wp\/v2\/posts\/130207","targetHints":{"allow":["GET"]}}],"collection":[{"href":"https:\/\/cdnoticias.com\/index.php\/wp-json\/wp\/v2\/posts"}],"about":[{"href":"https:\/\/cdnoticias.com\/index.php\/wp-json\/wp\/v2\/types\/post"}],"author":[{"embeddable":true,"href":"https:\/\/cdnoticias.com\/index.php\/wp-json\/wp\/v2\/users\/2"}],"replies":[{"embeddable":true,"href":"https:\/\/cdnoticias.com\/index.php\/wp-json\/wp\/v2\/comments?post=130207"}],"version-history":[{"count":0,"href":"https:\/\/cdnoticias.com\/index.php\/wp-json\/wp\/v2\/posts\/130207\/revisions"}],"wp:featuredmedia":[{"embeddable":true,"href":"https:\/\/cdnoticias.com\/index.php\/wp-json\/wp\/v2\/media\/130208"}],"wp:attachment":[{"href":"https:\/\/cdnoticias.com\/index.php\/wp-json\/wp\/v2\/media?parent=130207"}],"wp:term":[{"taxonomy":"category","embeddable":true,"href":"https:\/\/cdnoticias.com\/index.php\/wp-json\/wp\/v2\/categories?post=130207"},{"taxonomy":"post_tag","embeddable":true,"href":"https:\/\/cdnoticias.com\/index.php\/wp-json\/wp\/v2\/tags?post=130207"}],"curies":[{"name":"wp","href":"https:\/\/api.w.org\/{rel}","templated":true}]}}