{"id":130193,"date":"2024-11-13T07:56:54","date_gmt":"2024-11-13T10:56:54","guid":{"rendered":"https:\/\/cdnoticias.com\/?p=130193"},"modified":"2024-11-13T07:56:56","modified_gmt":"2024-11-13T10:56:56","slug":"corte-de-electricidad-en-inmediaciones-de-la-rural","status":"publish","type":"post","link":"https:\/\/cdnoticias.com\/index.php\/2024\/11\/13\/corte-de-electricidad-en-inmediaciones-de-la-rural\/","title":{"rendered":"Corte de electricidad en inmediaciones de La Rural"},"content":{"rendered":"<p>Coopelectric anunci\u00f3 la interrupci\u00f3n programada del servicio en el sistema Pourtal\u00e9 a partir de las 9 de este mi\u00e9rcoles.<!--more--><\/p>\n<hr \/>\n<p><strong>Coopelectric<\/strong> anunci\u00f3 la <strong>interrupci\u00f3n programada<\/strong> del servicio en el <strong>sistema Pourtal\u00e9<\/strong> para llevar adelante tareas de <strong>mantenimiento.<\/strong><\/p>\n<p>El corte comenzar\u00e1<strong> a partir de las 9 de este mi\u00e9rcoles<\/strong> y se extender\u00e1 <strong>hasta las 11.30.<\/strong><\/p>\n<blockquote><p>Alcanza desde el predio de La Rura hasta Pourtal\u00e9. Incluye la zona de quintas, la Escuela 15 y el Paraje La Isla.<\/p><\/blockquote>\n","protected":false},"excerpt":{"rendered":"<p>Coopelectric anunci\u00f3 la interrupci\u00f3n programada del servicio en el sistema Pourtal\u00e9 a partir de las 9 de este mi\u00e9rcoles.<\/p>\n","protected":false},"author":4,"featured_media":90030,"comment_status":"closed","ping_status":"closed","sticky":false,"template":"","format":"standard","meta":{"_jetpack_memberships_contains_paid_content":false,"footnotes":""},"categories":[5,1],"tags":[],"class_list":["post-130193","post","type-post","status-publish","format-standard","has-post-thumbnail","hentry","category-informacion-general","category-portada"],"jetpack_featured_media_url":"https:\/\/i0.wp.com\/cdnoticias.com\/wp-content\/uploads\/2023\/07\/coopelectric-electricidad-03.jpg?fit=800%2C445&ssl=1","jetpack_sharing_enabled":true,"_links":{"self":[{"href":"https:\/\/cdnoticias.com\/index.php\/wp-json\/wp\/v2\/posts\/130193","targetHints":{"allow":["GET"]}}],"collection":[{"href":"https:\/\/cdnoticias.com\/index.php\/wp-json\/wp\/v2\/posts"}],"about":[{"href":"https:\/\/cdnoticias.com\/index.php\/wp-json\/wp\/v2\/types\/post"}],"author":[{"embeddable":true,"href":"https:\/\/cdnoticias.com\/index.php\/wp-json\/wp\/v2\/users\/4"}],"replies":[{"embeddable":true,"href":"https:\/\/cdnoticias.com\/index.php\/wp-json\/wp\/v2\/comments?post=130193"}],"version-history":[{"count":0,"href":"https:\/\/cdnoticias.com\/index.php\/wp-json\/wp\/v2\/posts\/130193\/revisions"}],"wp:featuredmedia":[{"embeddable":true,"href":"https:\/\/cdnoticias.com\/index.php\/wp-json\/wp\/v2\/media\/90030"}],"wp:attachment":[{"href":"https:\/\/cdnoticias.com\/index.php\/wp-json\/wp\/v2\/media?parent=130193"}],"wp:term":[{"taxonomy":"category","embeddable":true,"href":"https:\/\/cdnoticias.com\/index.php\/wp-json\/wp\/v2\/categories?post=130193"},{"taxonomy":"post_tag","embeddable":true,"href":"https:\/\/cdnoticias.com\/index.php\/wp-json\/wp\/v2\/tags?post=130193"}],"curies":[{"name":"wp","href":"https:\/\/api.w.org\/{rel}","templated":true}]}}