{"id":130174,"date":"2024-11-12T20:34:28","date_gmt":"2024-11-12T23:34:28","guid":{"rendered":"https:\/\/cdnoticias.com\/?p=130174"},"modified":"2024-11-13T09:02:31","modified_gmt":"2024-11-13T12:02:31","slug":"correntada-me-representa-el-desafio-de-lo-nuevo-y-la-motivacion","status":"publish","type":"post","link":"https:\/\/cdnoticias.com\/index.php\/2024\/11\/12\/correntada-me-representa-el-desafio-de-lo-nuevo-y-la-motivacion\/","title":{"rendered":"\u201cCorrentada me representa el desaf\u00edo de lo nuevo y la motivaci\u00f3n\u201d"},"content":{"rendered":"\n<p>Camila Andersen, cantante e integrante de El Plan de la Mariposa dialog\u00f3 con este medio previo al show de este viernes 15 en Racing Club. El nuevo disco, el recorrido en diferentes escenarios y el amor de los seguidores en cada nuevo desaf\u00edo.&nbsp;<\/p>\n\n\n\n<hr class=\"wp-block-separator aligncenter has-alpha-channel-opacity\"\/>\n\n\n\n<p><em><strong>Danisa Jaime \/\/ @_jdanisa<\/strong><\/em><\/p>\n\n\n\n<p><em><strong>Del staff de Central de Noticias&nbsp;<\/strong><\/em><\/p>\n\n\n\n<p><\/p>\n\n\n\n<p>Seg\u00fan el diccionario <strong>\u201cCorrentada\u201d <\/strong>significa <strong>\u201c<em>corriente impetuosa de agua desbordada<\/em>\u201d<\/strong>. Si achicamos m\u00e1s las palabras encontramos m\u00e1s significados que nos unen a la m\u00fasica: <em>\u201cque corre\u201d ; \u201cque se mueve r\u00e1pido\u201d ; \u201cfogoso, vivo\u201d ; \u201cagua, movimiento\u201d y \u201cdesborde\u201d.\u00a0<\/em><\/p>\n\n\n\n<p><\/p>\n\n\n\n<blockquote class=\"wp-block-quote is-layout-flow wp-block-quote-is-layout-flow\">\n<p>El nuevo disco de El Plan de la Mariposa es un desborde de sensaciones. El viaje por la correntada nos hace pasar por 11 canciones de diferentes ritmos y g\u00e9neros pudiendo as\u00ed navegar en un bote momentos tranquilos, pero tambi\u00e9n momentos ca\u00f3ticos.\u00a0\u00a0<\/p>\n<\/blockquote>\n\n\n\n<p><\/p>\n\n\n\n<p>Este viernes <strong>la banda oriunda de Necochea se presenta en Racing Club <\/strong>para trasladar la m\u00fasica y llevarnos en un viaje de emociones junto al <strong>sexto \u00e1lbum de estudio<\/strong>, y seguro que no faltar\u00e1 ninguno de los cl\u00e1sicos temas anteriores.\u00a0<\/p>\n\n\n\n<p><\/p>\n\n\n\n<p><em>Central de Noticias<\/em> dialog\u00f3 con <strong>Camila Andersen, <\/strong>cantante e integrante de <strong><em>\u201cEl Plan\u201d<\/em><\/strong> quien nos cont\u00f3 sobre el nuevo disco, el recorrido en diferentes escenarios y el amor de los seguidores en cada nuevo desaf\u00edo.\u00a0<\/p>\n\n\n\n<p><\/p>\n\n\n\n<figure class=\"wp-block-image aligncenter size-full\"><img data-recalc-dims=\"1\" loading=\"lazy\" decoding=\"async\" width=\"800\" height=\"446\" src=\"https:\/\/i0.wp.com\/cdnoticias.com\/wp-content\/uploads\/2024\/11\/elplan-correntada-2024.3jpg.jpg?resize=800%2C446&#038;ssl=1\" alt=\"\" class=\"wp-image-130178\" srcset=\"https:\/\/i0.wp.com\/cdnoticias.com\/wp-content\/uploads\/2024\/11\/elplan-correntada-2024.3jpg.jpg?w=900&amp;ssl=1 900w, https:\/\/i0.wp.com\/cdnoticias.com\/wp-content\/uploads\/2024\/11\/elplan-correntada-2024.3jpg.jpg?resize=300%2C167&amp;ssl=1 300w, https:\/\/i0.wp.com\/cdnoticias.com\/wp-content\/uploads\/2024\/11\/elplan-correntada-2024.3jpg.jpg?resize=768%2C428&amp;ssl=1 768w, https:\/\/i0.wp.com\/cdnoticias.com\/wp-content\/uploads\/2024\/11\/elplan-correntada-2024.3jpg.jpg?resize=800%2C445&amp;ssl=1 800w\" sizes=\"auto, (max-width: 800px) 100vw, 800px\" \/><\/figure>\n\n\n\n<p><\/p>\n\n\n\n<p><strong>\u201cEstamos con muchas ganas de ir para all\u00e1. Tocar en vivo en lo que m\u00e1s nos gusta y nos apasiona as\u00ed que estamos contentos de poder hacerlo y de poder presentar las nuevas canciones del disco \u201cCorrentada\u201d. Estoy contenta de viajar con la m\u00fasica y de volver a Olavarr\u00eda<\/strong>\u201d cont\u00f3 la cantante.<\/p>\n\n\n\n<p><\/p>\n\n\n\n<p>Sobre el disco, Andersen explic\u00f3 que<strong> <\/strong><em>\u201cCorrentada&#8221; fue un trabajo de dos a\u00f1os aproximadamente. Siempre la semilla de la canci\u00f3n nace de una intimidad con mis hermanos tocando la guitarra y la m\u00fasica la vivimos como una gran compa\u00f1era de procesos, de cosas que te vienen pasando y d\u00f3nde te ayuda a sacarlo o atravesarlo mejor\u201d.<\/em><\/p>\n\n\n\n<p><\/p>\n\n\n\n<blockquote class=\"wp-block-quote is-layout-flow wp-block-quote-is-layout-flow\">\n<p>\u201cLa verdad que fue un proceso muy lindo y muy &#8220;power&#8221;. Siempre hacer un disco es algo muy intenso. Nos encanta y despu\u00e9s nos permite salir a tocarlo en vivo. Es tan lindo poder tener nuevas canciones para compartir y generar nuevos viajes\u201d agreg\u00f3 Andersen.\u00a0<\/p>\n<\/blockquote>\n\n\n\n<p><\/p>\n\n\n\n<p>Asimismo afirm\u00f3 que junto a la banda y sus hermanos \u201c<strong>estamos muy contentos, nos motiva, nos alienta. Esta bueno tambi\u00e9n despu\u00e9s de haber estado tanto tiempo hacia adentro trabajando estas canciones, que llegue el momento de sacarlas afuera y ver c\u00f3mo toman su rumbo. Es algo emocionante\u201d.\u00a0<\/strong><\/p>\n\n\n\n<p><\/p>\n\n\n\n<figure class=\"wp-block-image aligncenter size-full\"><img data-recalc-dims=\"1\" loading=\"lazy\" decoding=\"async\" width=\"640\" height=\"640\" src=\"https:\/\/i0.wp.com\/cdnoticias.com\/wp-content\/uploads\/2024\/08\/correntada-disco-el-plan.jpg?resize=640%2C640&#038;ssl=1\" alt=\"\" class=\"wp-image-123717\" srcset=\"https:\/\/i0.wp.com\/cdnoticias.com\/wp-content\/uploads\/2024\/08\/correntada-disco-el-plan.jpg?w=640&amp;ssl=1 640w, https:\/\/i0.wp.com\/cdnoticias.com\/wp-content\/uploads\/2024\/08\/correntada-disco-el-plan.jpg?resize=300%2C300&amp;ssl=1 300w, https:\/\/i0.wp.com\/cdnoticias.com\/wp-content\/uploads\/2024\/08\/correntada-disco-el-plan.jpg?resize=150%2C150&amp;ssl=1 150w\" sizes=\"auto, (max-width: 640px) 100vw, 640px\" \/><\/figure>\n\n\n\n<p><\/p>\n\n\n\n<p class=\"has-medium-font-size\"><strong>Bajo las estrellas, correntada&nbsp;<\/strong><\/p>\n\n\n\n<p>El sexto \u00e1lbum de \u201cEl Plan\u201d se public\u00f3 el 13 de junio de este a\u00f1o y tuvo gran recepci\u00f3n entre los seguidores.\u00a0Camila cont\u00f3 que \u201c <strong>siempre es un gran momento encontrar el nombre del disco porque es dif\u00edcil encontrar lo que representa todo. Nos gustaba esta idea de esta correntada que te lleva y que no sabes hacia d\u00f3nde\u201d.\u00a0<\/strong><\/p>\n\n\n\n<p><\/p>\n\n\n\n<p><em>\u201cA veces la m\u00fasica tiene esa cosa de abrir capas o abrir emociones que por ah\u00ed ni te esperas, entonces la correntada me representa el viaje que propone la m\u00fasica, dejarse llevar por algo y ver a d\u00f3nde te lleva\u201d<\/em> indic\u00f3 la cantante.\u00a0<\/p>\n\n\n\n<p><\/p>\n\n\n\n<figure class=\"wp-block-image aligncenter size-full\"><img data-recalc-dims=\"1\" loading=\"lazy\" decoding=\"async\" width=\"800\" height=\"898\" src=\"https:\/\/i0.wp.com\/cdnoticias.com\/wp-content\/uploads\/2024\/11\/elplan-correntada-2024.jpg?resize=800%2C898&#038;ssl=1\" alt=\"\" class=\"wp-image-130182\" srcset=\"https:\/\/i0.wp.com\/cdnoticias.com\/wp-content\/uploads\/2024\/11\/elplan-correntada-2024.jpg?w=900&amp;ssl=1 900w, https:\/\/i0.wp.com\/cdnoticias.com\/wp-content\/uploads\/2024\/11\/elplan-correntada-2024.jpg?resize=267%2C300&amp;ssl=1 267w, https:\/\/i0.wp.com\/cdnoticias.com\/wp-content\/uploads\/2024\/11\/elplan-correntada-2024.jpg?resize=768%2C862&amp;ssl=1 768w\" sizes=\"auto, (max-width: 800px) 100vw, 800px\" \/><\/figure>\n\n\n\n<p><\/p>\n\n\n\n<blockquote class=\"wp-block-quote is-layout-flow wp-block-quote-is-layout-flow\">\n<p>Adem\u00e1s, Andersen explic\u00f3 que \u201ccuando uno saca una canci\u00f3n, la entrega y despu\u00e9s cada uno la toma, tiene su propio viaje y uno no sabe que le va a generar al que la recibe. Correntada me representa el desaf\u00edo de lo nuevo y la motivaci\u00f3n\u201d.\u00a0<\/p>\n<\/blockquote>\n\n\n\n<p><\/p>\n\n\n\n<p class=\"has-medium-font-size\"><strong>Adrenalina y coraz\u00f3n al rumbo, el amor para entregarlo todo<\/strong><\/p>\n\n\n\n<p><\/p>\n\n\n\n<p>Ya pasaron<strong> diez a\u00f1os de trayectoria de la banda<\/strong> con un camino intenso y de muchos escenarios. El 2023 dej\u00f3 <strong>dos Luna Park agotados<\/strong>, una extensa gira por toda Argentina, Chile, Uruguay, Paraguay, Colombia, Costa Rica, M\u00e9xico, Irlanda y Espa\u00f1a, Argentina, Uruguay y Paraguay y un <strong>Movistar Arena sold out.<\/strong> El pr\u00f3ximo 20 de diciembre llegan al <strong>Estadio Obras.\u00a0<\/strong><\/p>\n\n\n\n<p><\/p>\n\n\n\n<p>La banda integrada por <strong>Sebasti\u00e1n Andersen <\/strong>en voz, <strong>Camila Andersen<\/strong> en voz,<strong> Valent\u00edn Andersen<\/strong> en guitarras y voz, <strong>M\u00e1ximo Andersen<\/strong> en teclado, <strong>Santiago Andersen<\/strong> en viol\u00edn, <strong>Andr\u00e9s N\u00f6r <\/strong>en bajo y<strong> Juli\u00e1n Ropero <\/strong>en bater\u00eda sigue de gira para cerrar el a\u00f1o y pisar cada vez m\u00e1s escenarios.\u00a0<\/p>\n\n\n\n<p><\/p>\n\n\n\n<figure class=\"wp-block-image aligncenter size-full\"><img data-recalc-dims=\"1\" loading=\"lazy\" decoding=\"async\" width=\"800\" height=\"383\" src=\"https:\/\/i0.wp.com\/cdnoticias.com\/wp-content\/uploads\/2024\/11\/elplan-correntada-2024.5jpg.jpg?resize=800%2C383&#038;ssl=1\" alt=\"\" class=\"wp-image-130180\" srcset=\"https:\/\/i0.wp.com\/cdnoticias.com\/wp-content\/uploads\/2024\/11\/elplan-correntada-2024.5jpg.jpg?w=900&amp;ssl=1 900w, https:\/\/i0.wp.com\/cdnoticias.com\/wp-content\/uploads\/2024\/11\/elplan-correntada-2024.5jpg.jpg?resize=300%2C144&amp;ssl=1 300w, https:\/\/i0.wp.com\/cdnoticias.com\/wp-content\/uploads\/2024\/11\/elplan-correntada-2024.5jpg.jpg?resize=768%2C368&amp;ssl=1 768w\" sizes=\"auto, (max-width: 800px) 100vw, 800px\" \/><\/figure>\n\n\n\n<p><\/p>\n\n\n\n<blockquote class=\"wp-block-quote is-layout-flow wp-block-quote-is-layout-flow\">\n<p>En relaci\u00f3n a las giras y los shows, Camila cont\u00f3: &#8220;Yo desde adentro lo veo como un camino de paso a paso. Siento obviamente que hemos crecido, pero desde que empezamos siempre fue un pasito m\u00e1s. Como ir caminando subiendo una monta\u00f1a y que el paisaje vaya cambiando\u201d.\u00a0<\/p>\n<\/blockquote>\n\n\n\n<p><\/p>\n\n\n\n<figure class=\"wp-block-image aligncenter size-full\"><img data-recalc-dims=\"1\" loading=\"lazy\" decoding=\"async\" width=\"800\" height=\"395\" src=\"https:\/\/i0.wp.com\/cdnoticias.com\/wp-content\/uploads\/2024\/11\/elplan-correntada-2024.6jpg.jpg?resize=800%2C395&#038;ssl=1\" alt=\"\" class=\"wp-image-130181\" srcset=\"https:\/\/i0.wp.com\/cdnoticias.com\/wp-content\/uploads\/2024\/11\/elplan-correntada-2024.6jpg.jpg?w=900&amp;ssl=1 900w, https:\/\/i0.wp.com\/cdnoticias.com\/wp-content\/uploads\/2024\/11\/elplan-correntada-2024.6jpg.jpg?resize=300%2C148&amp;ssl=1 300w, https:\/\/i0.wp.com\/cdnoticias.com\/wp-content\/uploads\/2024\/11\/elplan-correntada-2024.6jpg.jpg?resize=768%2C379&amp;ssl=1 768w\" sizes=\"auto, (max-width: 800px) 100vw, 800px\" \/><\/figure>\n\n\n\n<p><\/p>\n\n\n\n<p><em>\u201cSiento a la vez que tambi\u00e9n eso nos ha dado la posibilidad de cada vez ir conoci\u00e9ndonos m\u00e1s e ir creciendo a la medida. Eso creo que tambi\u00e9n nos ha ayudado a disfrutar el camino tambi\u00e9n y a seguir disfrut\u00e1ndolo\u201d<\/em> agreg\u00f3.\u00a0<\/p>\n\n\n\n<p><\/p>\n\n\n\n<p>\u201cMe acuerdo por ejemplo <strong>lo importante que fue para mi hacer mi primer Niceto <\/strong>y <strong>esa sensaci\u00f3n se siente muy parecida a cuando hice un Luna Park<\/strong>, se siente como un paso m\u00e1s y un desaf\u00edo m\u00e1s. A la vez<strong> miro a mi alrededor y seguimos siendo mis hermanos,<\/strong> el equipo y s<strong>e siente como en tu casa, <\/strong>m\u00e1s all\u00e1 del espacio en el que est\u00e9s tocando\u201d sostuvo la cantante.\u00a0<\/p>\n\n\n\n<p><\/p>\n\n\n\n<blockquote class=\"wp-block-quote is-layout-flow wp-block-quote-is-layout-flow\">\n<p>Sobre el Movistar Arena, Andersen remarc\u00f3 que \u201cobviamente estos desaf\u00edos te dan mucha adrenalina y un poco de presi\u00f3n, pero a la vez te obliga a ver qu\u00e9 podemos hacer, cu\u00e1les son las visuales, los vestuarios. Te conecta mucho con la creatividad y dar lo mejor de vos. Ha sido un camino muy hermoso y sigue siendo un camino muy hermoso y siempre me sorprendo, eso tambi\u00e9n est\u00e1 buen\u00edsimo\u201d.\u00a0<\/p>\n<\/blockquote>\n\n\n\n<p><\/p>\n\n\n\n<figure class=\"wp-block-image aligncenter size-full\"><img data-recalc-dims=\"1\" loading=\"lazy\" decoding=\"async\" width=\"800\" height=\"457\" src=\"https:\/\/i0.wp.com\/cdnoticias.com\/wp-content\/uploads\/2024\/11\/elplan-correntada-2024.2jpg.jpg?resize=800%2C457&#038;ssl=1\" alt=\"\" class=\"wp-image-130177\" srcset=\"https:\/\/i0.wp.com\/cdnoticias.com\/wp-content\/uploads\/2024\/11\/elplan-correntada-2024.2jpg.jpg?w=900&amp;ssl=1 900w, https:\/\/i0.wp.com\/cdnoticias.com\/wp-content\/uploads\/2024\/11\/elplan-correntada-2024.2jpg.jpg?resize=300%2C171&amp;ssl=1 300w, https:\/\/i0.wp.com\/cdnoticias.com\/wp-content\/uploads\/2024\/11\/elplan-correntada-2024.2jpg.jpg?resize=768%2C439&amp;ssl=1 768w\" sizes=\"auto, (max-width: 800px) 100vw, 800px\" \/><\/figure>\n\n\n\n<p><\/p>\n\n\n\n<p><strong><em>-\u00bfQu\u00e9 te pasa con los seguidores que viajan a todos lados para escucharlos, los tatuajes, los trapos, las remeras?&nbsp;<\/em><\/strong><\/p>\n\n\n\n<p>C: No me dejo de sorprender, me parece muy loco. Trato de conectarme con el amor. La gente que se acerca realmente es muy amorosa y cuidadosa con nosotros y me conecto con esa energ\u00eda buena que recibo de las personas.<\/p>\n\n\n\n<p>Muchas veces nos cuentan que la m\u00fasica los est\u00e1 ayudando en un momento dif\u00edcil o que llegaron a El Plan en un momento de crisis. Cuando me cuentan esas cosas se refuerza tambi\u00e9n el sentido de por qu\u00e9 hacemos lo que hacemos, no solo porque para nosotros es una forma de vida, porque la m\u00fasica nos ayuda a nosotros en principio a atravesar momentos dif\u00edciles o a vivir b\u00e1sicamente. Poder ayudar a alguien en un momento de crisis, me parece me parece muy m\u00e1gico y muy loco. <\/p>\n\n\n\n<p><strong><em>&#8211; \u00bfCon que se va a encontrar la gente este viernes en Olavarr\u00eda?<\/em><\/strong><\/p>\n\n\n\n<p>C: La gente se va a encontrar principalmente con una banda que tiene muchas ganas de compartir, de hacer m\u00fasica, de tocar estas nuevas canciones, de presentar &#8220;Correntada&#8221;. Siempre con distintos momentos, con personas que tienen muchas ganas de ir al encuentro y de compartir la m\u00fasica. Ya no falta nada, nos vemos ah\u00ed. <\/p>\n\n\n\n<p><\/p>\n\n\n\n<figure class=\"wp-block-image aligncenter size-full\"><img data-recalc-dims=\"1\" loading=\"lazy\" decoding=\"async\" width=\"800\" height=\"528\" src=\"https:\/\/i0.wp.com\/cdnoticias.com\/wp-content\/uploads\/2024\/11\/elplan-correntada-2024.1jpg.jpg?resize=800%2C528&#038;ssl=1\" alt=\"\" class=\"wp-image-130176\" srcset=\"https:\/\/i0.wp.com\/cdnoticias.com\/wp-content\/uploads\/2024\/11\/elplan-correntada-2024.1jpg.jpg?w=900&amp;ssl=1 900w, https:\/\/i0.wp.com\/cdnoticias.com\/wp-content\/uploads\/2024\/11\/elplan-correntada-2024.1jpg.jpg?resize=300%2C198&amp;ssl=1 300w, https:\/\/i0.wp.com\/cdnoticias.com\/wp-content\/uploads\/2024\/11\/elplan-correntada-2024.1jpg.jpg?resize=768%2C507&amp;ssl=1 768w\" sizes=\"auto, (max-width: 800px) 100vw, 800px\" \/><\/figure>\n\n\n\n<p><\/p>\n\n\n\n<p><\/p>\n\n\n\n<p><em>Fotos: El Plan de la Mariposa <\/em><\/p>\n\n\n\n<p><\/p>\n","protected":false},"excerpt":{"rendered":"<p>Camila Andersen, cantante e integrante de El Plan de la Mariposa dialog\u00f3 con este medio previo al show de este<\/p>\n","protected":false},"author":6,"featured_media":130179,"comment_status":"closed","ping_status":"closed","sticky":false,"template":"","format":"standard","meta":{"_jetpack_memberships_contains_paid_content":false,"footnotes":""},"categories":[9,1],"tags":[],"class_list":["post-130174","post","type-post","status-publish","format-standard","has-post-thumbnail","hentry","category-cultura","category-portada"],"jetpack_featured_media_url":"https:\/\/i0.wp.com\/cdnoticias.com\/wp-content\/uploads\/2024\/11\/elplan-correntada-2024.4jpg.jpg?fit=900%2C490&ssl=1","jetpack_sharing_enabled":true,"_links":{"self":[{"href":"https:\/\/cdnoticias.com\/index.php\/wp-json\/wp\/v2\/posts\/130174","targetHints":{"allow":["GET"]}}],"collection":[{"href":"https:\/\/cdnoticias.com\/index.php\/wp-json\/wp\/v2\/posts"}],"about":[{"href":"https:\/\/cdnoticias.com\/index.php\/wp-json\/wp\/v2\/types\/post"}],"author":[{"embeddable":true,"href":"https:\/\/cdnoticias.com\/index.php\/wp-json\/wp\/v2\/users\/6"}],"replies":[{"embeddable":true,"href":"https:\/\/cdnoticias.com\/index.php\/wp-json\/wp\/v2\/comments?post=130174"}],"version-history":[{"count":0,"href":"https:\/\/cdnoticias.com\/index.php\/wp-json\/wp\/v2\/posts\/130174\/revisions"}],"wp:featuredmedia":[{"embeddable":true,"href":"https:\/\/cdnoticias.com\/index.php\/wp-json\/wp\/v2\/media\/130179"}],"wp:attachment":[{"href":"https:\/\/cdnoticias.com\/index.php\/wp-json\/wp\/v2\/media?parent=130174"}],"wp:term":[{"taxonomy":"category","embeddable":true,"href":"https:\/\/cdnoticias.com\/index.php\/wp-json\/wp\/v2\/categories?post=130174"},{"taxonomy":"post_tag","embeddable":true,"href":"https:\/\/cdnoticias.com\/index.php\/wp-json\/wp\/v2\/tags?post=130174"}],"curies":[{"name":"wp","href":"https:\/\/api.w.org\/{rel}","templated":true}]}}