{"id":130116,"date":"2024-11-12T10:47:47","date_gmt":"2024-11-12T13:47:47","guid":{"rendered":"https:\/\/cdnoticias.com\/?p=130116"},"modified":"2024-11-12T10:47:49","modified_gmt":"2024-11-12T13:47:49","slug":"llevaba-una-bateria-y-quedo-aprehendido","status":"publish","type":"post","link":"https:\/\/cdnoticias.com\/index.php\/2024\/11\/12\/llevaba-una-bateria-y-quedo-aprehendido\/","title":{"rendered":"Llevaba una bater\u00eda y qued\u00f3 aprehendido"},"content":{"rendered":"<p>El acusado, de 29 a\u00f1os, no pudo justificar la procedencia. Ten\u00eda antecedentes penales por un caso similar y ahora qued\u00f3 arrestado en Ituzaingo y \u00c1lvaro Barros.<!--more--><\/p>\n<hr \/>\n<p>En <strong>Ituzaing\u00f3 y \u00c1lvaro Barros<\/strong>, personal del <strong>Comando de Patrullas<\/strong> arrest\u00f3 el jueves a un<strong> hombre de 29 a\u00f1os<\/strong> quien <strong>transitaba con una bater\u00eda marca Sermat modelo 12\/75B.<\/strong><\/p>\n<p>Seg\u00fan se pudo saber, los efectivos policiales llegaron hasta el lugar a trav\u00e9s de un llamado al 911. Consultado el hombre <strong>no pudo justificar la procedencia<\/strong> de la bater\u00eda con lo que <strong>fue aprehendido y el elemento, secuestrado<\/strong>.<\/p>\n<p><img data-recalc-dims=\"1\" loading=\"lazy\" decoding=\"async\" class=\"size-full wp-image-130118 aligncenter\" src=\"https:\/\/i0.wp.com\/cdnoticias.com\/wp-content\/uploads\/2024\/11\/ituzaingo-y-alvaro-barros-00.jpg?resize=800%2C445&#038;ssl=1\" alt=\"\" width=\"800\" height=\"445\" srcset=\"https:\/\/i0.wp.com\/cdnoticias.com\/wp-content\/uploads\/2024\/11\/ituzaingo-y-alvaro-barros-00.jpg?w=800&amp;ssl=1 800w, https:\/\/i0.wp.com\/cdnoticias.com\/wp-content\/uploads\/2024\/11\/ituzaingo-y-alvaro-barros-00.jpg?resize=300%2C167&amp;ssl=1 300w, https:\/\/i0.wp.com\/cdnoticias.com\/wp-content\/uploads\/2024\/11\/ituzaingo-y-alvaro-barros-00.jpg?resize=768%2C427&amp;ssl=1 768w\" sizes=\"auto, (max-width: 800px) 100vw, 800px\" \/><\/p>\n<blockquote><p>Se destac\u00f3 que el acusado hab\u00eda recuperado la libertad instantes antes: hab\u00eda estado aprehendido por un hecho similar.<\/p><\/blockquote>\n<p>El hombre fue trasladado a la Comisar\u00eda Primera. Se iniciaron actuaciones por <strong>\u201caveriguaci\u00f3n de presunto il\u00edcito\u201d<\/strong> con intervenci\u00f3n de la <strong>UFI N\u00ba 10.<\/strong><\/p>\n","protected":false},"excerpt":{"rendered":"<p>El acusado, de 29 a\u00f1os, no pudo justificar la procedencia. Ten\u00eda antecedentes penales por un caso similar y ahora qued\u00f3<\/p>\n","protected":false},"author":4,"featured_media":130119,"comment_status":"closed","ping_status":"closed","sticky":false,"template":"","format":"standard","meta":{"_jetpack_memberships_contains_paid_content":false,"footnotes":""},"categories":[14,1],"tags":[],"class_list":["post-130116","post","type-post","status-publish","format-standard","has-post-thumbnail","hentry","category-policiales","category-portada"],"jetpack_featured_media_url":"https:\/\/i0.wp.com\/cdnoticias.com\/wp-content\/uploads\/2024\/11\/ituzaingo-y-alvaro-barros-01.jpg?fit=600%2C334&ssl=1","jetpack_sharing_enabled":true,"_links":{"self":[{"href":"https:\/\/cdnoticias.com\/index.php\/wp-json\/wp\/v2\/posts\/130116","targetHints":{"allow":["GET"]}}],"collection":[{"href":"https:\/\/cdnoticias.com\/index.php\/wp-json\/wp\/v2\/posts"}],"about":[{"href":"https:\/\/cdnoticias.com\/index.php\/wp-json\/wp\/v2\/types\/post"}],"author":[{"embeddable":true,"href":"https:\/\/cdnoticias.com\/index.php\/wp-json\/wp\/v2\/users\/4"}],"replies":[{"embeddable":true,"href":"https:\/\/cdnoticias.com\/index.php\/wp-json\/wp\/v2\/comments?post=130116"}],"version-history":[{"count":0,"href":"https:\/\/cdnoticias.com\/index.php\/wp-json\/wp\/v2\/posts\/130116\/revisions"}],"wp:featuredmedia":[{"embeddable":true,"href":"https:\/\/cdnoticias.com\/index.php\/wp-json\/wp\/v2\/media\/130119"}],"wp:attachment":[{"href":"https:\/\/cdnoticias.com\/index.php\/wp-json\/wp\/v2\/media?parent=130116"}],"wp:term":[{"taxonomy":"category","embeddable":true,"href":"https:\/\/cdnoticias.com\/index.php\/wp-json\/wp\/v2\/categories?post=130116"},{"taxonomy":"post_tag","embeddable":true,"href":"https:\/\/cdnoticias.com\/index.php\/wp-json\/wp\/v2\/tags?post=130116"}],"curies":[{"name":"wp","href":"https:\/\/api.w.org\/{rel}","templated":true}]}}