{"id":13007,"date":"2021-02-05T08:50:51","date_gmt":"2021-02-05T11:50:51","guid":{"rendered":"http:\/\/www.centraldenoticias.com.ar\/?p=13007"},"modified":"2021-02-05T09:25:10","modified_gmt":"2021-02-05T12:25:10","slug":"los-judiciales-cerraron-la-paritaria-2020-con-suba-de-31","status":"publish","type":"post","link":"https:\/\/cdnoticias.com\/index.php\/2021\/02\/05\/los-judiciales-cerraron-la-paritaria-2020-con-suba-de-31\/","title":{"rendered":"Los judiciales cerraron la paritaria 2020 con suba de 31%"},"content":{"rendered":"<p>\u201cEl resultado de un esfuerzo colectivo\u201d defini\u00f3 Pablo Abramovich, secretario General de la Asociaci\u00f3n Judicial Bonaerense. Hubo apoyo en todos los departamentos judiciales.<!--more--><\/p>\n<hr \/>\n<p><strong>Los empleados de la justicia de la provincia de Buenos Aires lograron cerrar la paritaria 2020<\/strong>. La propuesta salarial formulada el mi\u00e9rcoles por el gobierno provincial fue aprobada por amplia mayor\u00eda en las asambleas realizadas en las 19 departamentales. Se adelant\u00f3 que el 25 de febrero se dar\u00e1 inicio a la negociaci\u00f3n salarial de 2021.<\/p>\n<p>Desde la<strong> Asociaci\u00f3n Judicial Bonaerense (AJB)<\/strong> se detall\u00f3 que<strong> el acuerdo salarial<\/strong> logrado con el Ejecutivo provincial alcanza un incremento de un 31% sobre los salarios b\u00e1sicos y un aumento de 3,9 puntos de la Bonificaci\u00f3n Especial o Compensaci\u00f3n Funcional, que pasaron del 47,1 al 51%.<\/p>\n<p>Se aclar\u00f3 que el \u00faltimo tramo del acuerdo arribado incluye un incremento a partir del 1\u00b0 de diciembre de 6 puntos en los salarios b\u00e1sicos y de 1,5 puntos en la Bonificaci\u00f3n Especial o Compensaci\u00f3n Funcional. \u201cPor lo tanto, deber\u00e1n realizarse <strong>liquidaciones adicionales sobre los haberes de diciembre, la segunda cuota del aguinaldo 2020 y los sueldos de enero 2021<\/strong>\u201d se detall\u00f3.<\/p>\n<p>Estos incrementos ser\u00e1n liquidados en un recibo aparte durante los pr\u00f3ximos d\u00edas para el caso de las y los judiciales en actividad, mientras que a partir de las gestiones realizadas por la AJB se garantiz\u00f3 que las y los jubilados y pensionados del Poder Judicial los perciban junto con los haberes del mes de febrero, a fines del mes en curso.<\/p>\n<p>\u201cLuego de <strong>dos meses de intensas negociaciones<\/strong>, momentos de conflicto y tres propuestas diferentes logramos acordar el cierre de la paritaria 2020, alcanzando un porcentaje muy cercano al objetivo trazado de equiparar la inflaci\u00f3n acumulada en ese a\u00f1o en el marco de la pandemia con una crisis econ\u00f3mica y social sin precedentes\u201d, se\u00f1al\u00f3 <strong>Pablo Abramovich, secretario General<\/strong> de la Asociaci\u00f3n Judicial Bonaerense.<\/p>\n<blockquote><p>\u201cSin dudas el resultado que conseguimos es consecuencia de un esfuerzo colectivo de las y los trabajadores judiciales que sostuvieron el conflicto, sum\u00e1ndose a asambleas y medidas de fuerza a partir de la decisi\u00f3n de poner un freno a la ca\u00edda de nuestros salarios\u201d, agreg\u00f3 Abramovich.<\/p><\/blockquote>\n<p>\u201c<strong>En pocos d\u00edas iniciaremos las negociaciones salariales de 2021<\/strong>, donde el objetivo central ser\u00e1 la recomposici\u00f3n del salario perdido en los a\u00f1os anteriores y avanzar hacia un proceso de jerarquizaci\u00f3n de los salarios en el Poder Judicial\u201d, finaliz\u00f3 el secretario General del gremio judicial.<\/p>\n<p>El acuerdo arribado incluye adem\u00e1s el compromiso del gobierno provincial de iniciar las negociaciones salariales correspondientes al a\u00f1o en curso el jueves 25 de febrero.<\/p>\n","protected":false},"excerpt":{"rendered":"<p>\u201cEl resultado de un esfuerzo colectivo\u201d defini\u00f3 Pablo Abramovich, secretario General de la Asociaci\u00f3n Judicial Bonaerense. Hubo apoyo en todos<\/p>\n","protected":false},"author":4,"featured_media":2996,"comment_status":"closed","ping_status":"closed","sticky":false,"template":"","format":"standard","meta":{"_jetpack_memberships_contains_paid_content":false,"footnotes":""},"categories":[6,1],"tags":[],"class_list":["post-13007","post","type-post","status-publish","format-standard","has-post-thumbnail","hentry","category-nacionales","category-portada"],"jetpack_featured_media_url":"https:\/\/i0.wp.com\/cdnoticias.com\/wp-content\/uploads\/2020\/10\/judi.jpg?fit=512%2C290&ssl=1","jetpack_sharing_enabled":true,"_links":{"self":[{"href":"https:\/\/cdnoticias.com\/index.php\/wp-json\/wp\/v2\/posts\/13007","targetHints":{"allow":["GET"]}}],"collection":[{"href":"https:\/\/cdnoticias.com\/index.php\/wp-json\/wp\/v2\/posts"}],"about":[{"href":"https:\/\/cdnoticias.com\/index.php\/wp-json\/wp\/v2\/types\/post"}],"author":[{"embeddable":true,"href":"https:\/\/cdnoticias.com\/index.php\/wp-json\/wp\/v2\/users\/4"}],"replies":[{"embeddable":true,"href":"https:\/\/cdnoticias.com\/index.php\/wp-json\/wp\/v2\/comments?post=13007"}],"version-history":[{"count":0,"href":"https:\/\/cdnoticias.com\/index.php\/wp-json\/wp\/v2\/posts\/13007\/revisions"}],"wp:featuredmedia":[{"embeddable":true,"href":"https:\/\/cdnoticias.com\/index.php\/wp-json\/wp\/v2\/media\/2996"}],"wp:attachment":[{"href":"https:\/\/cdnoticias.com\/index.php\/wp-json\/wp\/v2\/media?parent=13007"}],"wp:term":[{"taxonomy":"category","embeddable":true,"href":"https:\/\/cdnoticias.com\/index.php\/wp-json\/wp\/v2\/categories?post=13007"},{"taxonomy":"post_tag","embeddable":true,"href":"https:\/\/cdnoticias.com\/index.php\/wp-json\/wp\/v2\/tags?post=13007"}],"curies":[{"name":"wp","href":"https:\/\/api.w.org\/{rel}","templated":true}]}}