{"id":130028,"date":"2024-11-10T19:35:27","date_gmt":"2024-11-10T22:35:27","guid":{"rendered":"https:\/\/cdnoticias.com\/?p=130028"},"modified":"2024-11-11T09:04:02","modified_gmt":"2024-11-11T12:04:02","slug":"el-tironeo-de-las-cesiones","status":"publish","type":"post","link":"https:\/\/cdnoticias.com\/index.php\/2024\/11\/10\/el-tironeo-de-las-cesiones\/","title":{"rendered":"El tironeo de las cesiones"},"content":{"rendered":"\n<p>El Municipio arremeti\u00f3 contra el STMO: pasacalles y trabajadores \u201ccedidos\u201d en la gesti\u00f3n anterior. \u00bfCambio de estrategia gremial? IOMA, COCEBA y nuevos actores. Libertarios y Pro se alinean en Municipio y Provincia.<\/p>\n\n\n\n<hr class=\"wp-block-separator aligncenter has-alpha-channel-opacity\"\/>\n\n\n\n<p><em>Por Volver a las Fuentes, de Josefina Bargas y Alexis Grierson<\/em><\/p>\n\n\n\n<p class=\"has-large-font-size\"><strong>De posicionamientos y tel\u00e9fonos rojos<\/strong><\/p>\n\n\n\n<figure class=\"wp-block-image size-full\"><img data-recalc-dims=\"1\" loading=\"lazy\" decoding=\"async\" width=\"800\" height=\"445\" src=\"https:\/\/i0.wp.com\/cdnoticias.com\/wp-content\/uploads\/2024\/11\/stmo-sin-pasacalles-02.jpg?resize=800%2C445&#038;ssl=1\" alt=\"\" class=\"wp-image-129618\" srcset=\"https:\/\/i0.wp.com\/cdnoticias.com\/wp-content\/uploads\/2024\/11\/stmo-sin-pasacalles-02.jpg?w=800&amp;ssl=1 800w, https:\/\/i0.wp.com\/cdnoticias.com\/wp-content\/uploads\/2024\/11\/stmo-sin-pasacalles-02.jpg?resize=300%2C167&amp;ssl=1 300w, https:\/\/i0.wp.com\/cdnoticias.com\/wp-content\/uploads\/2024\/11\/stmo-sin-pasacalles-02.jpg?resize=768%2C427&amp;ssl=1 768w\" sizes=\"auto, (max-width: 800px) 100vw, 800px\" \/><\/figure>\n\n\n\n<p><strong>Fue una semana particular en el conflicto entre el Municipio y el Sindicato de Trabajadores Municipales (STMO).<\/strong> Por el rol m\u00e1s activo de la comuna, con dos denuncias concretas, y con una respuesta m\u00e1s \u201cpac\u00edfica\u201d del gremio. Con el D\u00eda de los Municipales el viernes, con la fiesta el s\u00e1bado. Y un \u00bfcambio de estrategia? que hace que se encare este \u00faltimo mes de suba salarial por decreto en una m\u00e1s que tensa calma.<\/p>\n\n\n\n<p><strong>Tensa calma porque el sindicato pareci\u00f3 evitar la confrontaci\u00f3n p\u00fablica. No quita que por lo bajo no haya habido discusiones, peleas y demases. Pas\u00f3.<\/strong> Pero discursivamente pareciera que el gremio busca mostrar otro perfil. Veremos si se sostiene en el tiempo y de qu\u00e9 forma.<\/p>\n\n\n\n<p>Arranquemos: <strong>sorpresivamente, el lunes el sindicato bajaba todos los pasacalles ubicados fuera del Palacio San Mart\u00edn y el Paseo Jes\u00fas Mend\u00eda. La mayor\u00eda acusaba al Ejecutivo y en particular a C\u00e9sar Valicenti, m\u00e1s que al propio intendente Wesner.<\/strong><\/p>\n\n\n\n<p>\u00bfPor qu\u00e9 los bajaron? Es que<strong> hubo varias advertencias y notificaciones del incumplimiento de la ordenanza N\u00b0 5136\/23 sobre la colocaci\u00f3n de pasacalles<\/strong>: est\u00e1 prohibido su colocaci\u00f3n suspendidos en el distrito. Ya hubo un episodio donde bajaron estos elementos del Palacio Belgrano, San Mart\u00edn y el Hospital Municipal y toda una discusi\u00f3n acerca de qu\u00e9 es pasacalle y qu\u00e9 no.<strong> En esta ocasi\u00f3n, y en lo que son\u00f3 a ultimatum, decidieron quitarlos de toda la zona, que cambi\u00f3 por completo su paisaje, a\u00fan con la carpa en el mismo lugar.<\/strong><\/p>\n\n\n\n<p>72 horas despu\u00e9s\u2026boom. Un variado movimiento que sonaba a asamblea dentro de las oficinas del Palacio San Mart\u00edn era en realidad una acusaci\u00f3n bastante grave no s\u00f3lo contra la gesti\u00f3n anterior, sino contra el sindicato puntualmente:<strong> el Municipio daba cuenta de que 42 trabajadores municipales que fueron cedidos al STMO deber\u00edan regular su situaci\u00f3n dado que no quedaba claro qu\u00e9 servicios prestaban desde la comuna y la comuna pagaba su sueldo. El Ejecutivo puntualiz\u00f3 que esta situaci\u00f3n se dio \u201cen la gesti\u00f3n anterior\u201d.<\/strong><\/p>\n\n\n\n<p>Esto surge como uno de los tantos resultados de la auditor\u00eda que comenz\u00f3 en diciembre: en total, <strong>eran 73 las personas que figuraban como trabajadores municipales y \u201cno prestaban servicios en el Municipio sino en el Complejo Sindical Recreativo y otros espacios como \u2018La Mutual\u2019\u201d, motivo por el cual \u201cla actual gesti\u00f3n decidi\u00f3 avanzar en la regularizaci\u00f3n de este personal\u201d.<\/strong><\/p>\n\n\n\n<p>Arranquemos la resta:<strong> de 73, hubo 10 que fueron reubicados y 21 bajas \u201cpor distintos motivos\u201d que se entiende es por despido o por renuncia. Del resultado, hay otras 16 que son representantes de la comisi\u00f3n directiva del gremio, pero nunca tramitaron la licencia gremial \u201cni cumplen tareas en el municipio\u201d, lo que configura \u201cuna ausencia injustificada\u201d. El resultado final son esas 26 personas que comenzaron a ser entrevistadas por Direcci\u00f3n de Personal y ser\u00e1n reubicadas.<\/strong><\/p>\n\n\n\n<p>Para a\u00f1adir contexto: <strong>el movimiento de trabajadores con remeras del gremio fue bastante llamativo en la \u00faltima semana. <\/strong>Incluso, con el conflicto conocido todo parec\u00eda indicar que era una asamblea o una movida m\u00e1s del STMO en pasillos del Palacio San Mart\u00edn, sobre todo por la cantidad que estaba en dichos lugares. Incluso, fue motivo de consulta period\u00edstica. <strong>D\u00edas despu\u00e9s, se conoci\u00f3 que eran las entrevistas para reubicar personal.<\/strong><\/p>\n\n\n\n<p><strong>El Municipio catalog\u00f3 esta situaci\u00f3n de \u201c\u00fanica\u201d en toda la Provincia<\/strong>: \u201cNo existe esto en otro Municipio de la provincia, el sindicato tiene sus ingresos mensuales para poder afrontar el pago de personal y sueldos\u201d y agreg\u00f3 que los trabajadores hasta pasaban horas extras pero no se sab\u00eda d\u00f3nde trabajaban, al menos en los papeles.<\/p>\n\n\n\n<blockquote class=\"wp-block-quote is-layout-flow wp-block-quote-is-layout-flow\">\n<p>Estos trabajadores representaban cerca de 48 millones de pesos mensuales en salarios, lo que representan salarios altos si se tiene en cuenta las denuncias del STMO por los salarios de indigencia de empleados (que efectivamente existen y es una de las grandes deudas de la comuna).<\/p>\n<\/blockquote>\n\n\n\n<p>Restar\u00e1 saber las reglas de la reubicaci\u00f3n:<strong> si ser\u00e1 bajo las mismas condiciones o habr\u00e1 readecuaci\u00f3n completa. Porque adem\u00e1s, el Municipio dej\u00f3 para el final una denuncia igual o m\u00e1s grave<\/strong>. \u201chan encontrado en diversos casos legajos con graves irregularidades, que ya est\u00e1n siendo evaluadas y que se dar\u00e1n a conocer en el informe final de la auditor\u00eda en las pr\u00f3ximas semanas\u201d.<\/p>\n\n\n\n<p>Lo que parec\u00eda pr\u00e1cticamente una nueva declaraci\u00f3n de guerra (dado que atentaba contra el coraz\u00f3n del STMO, el funcionamiento de La Mutual y el predio ubicado en camino a Loma de Paz) <strong>Stuppia decidi\u00f3 encararlo por otro lado. Exponer la funci\u00f3n \u201csocial\u201d de los trabajadores y el gremio, y confirmar que seguir\u00e1n esa misma l\u00ednea \u201caunque el Municipio deje de colaborar\u201d.<\/strong><\/p>\n\n\n\n<figure class=\"wp-block-image size-large\"><img data-recalc-dims=\"1\" loading=\"lazy\" decoding=\"async\" width=\"800\" height=\"445\" src=\"https:\/\/i0.wp.com\/cdnoticias.com\/wp-content\/uploads\/2024\/03\/asamblea-municipales-stuppia1.jpg?resize=800%2C445&#038;ssl=1\" alt=\"\" class=\"wp-image-112317\" srcset=\"https:\/\/i0.wp.com\/cdnoticias.com\/wp-content\/uploads\/2024\/03\/asamblea-municipales-stuppia1-scaled.jpg?resize=1024%2C570&amp;ssl=1 1024w, https:\/\/i0.wp.com\/cdnoticias.com\/wp-content\/uploads\/2024\/03\/asamblea-municipales-stuppia1-scaled.jpg?resize=300%2C167&amp;ssl=1 300w, https:\/\/i0.wp.com\/cdnoticias.com\/wp-content\/uploads\/2024\/03\/asamblea-municipales-stuppia1-scaled.jpg?resize=768%2C427&amp;ssl=1 768w, https:\/\/i0.wp.com\/cdnoticias.com\/wp-content\/uploads\/2024\/03\/asamblea-municipales-stuppia1-scaled.jpg?resize=1536%2C855&amp;ssl=1 1536w, https:\/\/i0.wp.com\/cdnoticias.com\/wp-content\/uploads\/2024\/03\/asamblea-municipales-stuppia1-scaled.jpg?resize=2048%2C1140&amp;ssl=1 2048w, https:\/\/i0.wp.com\/cdnoticias.com\/wp-content\/uploads\/2024\/03\/asamblea-municipales-stuppia1-scaled.jpg?resize=800%2C445&amp;ssl=1 800w, https:\/\/i0.wp.com\/cdnoticias.com\/wp-content\/uploads\/2024\/03\/asamblea-municipales-stuppia1-scaled.jpg?w=1600&amp;ssl=1 1600w, https:\/\/i0.wp.com\/cdnoticias.com\/wp-content\/uploads\/2024\/03\/asamblea-municipales-stuppia1-scaled.jpg?w=2400&amp;ssl=1 2400w\" sizes=\"auto, (max-width: 800px) 100vw, 800px\" \/><\/figure>\n\n\n\n<p><a href=\"https:\/\/www.youtube.com\/watch?v=sbOzjsrTG8Y\" target=\"_blank\" rel=\"noreferrer noopener\">Lo hizo en Radio Olavarr\u00eda y en el D\u00eda de los Trabajadores Municipales<\/a>: Si bien rechaz\u00f3 las acusaciones de irregularidades de los trabajadores y acus\u00f3 de querer \u201cdesprestigiar\u201d la lucha gremial,<strong> Stuppia acept\u00f3 parcialmente que lo descripto por el Municipio suced\u00eda<\/strong>. Dijo que no eran \u201ccesiones\u201d de trabajadores, sino una \u201ccolaboraci\u00f3n\u201d de las gestiones de los \u00faltimos 20 a\u00f1os (esto es Helios Eseverri, Jos\u00e9 Eseverri y Ezequiel Galli) y que en los \u00faltimos a\u00f1os hubo un crecimiento \u201cexponencial\u201d. <strong>De hecho, destac\u00f3 que producto de ese recurso humano se puede brindar servicios de mutual, de psicolog\u00eda, de atenci\u00f3n de psiquiatr\u00eda y las prestaciones del club que dependen de la entidad sindical para se\u00f1alar que se atend\u00eda de forma gratuita.<\/strong><\/p>\n\n\n\n<p>Tambi\u00e9n mencion\u00f3 que brinda copa de leche y \u201ccontenci\u00f3n\u201d a cientos de chicos en el predio gremial, y se tom\u00f3 bien la decisi\u00f3n de la comuna: <em><strong>\u201csi el Municipio decide no colaborar nos parece perfecto. Nosotros trataremos de continuar esto con los recursos que sean posibles y tratar de darle la misma calidad a los chicos de los barrios perif\u00e9ricos\u201d.<\/strong><\/em><\/p>\n\n\n\n<p>De hecho, <strong>coincidi\u00f3 con el Municipio en mostrar que es el \u00fanico sindicato de toda la Provincia donde hab\u00eda trabajadores cedidos exclusivamente para el STMO<\/strong>: \u201cNosotros estamos haciendo una verdadera doctrina justicialista y estamos orgullosos de ser el \u00fanico sindicato en la provincia de Buenos Aires en que ocurra esto\u201d.<\/p>\n\n\n\n<p>Reconoci\u00f3 a su vez diferencias \u201cpol\u00edticas\u201d con el Intendente y la gesti\u00f3n y mencion\u00f3 a la Jefa de Gabinete Mercedes Land\u00edvar y el ex diputado y referente seccional de La C\u00e1mpora, C\u00e9sar Valicenti: en su declaraci\u00f3n, aconsej\u00f3 que<em><strong> \u201csi toman la pol\u00edtica como de vida o muerte, que no hagan pol\u00edtica\u201d<\/strong><\/em> y que actualmente <em><strong>\u201csomos adversarios en este momento, porque yo no tengo ning\u00fan problema personal con Mercedes Land\u00edvar, con C\u00e9sar Valicenti, con Maxi Wesner\u2026 ac\u00e1 el problema surge por salario, nada m\u00e1s\u201d.<\/strong><\/em><\/p>\n\n\n\n<p>\u201c\u00bfSe termin\u00f3 el tema de la ayuda con trabajadores? listo, est\u00e1 bien, nos arreglamos de otra forma, pero por eso no me voy a enojar, es pol\u00edtica. No hay que llevarlo a lo personal\u201d, agreg\u00f3.<strong> Una declaraci\u00f3n llamativa por el momento, y por el viraje discursivo en comparaci\u00f3n a semanas anteriores, donde dijo que los funcionarios eran \u201ccanallas\u201d y hasta \u201crepresores\u201d.<\/strong><\/p>\n\n\n\n<p>De hecho, <strong>coincidi\u00f3 con Land\u00edvar en que el di\u00e1logo est\u00e1 abierto y cualquiera de las dos partes est\u00e1 habilitada a llamar a la otra para negociar paritarias, hacer ofrecimientos o lo que fuere.<\/strong> De todos modos, los caminos parecen llevar a lo que el Ejecutivo hizo: respetar los tres meses de \u201cacuerdo\u201d (que no fue acuerdo, fue paritaria por decreto) y convocar a negociaciones en diciembre. De todos modos\u2026falta.<\/p>\n\n\n\n<p class=\"has-large-font-size\"><strong>Los afiliados de IOMA quieren saber<\/strong><\/p>\n\n\n\n<figure class=\"wp-block-image size-large\"><img data-recalc-dims=\"1\" loading=\"lazy\" decoding=\"async\" width=\"800\" height=\"445\" src=\"https:\/\/i0.wp.com\/cdnoticias.com\/wp-content\/uploads\/2024\/10\/reclamo-ioma2.jpg?resize=800%2C445&#038;ssl=1\" alt=\"\" class=\"wp-image-128913\" srcset=\"https:\/\/i0.wp.com\/cdnoticias.com\/wp-content\/uploads\/2024\/10\/reclamo-ioma2.jpg?resize=1024%2C569&amp;ssl=1 1024w, https:\/\/i0.wp.com\/cdnoticias.com\/wp-content\/uploads\/2024\/10\/reclamo-ioma2.jpg?resize=300%2C167&amp;ssl=1 300w, https:\/\/i0.wp.com\/cdnoticias.com\/wp-content\/uploads\/2024\/10\/reclamo-ioma2.jpg?resize=768%2C427&amp;ssl=1 768w, https:\/\/i0.wp.com\/cdnoticias.com\/wp-content\/uploads\/2024\/10\/reclamo-ioma2.jpg?resize=800%2C445&amp;ssl=1 800w, https:\/\/i0.wp.com\/cdnoticias.com\/wp-content\/uploads\/2024\/10\/reclamo-ioma2.jpg?w=1500&amp;ssl=1 1500w\" sizes=\"auto, (max-width: 800px) 100vw, 800px\" \/><\/figure>\n\n\n\n<p>La semana mostr\u00f3 pocas novedades concretas en torno al problema central:<strong> IOMA sigue sin brindar servicios de m\u00e9dicos regulares para los afiliados.<\/strong><\/p>\n\n\n\n<p><strong>Lo que se vio es la aparici\u00f3n de un nuevo actor y un avance de los \u201cautoconvocados\u201d que lograron hablar con el intendente Maximiliano Wesner. IOMA sigue sin expresarse p\u00fablicamente<\/strong>: ninguna autoridad de la obra social responde a las dudas que quedan flotando a partir de esta situaci\u00f3n.<\/p>\n\n\n\n<p><strong>El Consejo Consultivo Gremial de IOMA es una instancia de reuni\u00f3n entre dirigentes de los sindicatos ATE, SOEME, SUTEBA, UDO-FEB y UDOCBA. <\/strong>Son todos sindicatos que agrupan a estatales de la provincia y que, hasta ahora, no hab\u00edan actuado concretamente tras el corte de servicios<strong>. Se tomaron un mes desde el inicio del problema.<\/strong><\/p>\n\n\n\n<figure class=\"wp-block-image size-full\"><img data-recalc-dims=\"1\" loading=\"lazy\" decoding=\"async\" width=\"800\" height=\"445\" src=\"https:\/\/i0.wp.com\/cdnoticias.com\/wp-content\/uploads\/2024\/11\/consejo-consultivo-gremial-IOMA.jpg?resize=800%2C445&#038;ssl=1\" alt=\"\" class=\"wp-image-129716\" srcset=\"https:\/\/i0.wp.com\/cdnoticias.com\/wp-content\/uploads\/2024\/11\/consejo-consultivo-gremial-IOMA.jpg?w=800&amp;ssl=1 800w, https:\/\/i0.wp.com\/cdnoticias.com\/wp-content\/uploads\/2024\/11\/consejo-consultivo-gremial-IOMA.jpg?resize=300%2C167&amp;ssl=1 300w, https:\/\/i0.wp.com\/cdnoticias.com\/wp-content\/uploads\/2024\/11\/consejo-consultivo-gremial-IOMA.jpg?resize=768%2C427&amp;ssl=1 768w\" sizes=\"auto, (max-width: 800px) 100vw, 800px\" \/><\/figure>\n\n\n\n<p>Hicieron una reuni\u00f3n en la que -seg\u00fan se inform\u00f3- \u201canalizaron las acciones a seguir\u201d. <strong>Y d\u00edas despu\u00e9s se dio a conocer que hab\u00edan pedido reuniones \u201ca las autoridades del IOMA Regional y del CoCeBa\u201d para \u201cconocer el estado de avance en los convenios que se est\u00e1n proponiendo en la actualidad y analizar las acciones de cobertura y funcionamiento de la obra social en este periodo de transici\u00f3n\u201d.<\/strong> Hasta ah\u00ed.<\/p>\n\n\n\n<p>Varios pasos m\u00e1s adelante van los afiliados autoconvocados que, como lo hab\u00edan pedido la semana anterior, pudieron reunirse con Wesner. Y el intendente fue quien tom\u00f3 la palabra en esa reuni\u00f3n que tuvo pasajes con intercambios \u00e1speros.<\/p>\n\n\n\n<p><strong>Vamos a destacar tres puntos de esa reuni\u00f3n, que tuvo muchos temas en discusi\u00f3n. Uno: \u201cexpresamos nuestras dudas respecto a las ventajas que para ellos tendr\u00eda la gesti\u00f3n de la obra social por CoCeBA\u201d<\/strong> contaron los autoconvocados. Es que Wesner asegur\u00f3 que<strong> \u201cCoCeBA no se quedar\u00eda con ning\u00fan peso\u201d de lo que paga IOMA<\/strong>. Seg\u00fan el intendente ser\u00eda un intermediario gratuito, un pasamano de pagos. Reten\u00e9 este punto que volvemos m\u00e1s adelante. En el planteo del jefe comunal, que ya se ha expuesto en comunicados anteriores de COCEBA, la intenci\u00f3n es dejar se\u00f1alados a los m\u00e9dicos: \u201clos funcionarios apuntaron a que en este momento los afiliados no tenemos cobertura porque los m\u00e9dicos rechazaron mayoritariamente el convenio y est\u00e1n pidiendo mejores condiciones en sus honorarios. Wesner puntualiz\u00f3 que el plazo de pago que le ofrecieron al C\u00edrculo M\u00e9dico es de 45 d\u00edas\u201d. <strong>\u00bfLos m\u00e9dicos son \u201cla casta\u201d en t\u00e9rminos mile\u00edstas?<\/strong><\/p>\n\n\n\n<p><strong>Dos: pidieron resoluci\u00f3n para \u201ccasos puntuales y urgentes, sobre todo de quienes se atendieron en el Hospital\u201d. <\/strong>En el centro de salud se vieron incrementadas las atenciones ya que hacia all\u00ed se dirigieron los pacientes que \u201cperdieron\u201d a sus m\u00e9dicos. Y los autoconvocados tambi\u00e9n insistieron con los reintegros. Sostienen que qued\u00f3 en evidencia el incumplimiento de lo que hab\u00eda dicho Homero Giles al asegurar que los reintegros se pagar\u00edan \u201cen 15 a 20 d\u00edas\u201d.<\/p>\n\n\n\n<p>\u00a0<strong>Tres: siguen movilizados. Quieren hablar directamente con \u201crepresentantes del IOMA, CoCeBA y C\u00edrculo M\u00e9dico\u201d, especialmente pidieron \u201cque se haga presente Homero Giles para poder expresarle todos los reclamos\u201d. <\/strong>Volver\u00e1n a manifestarse el lunes con una marcha que saldr\u00e1 desde la Delegaci\u00f3n de IOMA para llegar al centro de la ciudad. Y tambi\u00e9n anunciaron que estar\u00e1n el mi\u00e9rcoles en la comisi\u00f3n de Salud del HCD.<\/p>\n\n\n\n<p>Al igual que lo mencionamos la semana pasada cuando tratamos este tema,<strong> la lectura de la \u201cmunicipalizaci\u00f3n\u201d de IOMA fue planteada en el encuentro y desde el Ejecutivo la rechazaron. <\/strong>Por el lado de los afiliados, buscaron tener una silla en el reparto para no tener que quedarse mirando de afuera como ahora: \u201cqueremos representaci\u00f3n como afiliados autoconvocados en la gesti\u00f3n y control de lo que se haga de ahora en m\u00e1s\u201d. <strong>En esa l\u00ednea, pidieron acceder \u201cal convenio CoCeBA-IOMA y el monto de su presupuesto, as\u00ed como el estatuto del consorcio para transparentar su funcionamiento\u201d.<\/strong><\/p>\n\n\n\n<p><strong>El actual senador Alejandro Cellillo y ex intendente de Alvear habl\u00f3 de la situaci\u00f3n de IOMA.<\/strong> Puntualmente cont\u00f3 que har\u00e1n una presentaci\u00f3n en la Legislatura y afirm\u00f3 que su bancada, la UCR, ha presentado pedidos de informe desde inicio de a\u00f1o que nunca fueron respondidos. Cellillo es una figura muy interesante para hablar sobre el tema porque adem\u00e1s es m\u00e9dico y afiliado de la obra social. Justamente, centr\u00f3 sus planteos en su rol de profesional de la salud.<\/p>\n\n\n\n<p><a href=\"https:\/\/www.lu32.com.ar\/nota\/116270\/cellillo-duro-contra-el-gobernador-kicillof-por-ioma\">En esta entrevista cont\u00f3 que en General Alvear<\/a>, donde tambi\u00e9n se cort\u00f3 el convenio con Femeba,<strong> IOMA busca acordar con los profesionales a trav\u00e9s de otro intermediario, una organizaci\u00f3n originaria del Mar del Plata.<\/strong><\/p>\n\n\n\n<p>Afirm\u00f3 que \u201ccon la gesti\u00f3n de Kicillof IOMA fue empeorando\u201d para apuntar a que no cumple con los pagos a los municipios ni a los proveedores. \u201cEl gobernador se caga en todo eso, el tema IOMA es una cuesti\u00f3n pol\u00edtica estrat\u00e9gica, la ven con la l\u00f3gica amigo- enemigo. Quieren desprestigiar a IOMA y destruir el sistema\u201d defini\u00f3. Adem\u00e1s, vaticin\u00f3 que esta situaci\u00f3n que ahora se da con los m\u00e9dicos se dar\u00e1 a futuro con otros rubros: laboratorios, farmacias, etc. <strong>En todo momento, el senador resalt\u00f3 que la obra social est\u00e1 bien planteada desde lo legal, pero que el estado provincial no cumple con la ley.<\/strong><\/p>\n\n\n\n<p><strong>Cellillo rechaz\u00f3 las palabras del intendente de Olavarr\u00eda a los autoconvocados acerca de que COCEBA no cobrar\u00eda y lo acus\u00f3 de mentir.<\/strong> Ejemplific\u00f3 con lo que sucede con los m\u00e9dicos de PAMI que en Alvear son conveniados por el consorcio de municipios: \u201cWesner, por desconocimiento, por entusiasmo o deliberadamente por mentir, le dice a los afiliados que los m\u00e9dicos cobrar\u00edan directo. En mi pueblo (los m\u00e9dicos) nos dicen que un tercio de lo que debieran cobrar lo retiene COCEBA de PAMI. No va a ser una mejor\u00eda para el m\u00e9dico de a pie\u201d.<strong> Desde la comuna se insisti\u00f3, en reiteradas ocasiones ante la consulta de este newsletter, que el estatuto del consorcio es claro y sostiene la postura del intendente Wesner.<\/strong><\/p>\n\n\n\n<p>Mientras tanto, pas\u00f3 un mes y diez d\u00edas sin acuerdo de IOMA para brindar prestaciones m\u00e9dicas. <strong>Los afiliados se la rebuscan para poder resolver sus demandas m\u00e1s urgentes y una de ellas es la telemedicina, servicio que ofrece la obra social a trav\u00e9s de su app.<\/strong><\/p>\n\n\n\n<figure class=\"wp-block-embed is-type-wp-embed is-provider-en-linea-noticias wp-block-embed-en-linea-noticias\"><div class=\"wp-block-embed__wrapper\">\n<blockquote class=\"wp-embedded-content\" data-secret=\"D5TDlJ1uX2\"><a href=\"https:\/\/enlineanoticias.com.ar\/ciudad\/afiliados-del-ioma-se-vuelcan-a-la-telemedicina-de-ioma-ante-la-falta-de-cobertura-en-olavarria\/\">Afiliados del IOMA se vuelcan a la Telemedicina ante la falta de cobertura en Olavarr\u00eda<\/a><\/blockquote><iframe loading=\"lazy\" class=\"wp-embedded-content\" sandbox=\"allow-scripts\" security=\"restricted\" style=\"position: absolute; visibility: hidden;\" title=\"\u00abAfiliados del IOMA se vuelcan a la Telemedicina ante la falta de cobertura en Olavarr\u00eda\u00bb \u2014 En Linea Noticias\" src=\"https:\/\/enlineanoticias.com.ar\/ciudad\/afiliados-del-ioma-se-vuelcan-a-la-telemedicina-de-ioma-ante-la-falta-de-cobertura-en-olavarria\/embed\/#?secret=Ii25P9vc7A#?secret=D5TDlJ1uX2\" data-secret=\"D5TDlJ1uX2\" width=\"600\" height=\"338\" frameborder=\"0\" marginwidth=\"0\" marginheight=\"0\" scrolling=\"no\"><\/iframe>\n<\/div><\/figure>\n\n\n\n<p class=\"has-large-font-size\"><strong>La Libertad Avanza, \u00bfse vienen cositas?<\/strong><\/p>\n\n\n\n<p>Casi como un vendedor instagramer promedio,<strong> los referentes seccionales de LLA est\u00e1n haciendo anuncios muy importantes para quien quiere entender. Es que el 2025 electoral est\u00e1 ah\u00ed nom\u00e1s y quieren ir por el rol protag\u00f3nico en las urnas.<\/strong><\/p>\n\n\n\n<figure class=\"wp-block-image size-large\"><img data-recalc-dims=\"1\" loading=\"lazy\" decoding=\"async\" width=\"800\" height=\"600\" src=\"https:\/\/i0.wp.com\/cdnoticias.com\/wp-content\/uploads\/2024\/11\/speroni-coordinadores.jpeg?resize=800%2C600&#038;ssl=1\" alt=\"\" class=\"wp-image-130029\" srcset=\"https:\/\/i0.wp.com\/cdnoticias.com\/wp-content\/uploads\/2024\/11\/speroni-coordinadores.jpeg?resize=1024%2C768&amp;ssl=1 1024w, https:\/\/i0.wp.com\/cdnoticias.com\/wp-content\/uploads\/2024\/11\/speroni-coordinadores.jpeg?resize=300%2C225&amp;ssl=1 300w, https:\/\/i0.wp.com\/cdnoticias.com\/wp-content\/uploads\/2024\/11\/speroni-coordinadores.jpeg?resize=768%2C576&amp;ssl=1 768w, https:\/\/i0.wp.com\/cdnoticias.com\/wp-content\/uploads\/2024\/11\/speroni-coordinadores.jpeg?w=1280&amp;ssl=1 1280w\" sizes=\"auto, (max-width: 800px) 100vw, 800px\" \/><\/figure>\n\n\n\n<p><strong>Hubo reuni\u00f3n en CABA, donde estuvieron Alejandro Speroni y Sebasti\u00e1n Pareja para recibir a los dirigentes de los municipios de la S\u00e9ptima.<\/strong> Por Olavarr\u00eda estuvo Celeste Arouxet.<\/p>\n\n\n\n<p>Las palabras de Speroni despu\u00e9s de ese encuentro fueron m\u00e1s que reveladoras: <strong>\u201calgunos cambios tanto de actitudes como de persona, ser\u00e1n muy pronto necesarios e inevitables\u201d dijo para hablar de \u201crol provisorio\u201d y \u201ccambios de personas\u201d.<\/strong><\/p>\n\n\n\n<figure class=\"wp-block-embed is-type-wp-embed is-provider-s-ptima-secci-n wp-block-embed-s-ptima-secci-n\"><div class=\"wp-block-embed__wrapper\">\n<blockquote class=\"wp-embedded-content\" data-secret=\"CXkxAGG9wD\"><a href=\"https:\/\/septimaseccion.com.ar\/speroni-hizo-una-fuerte-bajada-de-linea-a-los-coordinadores-locales-de-lla-rol-provisorio-y-cambios-de-personas\/\">Speroni hizo una fuerte bajada de l\u00ednea a los referentes locales de LLA: &#8220;Rol provisorio&#8221; y &#8220;cambios de personas&#8221;<\/a><\/blockquote><iframe loading=\"lazy\" class=\"wp-embedded-content\" sandbox=\"allow-scripts\" security=\"restricted\" style=\"position: absolute; visibility: hidden;\" title=\"\u00abSperoni hizo una fuerte bajada de l\u00ednea a los referentes locales de LLA: &#8220;Rol provisorio&#8221; y &#8220;cambios de personas&#8221;\u00bb \u2014 S\u00e9ptima Secci\u00f3n\" src=\"https:\/\/septimaseccion.com.ar\/speroni-hizo-una-fuerte-bajada-de-linea-a-los-coordinadores-locales-de-lla-rol-provisorio-y-cambios-de-personas\/embed\/#?secret=yKWyn8OHp8#?secret=CXkxAGG9wD\" data-secret=\"CXkxAGG9wD\" width=\"600\" height=\"338\" frameborder=\"0\" marginwidth=\"0\" marginheight=\"0\" scrolling=\"no\"><\/iframe>\n<\/div><\/figure>\n\n\n\n<p>Los acuerdos para la elecci\u00f3n llegar\u00e1n m\u00e1s bien pronto y tendr\u00e1n que materializarse en la S\u00e9ptima, como en todas las secciones bonaerense. <strong>Con eso en mente, el dirigente pidi\u00f3 \u201cacuerdo de voluntades y no de imposiciones unilaterales interpretadas como gestos de mera arbitrariedad\u201d.<\/strong><\/p>\n\n\n\n<p><strong>El mensaje fue para todos los representantes de municipios, pero se sobreentiende que es especial para Olavarr\u00eda: es el distrito con m\u00e1s votantes de la S\u00e9ptima y para ganar legisladores de esta zona se requiere una buena performance aqu\u00ed.<\/strong> La dirigencia est\u00e1 dispuesta a los cambios que sean necesarios para encaminar el resultado. Un dirigente d\u00edscolo de la conducci\u00f3n oficial de LLA en Olavarr\u00eda desliz\u00f3, en un contacto espont\u00e1neo a este newsletter, que el mensaje de Speroni fue para la dirigencia local, particularmente para Celeste Arouxet.<\/p>\n\n\n\n<p>En lo local hubo una propuesta que se centr\u00f3 en el Concejo Deliberante, <strong>donde LLA gan\u00f3 cuatro bancas a trav\u00e9s de Ahora Olavarr\u00eda, pero a pocos meses de la asunci\u00f3n ya registr\u00f3 dos quiebres. <\/strong>Cuentan con una ventaja de base: si bien hay tres bloques separados, todos mantienen en com\u00fan la referencia en Javier Milei. <a href=\"https:\/\/cdnoticias.com\/index.php\/2024\/11\/08\/guillermo-lascano-planteo-un-interbloque-entre-las-bancadas-libertarias-en-el-hcd\/\" target=\"_blank\" rel=\"noreferrer noopener\">Ah\u00ed fue Guillermo Lascano quien cont\u00f3 su propuesta de conformar un \u201cinterbloque\u201d entre La Libertad Avanza, Libertad Olavarr\u00eda y Cimientos de Libertad.<\/a><\/p>\n\n\n\n<p>Sus palabras sonaron alineadas a las de Speroni: <em><strong>\u201cen La Libertad Avanza en Olavarr\u00eda tiene que sentarse todos los actores, dejar las diferencias personales y que puedan coincidir una estrategia, en una mirada y le den el protagonismo que los vecinos de Olavarr\u00eda le han dado con su voto\u201d.<\/strong><\/em><\/p>\n\n\n\n<p>\u00bfQu\u00e9 busca Lascano?<strong> Que los cuatro concejales act\u00faen \u201cen forma org\u00e1nica con la libertad de poder presentar proyectos que sean contundentes, si hay diferencias personales solamente, que est\u00e9n en espacios f\u00edsicos separados\u201d <\/strong>dijo. Es un inicio de trabajo conjunto para asegurarse posiciones pre-acordadas en temas clave.<\/p>\n\n\n\n<p>Y para lo electoral tambi\u00e9n LLA ya trabaja en Olavarr\u00eda. Hace algunas semanas hablamos de que se restableci\u00f3 la relaci\u00f3n con Ezequiel Galli. Y ya venimos contando distintas actividades donde coinciden con referentes de Pro Libertad. <strong>Guillermo Lascano dijo que \u201cestamos trabajando bien con Andrea (Coronel), nos van a empezar a ver cada vez m\u00e1s juntos caminando la ciudad\u201d.<\/strong><\/p>\n\n\n\n<p><strong>En las palabras de Lascano, las alianzas electorales son ya un hecho y en lo local se avanza con eso en mente.<\/strong> \u201cEl vecino cuando le tocamos timbre lo que plantea es la unidad, que haya una posici\u00f3n que tenga un objetivo, que obviamente son dos productos que le podemos poner en una g\u00f3ndola y los vecinos pueden elegir. Y que puedan elegir con los ojos cerrados porque obviamente ellos tambi\u00e9n tienen confianza, no esto de que podemos salir uno para un lado y otro para otro. Entonces primero tenemos que trabajar internamente nosotros para lograr esta unidad\u201d revel\u00f3.<\/p>\n\n\n\n<p>Aqu\u00ed vamos a se\u00f1alar una curiosidad. <strong>Hay algo de lo que dice Lascano que es llamativo: los vecinos con los que hablan los referentes libertarios exponen planteos ideol\u00f3gicos y de toma de posici\u00f3n. Bastante diferente a lo que sosten\u00edan hasta ahora todos los dem\u00e1s sectores, que aseguraban que los vecinos no hablaban de esos temas<\/strong>, sino que iban directo a demandas concretas de mejoras de su vida o de su entorno. Todo un signo de una nueva \u00e9poca.<\/p>\n\n\n\n<p class=\"has-large-font-size\"><strong>El gui\u00f1o del Pro<\/strong><\/p>\n\n\n\n<figure class=\"wp-block-image size-full\"><img data-recalc-dims=\"1\" loading=\"lazy\" decoding=\"async\" width=\"800\" height=\"433\" src=\"https:\/\/i0.wp.com\/cdnoticias.com\/wp-content\/uploads\/2024\/11\/martin-endere.jpg?resize=800%2C433&#038;ssl=1\" alt=\"\" class=\"wp-image-129854\" srcset=\"https:\/\/i0.wp.com\/cdnoticias.com\/wp-content\/uploads\/2024\/11\/martin-endere.jpg?w=900&amp;ssl=1 900w, https:\/\/i0.wp.com\/cdnoticias.com\/wp-content\/uploads\/2024\/11\/martin-endere.jpg?resize=300%2C162&amp;ssl=1 300w, https:\/\/i0.wp.com\/cdnoticias.com\/wp-content\/uploads\/2024\/11\/martin-endere.jpg?resize=768%2C416&amp;ssl=1 768w\" sizes=\"auto, (max-width: 800px) 100vw, 800px\" \/><\/figure>\n\n\n\n<p>Mientras tanto, <strong>el partido amarillo da muestras de intentar acercarse de forma concreta a La Libertad Avanza.<\/strong> Para muestras, sobran ejemplos: el diputado local del PRO, <strong>Mart\u00edn Endere ingres\u00f3 en la C\u00e1mara de Diputados de la provincia de Buenos Aires un proyecto de ley que establece que quienes ingresen a trabajar en la administraci\u00f3n p\u00fablica provincial deber\u00e1n aprobar un examen de ingreso obligatorio.<\/strong><\/p>\n\n\n\n<p>\u00bfPor qu\u00e9 es un gui\u00f1o? <strong>Porque el proyecto est\u00e1 en consonancia con el Decreto 695\/2024 del Gobierno Nacional que establece una Evaluaci\u00f3n General de conocimientos y competencias para trabajar en el Estado.<\/strong> Ante la consulta de este newsletter, m\u00e1s all\u00e1 del acercamiento concreto a Milei<strong>, es un gesto m\u00e1s hacia Federico Sturzenegger que al propio liberal libertario.<\/strong><\/p>\n\n\n\n<p><strong>\u00bfConflicto en puerta con el gremio de estatales?<\/strong> Endere pidi\u00f3 \u201caprobar una evaluaci\u00f3n general de conocimientos y competencias, que ser\u00e1 an\u00f3nima, dise\u00f1ada y reglamentada a tal efecto por la autoridad de aplicaci\u00f3n\u201d. Y excluy\u00f3 a la polic\u00eda, penitenciarios, docentes, personal m\u00e9dico, que tienen su propio proceso de selecci\u00f3n. \u201cEs solo para los ingresos a la administraci\u00f3n p\u00fablica enrolados en la Ley 10.430\u201d aclar\u00f3.<\/p>\n\n\n\n<p>Y aprovech\u00f3 para tirar un palito: \u201clos partidos gobernantes suelen utilizar las gestiones para otorgar cargos a sus militantes y partidarios, sin importar, en algunos casos, cuan preparados o capacitados se encuentren\u201d. <strong>Nobleza obliga, es un tema m\u00e1s de \u201ccasta\u201d del que nadie escapa. Ni Milei.<\/strong><\/p>\n\n\n\n<p>M\u00e1s all\u00e1 de las chicanas y la propuesta, es una muestra de que el acercamiento es concreto. <strong>Al menos en la Provincia, v\u00eda Agust\u00edn Forchieri y que puede tener impacto en Diego Santilli, uno de los m\u00e1s cercanos al movimiento libertario. \u00bfSer\u00e1 otro tramo m\u00e1s del puente que se construye entre Pro y Libertarios?<\/strong><\/p>\n\n\n\n<p class=\"has-large-font-size\"><strong>Hay m\u00e1s<\/strong><\/p>\n\n\n\n<p><strong>Alberto Miotti, nuevo presidente de Coopelectric<\/strong>. Fue sorpresivo el cambio de autoridad despu\u00e9s de la asamblea del 30 de octubre: Cruz Arouxet pas\u00f3 a la vicepresidencia y Miotti, a la presidencia.<\/p>\n\n\n\n<figure class=\"wp-block-embed is-type-wp-embed is-provider-central-de-noticias-olavarr-a wp-block-embed-central-de-noticias-olavarr-a\"><div class=\"wp-block-embed__wrapper\">\n<blockquote class=\"wp-embedded-content\" data-secret=\"CXgM6zjSuY\"><a href=\"https:\/\/cdnoticias.com\/index.php\/2024\/11\/04\/alberto-miotti-es-el-nuevo-presidente-del-consejo-de-administracion-de-coopelectric\/\">Alberto Miotti es el nuevo presidente del Consejo de Administraci\u00f3n de Coopelectric<\/a><\/blockquote><iframe loading=\"lazy\" class=\"wp-embedded-content\" sandbox=\"allow-scripts\" security=\"restricted\" style=\"position: absolute; visibility: hidden;\" title=\"&#8220;Alberto Miotti es el nuevo presidente del Consejo de Administraci\u00f3n de Coopelectric&#8221; &#8212; Central de Noticias | Olavarr\u00eda\" src=\"https:\/\/cdnoticias.com\/index.php\/2024\/11\/04\/alberto-miotti-es-el-nuevo-presidente-del-consejo-de-administracion-de-coopelectric\/embed\/#?secret=9zbj2MWok7#?secret=CXgM6zjSuY\" data-secret=\"CXgM6zjSuY\" width=\"600\" height=\"338\" frameborder=\"0\" marginwidth=\"0\" marginheight=\"0\" scrolling=\"no\"><\/iframe>\n<\/div><\/figure>\n\n\n\n<p><strong>En Chubut empez\u00f3 la intervenci\u00f3n<\/strong>. Mientras en Coopelectric no dieron m\u00e1s novedades sobre el anuncio de CAMMESA,<a href=\"https:\/\/www.elchubut.com.ar\/regionales\/2024-11-7-21-28-0-bourdieu-recibio-al-vicepresidente-de-cammesa-se-reunio-con-concejales-y-aseguro-que-voy-a-ir-al-hueso-en-la-cooperativa\" target=\"_blank\" rel=\"noreferrer noopener\"> en la cooperativa de la provincia patag\u00f3nica comenz\u00f3 el accionar de la Justicia Federal impulsada por el INAES y autoridades de la empresa mayorista de energ\u00eda llegaron hasta all\u00ed para dialogar sobre la deuda.<\/a><\/p>\n\n\n\n<p><strong>Eduardo Rodr\u00edguez, del Frente Renovador local<\/strong>, particip\u00f3 de una importante reuni\u00f3n a cargo de Sebasti\u00e1n Galmarini en la que se empez\u00f3 a analizar a fondo los posibles -y profundos- cambios en la implementaci\u00f3n de la Boleta \u00danica de Papel. Los costos y el plan de Milei de desfinanciar la pol\u00edtica puede ser una combinaci\u00f3n explosiva e incluso de efecto directo en la democracia. Se\u00f1al\u00f3 en di\u00e1logo con este newsletter que es un tema que deber\u00e1 empezar a ponerse en agenda.<\/p>\n\n\n\n<p class=\"has-large-font-size\"><strong>El newsletter<\/strong><\/p>\n\n\n\n<p>Esta publicaci\u00f3n es la edici\u00f3n de este domingo del newsletter Volver a las Fuentes que escriben Alexis Grierson y Josefina Bargas. <a href=\"https:\/\/linktr.ee\/volveralasfuentes\">Tiene un sistema de suscripci\u00f3n econ\u00f3mica y aportes \u00fanicos al que se puede acceder aqu\u00ed.<\/a><\/p>\n","protected":false},"excerpt":{"rendered":"<p>El Municipio arremeti\u00f3 contra el STMO: pasacalles y trabajadores \u201ccedidos\u201d en la gesti\u00f3n anterior. \u00bfCambio de estrategia gremial? IOMA, COCEBA<\/p>\n","protected":false},"author":2,"featured_media":129619,"comment_status":"closed","ping_status":"closed","sticky":false,"template":"","format":"standard","meta":{"_jetpack_memberships_contains_paid_content":false,"footnotes":""},"categories":[4,1],"tags":[],"class_list":["post-130028","post","type-post","status-publish","format-standard","has-post-thumbnail","hentry","category-politica","category-portada"],"jetpack_featured_media_url":"https:\/\/i0.wp.com\/cdnoticias.com\/wp-content\/uploads\/2024\/11\/stmo-sin-pasacalles-01.jpg?fit=800%2C445&ssl=1","jetpack_sharing_enabled":true,"_links":{"self":[{"href":"https:\/\/cdnoticias.com\/index.php\/wp-json\/wp\/v2\/posts\/130028","targetHints":{"allow":["GET"]}}],"collection":[{"href":"https:\/\/cdnoticias.com\/index.php\/wp-json\/wp\/v2\/posts"}],"about":[{"href":"https:\/\/cdnoticias.com\/index.php\/wp-json\/wp\/v2\/types\/post"}],"author":[{"embeddable":true,"href":"https:\/\/cdnoticias.com\/index.php\/wp-json\/wp\/v2\/users\/2"}],"replies":[{"embeddable":true,"href":"https:\/\/cdnoticias.com\/index.php\/wp-json\/wp\/v2\/comments?post=130028"}],"version-history":[{"count":0,"href":"https:\/\/cdnoticias.com\/index.php\/wp-json\/wp\/v2\/posts\/130028\/revisions"}],"wp:featuredmedia":[{"embeddable":true,"href":"https:\/\/cdnoticias.com\/index.php\/wp-json\/wp\/v2\/media\/129619"}],"wp:attachment":[{"href":"https:\/\/cdnoticias.com\/index.php\/wp-json\/wp\/v2\/media?parent=130028"}],"wp:term":[{"taxonomy":"category","embeddable":true,"href":"https:\/\/cdnoticias.com\/index.php\/wp-json\/wp\/v2\/categories?post=130028"},{"taxonomy":"post_tag","embeddable":true,"href":"https:\/\/cdnoticias.com\/index.php\/wp-json\/wp\/v2\/tags?post=130028"}],"curies":[{"name":"wp","href":"https:\/\/api.w.org\/{rel}","templated":true}]}}