{"id":129979,"date":"2024-11-09T16:18:49","date_gmt":"2024-11-09T19:18:49","guid":{"rendered":"https:\/\/cdnoticias.com\/?p=129979"},"modified":"2024-11-09T16:18:50","modified_gmt":"2024-11-09T19:18:50","slug":"mario-luis-amado-beco-q-e-p-d","status":"publish","type":"post","link":"https:\/\/cdnoticias.com\/index.php\/2024\/11\/09\/mario-luis-amado-beco-q-e-p-d\/","title":{"rendered":"Mario Luis Amado &#8220;Beco&#8221; (Q.E.P.D.)"},"content":{"rendered":"\n<hr class=\"wp-block-separator aligncenter has-alpha-channel-opacity\"\/>\n\n\n\n<p>Falleci\u00f3 en Olavarr\u00eda el 9 de noviembre de 2024 a los 86 a\u00f1os. Sus hijos Mario y Claudia Amado. Sus hijos pol\u00edticos Mariel y Rub\u00e9n. Sus nietos Nicol\u00e1s y Martin Amado; Bel\u00e9n, Ramiro y Leandro Beltramella. Sus nietos pol\u00edticos. Su hermana Mirta Amado. Sus hermanos pol\u00edticos. Sus sobrinos y dem\u00e1s deudos participan su fallecimiento.<\/p>\n\n\n\n<p>Sus restos ser\u00e1n velados desde este domingo 10 de noviembre a las 08:00 horas en la sala velatoria de Sierras Bayas, e inhumados en el cementerio de la localidad a las 11:30 horas. Servicio adherido a Coopelectric.<\/p>\n\n\n\n<p>Nacido en Hinojo, vecino de Sierras Bayas, jubilado carnicero.<\/p>\n","protected":false},"excerpt":{"rendered":"<p>Falleci\u00f3 en Olavarr\u00eda el 9 de noviembre de 2024 a los 86 a\u00f1os. Sus hijos Mario y Claudia Amado. Sus<\/p>\n","protected":false},"author":2,"featured_media":100390,"comment_status":"closed","ping_status":"closed","sticky":false,"template":"","format":"standard","meta":{"_jetpack_memberships_contains_paid_content":false,"footnotes":""},"categories":[10],"tags":[],"class_list":["post-129979","post","type-post","status-publish","format-standard","has-post-thumbnail","hentry","category-necrologicas"],"jetpack_featured_media_url":"https:\/\/i0.wp.com\/cdnoticias.com\/wp-content\/uploads\/2023\/10\/necrologicas-390-x-240.jpg?fit=390%2C240&ssl=1","jetpack_sharing_enabled":true,"_links":{"self":[{"href":"https:\/\/cdnoticias.com\/index.php\/wp-json\/wp\/v2\/posts\/129979","targetHints":{"allow":["GET"]}}],"collection":[{"href":"https:\/\/cdnoticias.com\/index.php\/wp-json\/wp\/v2\/posts"}],"about":[{"href":"https:\/\/cdnoticias.com\/index.php\/wp-json\/wp\/v2\/types\/post"}],"author":[{"embeddable":true,"href":"https:\/\/cdnoticias.com\/index.php\/wp-json\/wp\/v2\/users\/2"}],"replies":[{"embeddable":true,"href":"https:\/\/cdnoticias.com\/index.php\/wp-json\/wp\/v2\/comments?post=129979"}],"version-history":[{"count":0,"href":"https:\/\/cdnoticias.com\/index.php\/wp-json\/wp\/v2\/posts\/129979\/revisions"}],"wp:featuredmedia":[{"embeddable":true,"href":"https:\/\/cdnoticias.com\/index.php\/wp-json\/wp\/v2\/media\/100390"}],"wp:attachment":[{"href":"https:\/\/cdnoticias.com\/index.php\/wp-json\/wp\/v2\/media?parent=129979"}],"wp:term":[{"taxonomy":"category","embeddable":true,"href":"https:\/\/cdnoticias.com\/index.php\/wp-json\/wp\/v2\/categories?post=129979"},{"taxonomy":"post_tag","embeddable":true,"href":"https:\/\/cdnoticias.com\/index.php\/wp-json\/wp\/v2\/tags?post=129979"}],"curies":[{"name":"wp","href":"https:\/\/api.w.org\/{rel}","templated":true}]}}