{"id":129966,"date":"2024-11-09T09:24:00","date_gmt":"2024-11-09T12:24:00","guid":{"rendered":"https:\/\/cdnoticias.com\/?p=129966"},"modified":"2024-11-09T12:44:27","modified_gmt":"2024-11-09T15:44:27","slug":"el-fin-de-semana-marcado-por-las-posibles-lluvias-en-olavarria","status":"publish","type":"post","link":"https:\/\/cdnoticias.com\/index.php\/2024\/11\/09\/el-fin-de-semana-marcado-por-las-posibles-lluvias-en-olavarria\/","title":{"rendered":"El fin de semana, marcado por las posibles lluvias en Olavarr\u00eda"},"content":{"rendered":"\n<p>Habr\u00e1 posibilidades de chaparrones durante todo el s\u00e1bado, mientras que el domingo se prev\u00e9n tormentas aisladas. Habr\u00e1 vientos fuertes el s\u00e1bado y domingo por la tarde.<\/p>\n\n\n\n<hr class=\"wp-block-separator aligncenter has-alpha-channel-opacity\"\/>\n\n\n\n<p>Con el comienzo del s\u00e1bado y un nuevo fin de semana \u2013que tendr\u00e1 varias actividades en la ciudad- <strong>la lluvia ser\u00e1 protagonista: seg\u00fan el Servicio Meteorol\u00f3gico Nacional, la estimaci\u00f3n de chaparrones aislados y tormentas se mantendr\u00e1 durante los dos d\u00edas, con mayores probabilidades durante el domingo.<\/strong><\/p>\n\n\n\n<p>Tal es as\u00ed, que <strong>la previsi\u00f3n clim\u00e1tica deriv\u00f3 en la suspensi\u00f3n de una nueva edici\u00f3n del \u201cAplauso al Asador\u201d que se iba a realizar en el Parque Helios Eseverri.<\/strong><\/p>\n\n\n\n<figure class=\"wp-block-embed is-type-wp-embed is-provider-central-de-noticias-olavarr-a wp-block-embed-central-de-noticias-olavarr-a\"><div class=\"wp-block-embed__wrapper\">\n<blockquote class=\"wp-embedded-content\" data-secret=\"C06SyYgliM\"><a href=\"https:\/\/cdnoticias.com\/index.php\/2024\/11\/07\/se-suspendio-la-39a-edicion-de-la-fiesta-un-aplauso-al-asador\/\">Se suspendi\u00f3 la 39\u00aa edici\u00f3n de la Fiesta \u201cUn Aplauso al Asador\u201d<\/a><\/blockquote><iframe loading=\"lazy\" class=\"wp-embedded-content\" sandbox=\"allow-scripts\" security=\"restricted\" style=\"position: absolute; visibility: hidden;\" title=\"&#8220;Se suspendi\u00f3 la 39\u00aa edici\u00f3n de la Fiesta \u201cUn Aplauso al Asador\u201d&#8221; &#8212; Central de Noticias | Olavarr\u00eda\" src=\"https:\/\/cdnoticias.com\/index.php\/2024\/11\/07\/se-suspendio-la-39a-edicion-de-la-fiesta-un-aplauso-al-asador\/embed\/#?secret=qfu26SNoUn#?secret=C06SyYgliM\" data-secret=\"C06SyYgliM\" width=\"600\" height=\"338\" frameborder=\"0\" marginwidth=\"0\" marginheight=\"0\" scrolling=\"no\"><\/iframe>\n<\/div><\/figure>\n\n\n\n<p>Lo concreto es que <strong>para este s\u00e1bado las temperaturas llegar\u00e1n a los 26\u00b0 de m\u00e1xima, pero con posibilidad de lluvias \u2013baja, del 40%- durante todo el d\u00eda.<\/strong> Si bien para la tarde s\u00f3lo se estima cielo completamente nublado, <strong>se prev\u00e9n fuertes vientos del sector noroeste que podr\u00edan alcanzar r\u00e1fagas de 50km\/h.<\/strong><\/p>\n\n\n\n<p><strong>El domingo la situaci\u00f3n ser\u00e1 m\u00e1s complicada: para la madrugada y ma\u00f1ana se prev\u00e9n tormentas aisladas y durante la tarde chaparrones con fuertes vientos del sur, que podr\u00edan alcanzar los 59km\/h. <\/strong>La particularidad ser\u00e1 la baja de la temperatura en sus m\u00e1ximas, que se estiman en 20\u00b0.<\/p>\n\n\n\n<p><strong>Hasta el pr\u00f3ximo mi\u00e9rcoles se pronosticaron jornadas frescas, con m\u00e1ximas de entre 20\u00b0 y 21\u00b0, con el regreso del calor desde el jueves. <\/strong>Pero para eso a\u00fan falta mucho: por lo pronto,<strong> quedar\u00e1 disfrutar de las opciones que tiene Olavarr\u00eda para disfrutar en espacios cerrados, como la Feria y el Festival del Libro, la Fiesta Retro en la madrugada en el local Kuk u otras actividades en una extensa y variada oferta para grandes y chicos.<\/strong><\/p>\n\n\n\n<figure class=\"wp-block-embed is-type-wp-embed is-provider-central-de-noticias-olavarr-a wp-block-embed-central-de-noticias-olavarr-a\"><div class=\"wp-block-embed__wrapper\">\n<blockquote class=\"wp-embedded-content\" data-secret=\"dYcjg7DiH1\"><a href=\"https:\/\/cdnoticias.com\/index.php\/2024\/11\/08\/con-varias-actividades-y-apo-a-sala-llena-cerro-el-segundo-dia-de-la-feria-y-festival-del-libro\/\">Con varias actividades y Apo a sala llena cerr\u00f3 el segundo d\u00eda de la Feria y Festival del Libro<\/a><\/blockquote><iframe loading=\"lazy\" class=\"wp-embedded-content\" sandbox=\"allow-scripts\" security=\"restricted\" style=\"position: absolute; visibility: hidden;\" title=\"&#8220;Con varias actividades y Apo a sala llena cerr\u00f3 el segundo d\u00eda de la Feria y Festival del Libro&#8221; &#8212; Central de Noticias | Olavarr\u00eda\" src=\"https:\/\/cdnoticias.com\/index.php\/2024\/11\/08\/con-varias-actividades-y-apo-a-sala-llena-cerro-el-segundo-dia-de-la-feria-y-festival-del-libro\/embed\/#?secret=F94vwAJxJA#?secret=dYcjg7DiH1\" data-secret=\"dYcjg7DiH1\" width=\"600\" height=\"338\" frameborder=\"0\" marginwidth=\"0\" marginheight=\"0\" scrolling=\"no\"><\/iframe>\n<\/div><\/figure>\n\n\n\n<figure class=\"wp-block-embed is-type-wp-embed is-provider-central-de-noticias-olavarr-a wp-block-embed-central-de-noticias-olavarr-a\"><div class=\"wp-block-embed__wrapper\">\n<blockquote class=\"wp-embedded-content\" data-secret=\"hNRwLZazrE\"><a href=\"https:\/\/cdnoticias.com\/index.php\/2024\/11\/01\/se-viene-la-primera-edicion-de-la-retro-fest-en-kuk-night-club\/\">Se viene la primera edici\u00f3n de la Retro Fest en Kuk Night Club<\/a><\/blockquote><iframe loading=\"lazy\" class=\"wp-embedded-content\" sandbox=\"allow-scripts\" security=\"restricted\" style=\"position: absolute; visibility: hidden;\" title=\"&#8220;Se viene la primera edici\u00f3n de la Retro Fest en Kuk Night Club&#8221; &#8212; Central de Noticias | Olavarr\u00eda\" src=\"https:\/\/cdnoticias.com\/index.php\/2024\/11\/01\/se-viene-la-primera-edicion-de-la-retro-fest-en-kuk-night-club\/embed\/#?secret=WqONYUPw8g#?secret=hNRwLZazrE\" data-secret=\"hNRwLZazrE\" width=\"600\" height=\"338\" frameborder=\"0\" marginwidth=\"0\" marginheight=\"0\" scrolling=\"no\"><\/iframe>\n<\/div><\/figure>\n\n\n\n<figure class=\"wp-block-embed is-type-wp-embed is-provider-central-de-noticias-olavarr-a wp-block-embed-central-de-noticias-olavarr-a\"><div class=\"wp-block-embed__wrapper\">\n<blockquote class=\"wp-embedded-content\" data-secret=\"DqmqpzVyBq\"><a href=\"https:\/\/cdnoticias.com\/index.php\/2024\/11\/08\/cafe-concert-lalta-gama-en-la-alianza-francesa\/\">Caf\u00e9 Concert \u201cL&#8217;Alta Gama\u201d en la Alianza Francesa<\/a><\/blockquote><iframe loading=\"lazy\" class=\"wp-embedded-content\" sandbox=\"allow-scripts\" security=\"restricted\" style=\"position: absolute; visibility: hidden;\" title=\"&#8220;Caf\u00e9 Concert \u201cL&#8217;Alta Gama\u201d en la Alianza Francesa&#8221; &#8212; Central de Noticias | Olavarr\u00eda\" src=\"https:\/\/cdnoticias.com\/index.php\/2024\/11\/08\/cafe-concert-lalta-gama-en-la-alianza-francesa\/embed\/#?secret=gzIgaLrZSo#?secret=DqmqpzVyBq\" data-secret=\"DqmqpzVyBq\" width=\"600\" height=\"338\" frameborder=\"0\" marginwidth=\"0\" marginheight=\"0\" scrolling=\"no\"><\/iframe>\n<\/div><\/figure>\n\n\n\n<figure class=\"wp-block-embed is-type-wp-embed is-provider-central-de-noticias-olavarr-a wp-block-embed-central-de-noticias-olavarr-a\"><div class=\"wp-block-embed__wrapper\">\n<blockquote class=\"wp-embedded-content\" data-secret=\"csM9LnrPLU\"><a href=\"https:\/\/cdnoticias.com\/index.php\/2024\/11\/07\/fogon-familiar-en-espigas-con-gran-baile-popular\/\">Fog\u00f3n Familiar en Espigas con gran baile popular<\/a><\/blockquote><iframe loading=\"lazy\" class=\"wp-embedded-content\" sandbox=\"allow-scripts\" security=\"restricted\" style=\"position: absolute; visibility: hidden;\" title=\"&#8220;Fog\u00f3n Familiar en Espigas con gran baile popular&#8221; &#8212; Central de Noticias | Olavarr\u00eda\" src=\"https:\/\/cdnoticias.com\/index.php\/2024\/11\/07\/fogon-familiar-en-espigas-con-gran-baile-popular\/embed\/#?secret=BZkzJfGf5y#?secret=csM9LnrPLU\" data-secret=\"csM9LnrPLU\" width=\"600\" height=\"338\" frameborder=\"0\" marginwidth=\"0\" marginheight=\"0\" scrolling=\"no\"><\/iframe>\n<\/div><\/figure>\n","protected":false},"excerpt":{"rendered":"<p>Habr\u00e1 posibilidades de chaparrones durante todo el s\u00e1bado, mientras que el domingo se prev\u00e9n tormentas aisladas. Habr\u00e1 vientos fuertes el<\/p>\n","protected":false},"author":2,"featured_media":108235,"comment_status":"closed","ping_status":"closed","sticky":false,"template":"","format":"standard","meta":{"_jetpack_memberships_contains_paid_content":false,"footnotes":""},"categories":[5,1],"tags":[],"class_list":["post-129966","post","type-post","status-publish","format-standard","has-post-thumbnail","hentry","category-informacion-general","category-portada"],"jetpack_featured_media_url":"https:\/\/i0.wp.com\/cdnoticias.com\/wp-content\/uploads\/2024\/02\/lluvia-clima-tiempo-1.jpg?fit=1000%2C557&ssl=1","jetpack_sharing_enabled":true,"_links":{"self":[{"href":"https:\/\/cdnoticias.com\/index.php\/wp-json\/wp\/v2\/posts\/129966","targetHints":{"allow":["GET"]}}],"collection":[{"href":"https:\/\/cdnoticias.com\/index.php\/wp-json\/wp\/v2\/posts"}],"about":[{"href":"https:\/\/cdnoticias.com\/index.php\/wp-json\/wp\/v2\/types\/post"}],"author":[{"embeddable":true,"href":"https:\/\/cdnoticias.com\/index.php\/wp-json\/wp\/v2\/users\/2"}],"replies":[{"embeddable":true,"href":"https:\/\/cdnoticias.com\/index.php\/wp-json\/wp\/v2\/comments?post=129966"}],"version-history":[{"count":0,"href":"https:\/\/cdnoticias.com\/index.php\/wp-json\/wp\/v2\/posts\/129966\/revisions"}],"wp:featuredmedia":[{"embeddable":true,"href":"https:\/\/cdnoticias.com\/index.php\/wp-json\/wp\/v2\/media\/108235"}],"wp:attachment":[{"href":"https:\/\/cdnoticias.com\/index.php\/wp-json\/wp\/v2\/media?parent=129966"}],"wp:term":[{"taxonomy":"category","embeddable":true,"href":"https:\/\/cdnoticias.com\/index.php\/wp-json\/wp\/v2\/categories?post=129966"},{"taxonomy":"post_tag","embeddable":true,"href":"https:\/\/cdnoticias.com\/index.php\/wp-json\/wp\/v2\/tags?post=129966"}],"curies":[{"name":"wp","href":"https:\/\/api.w.org\/{rel}","templated":true}]}}