{"id":12992,"date":"2021-02-04T20:25:22","date_gmt":"2021-02-04T23:25:22","guid":{"rendered":"http:\/\/www.centraldenoticias.com.ar\/?p=12992"},"modified":"2021-02-04T20:31:06","modified_gmt":"2021-02-04T23:31:06","slug":"fallecio-una-mujer-de-68-anos-con-covid-19-y-se-registraron-24-nuevos-casos","status":"publish","type":"post","link":"https:\/\/cdnoticias.com\/index.php\/2021\/02\/04\/fallecio-una-mujer-de-68-anos-con-covid-19-y-se-registraron-24-nuevos-casos\/","title":{"rendered":"Falleci\u00f3 una mujer de 68 a\u00f1os con Covid-19 y se registraron 24 nuevos casos"},"content":{"rendered":"<p>La paciente estaba internada en el Hospital Municipal. Adem\u00e1s, 7 personas se encuentran internadas en la Unidad de Terapia Intensiva, 14 en Cl\u00ednica Covid y 1 en Pediatr\u00eda.<!--more--><\/p>\n<hr \/>\n<p>Este jueves, la Secretar\u00eda de Salud de la Municipalidad de Olavarr\u00eda emiti\u00f3 el reporte sanitario de la jornada e inform\u00f3 sobre el <strong>fallecimiento de una paciente de 68 a\u00f1os que estaba internada desde hac\u00eda 6 d\u00edas en el Hospital Municipal \u201cDr. H\u00e9ctor Cura\u201d.<\/strong><\/p>\n<p>&nbsp;<\/p>\n<p>Adem\u00e1s, se indic\u00f3 que de un total de 138 hisopados que se realizaron en el d\u00eda de la fecha, <strong>24 resultaron positivos y 114 negativos para Covid-19<\/strong> (1 y 40 respectivamente, que corresponden al RTA que se realiz\u00f3 en el Paseo de la Salud).<\/p>\n<p>&nbsp;<\/p>\n<p><img data-recalc-dims=\"1\" loading=\"lazy\" decoding=\"async\" class=\"alignnone size-large wp-image-12996\" src=\"https:\/\/i0.wp.com\/cdnoticias.com\/wp-content\/uploads\/2021\/02\/parte-3.jpg?resize=800%2C394&#038;ssl=1\" alt=\"\" width=\"800\" height=\"394\" srcset=\"https:\/\/i0.wp.com\/cdnoticias.com\/wp-content\/uploads\/2021\/02\/parte-3.jpg?resize=1024%2C504&amp;ssl=1 1024w, https:\/\/i0.wp.com\/cdnoticias.com\/wp-content\/uploads\/2021\/02\/parte-3.jpg?resize=300%2C148&amp;ssl=1 300w, https:\/\/i0.wp.com\/cdnoticias.com\/wp-content\/uploads\/2021\/02\/parte-3.jpg?resize=768%2C378&amp;ssl=1 768w, https:\/\/i0.wp.com\/cdnoticias.com\/wp-content\/uploads\/2021\/02\/parte-3.jpg?w=1183&amp;ssl=1 1183w\" sizes=\"auto, (max-width: 800px) 100vw, 800px\" \/><\/p>\n<p>&nbsp;<\/p>\n<p><img data-recalc-dims=\"1\" loading=\"lazy\" decoding=\"async\" class=\"alignnone size-large wp-image-12994\" src=\"https:\/\/i0.wp.com\/cdnoticias.com\/wp-content\/uploads\/2021\/02\/parte03-2.jpg?resize=800%2C424&#038;ssl=1\" alt=\"\" width=\"800\" height=\"424\" srcset=\"https:\/\/i0.wp.com\/cdnoticias.com\/wp-content\/uploads\/2021\/02\/parte03-2.jpg?resize=1024%2C543&amp;ssl=1 1024w, https:\/\/i0.wp.com\/cdnoticias.com\/wp-content\/uploads\/2021\/02\/parte03-2.jpg?resize=300%2C159&amp;ssl=1 300w, https:\/\/i0.wp.com\/cdnoticias.com\/wp-content\/uploads\/2021\/02\/parte03-2.jpg?resize=768%2C408&amp;ssl=1 768w, https:\/\/i0.wp.com\/cdnoticias.com\/wp-content\/uploads\/2021\/02\/parte03-2.jpg?w=1061&amp;ssl=1 1061w\" sizes=\"auto, (max-width: 800px) 100vw, 800px\" \/><\/p>\n<p>&nbsp;<\/p>\n<p>Respecto a la ocupaci\u00f3n hospitalaria, se conoci\u00f3 que <strong>7 personas se encuentran internadas en la Unidad de Terapia Intensiva, 14 en Cl\u00ednica Covid y 1 en Pediatr\u00eda.<\/strong><\/p>\n<p>&nbsp;<\/p>\n<p>A la fecha, en Olavarr\u00eda hay <strong>153 personas que transitan la enfermedad<\/strong>, ya que 43 de ellas obtuvieron este jueves el alta m\u00e9dica. El 84% tiene menos de 60 a\u00f1os.<\/p>\n<p>&nbsp;<\/p>\n<p><img data-recalc-dims=\"1\" loading=\"lazy\" decoding=\"async\" class=\"alignnone size-large wp-image-12995\" src=\"https:\/\/i0.wp.com\/cdnoticias.com\/wp-content\/uploads\/2021\/02\/parte02-3.jpg?resize=800%2C379&#038;ssl=1\" alt=\"\" width=\"800\" height=\"379\" srcset=\"https:\/\/i0.wp.com\/cdnoticias.com\/wp-content\/uploads\/2021\/02\/parte02-3.jpg?resize=1024%2C485&amp;ssl=1 1024w, https:\/\/i0.wp.com\/cdnoticias.com\/wp-content\/uploads\/2021\/02\/parte02-3.jpg?resize=300%2C142&amp;ssl=1 300w, https:\/\/i0.wp.com\/cdnoticias.com\/wp-content\/uploads\/2021\/02\/parte02-3.jpg?resize=768%2C363&amp;ssl=1 768w, https:\/\/i0.wp.com\/cdnoticias.com\/wp-content\/uploads\/2021\/02\/parte02-3.jpg?w=1230&amp;ssl=1 1230w\" sizes=\"auto, (max-width: 800px) 100vw, 800px\" \/><\/p>\n<p>&nbsp;<\/p>\n<p>La Municipalidad de Olavarr\u00eda env\u00eda sus condolencias a los familiares de la paciente fallecida este jueves.<\/p>\n","protected":false},"excerpt":{"rendered":"<p>La paciente estaba internada en el Hospital Municipal. Adem\u00e1s, 7 personas se encuentran internadas en la Unidad de Terapia Intensiva,<\/p>\n","protected":false},"author":5,"featured_media":509,"comment_status":"closed","ping_status":"closed","sticky":false,"template":"","format":"standard","meta":{"_jetpack_memberships_contains_paid_content":false,"footnotes":""},"categories":[5,1],"tags":[],"class_list":["post-12992","post","type-post","status-publish","format-standard","has-post-thumbnail","hentry","category-informacion-general","category-portada"],"jetpack_featured_media_url":"https:\/\/i0.wp.com\/cdnoticias.com\/wp-content\/uploads\/2020\/09\/HospitalMunicipal.jpg?fit=4608%2C3072&ssl=1","jetpack_sharing_enabled":true,"_links":{"self":[{"href":"https:\/\/cdnoticias.com\/index.php\/wp-json\/wp\/v2\/posts\/12992","targetHints":{"allow":["GET"]}}],"collection":[{"href":"https:\/\/cdnoticias.com\/index.php\/wp-json\/wp\/v2\/posts"}],"about":[{"href":"https:\/\/cdnoticias.com\/index.php\/wp-json\/wp\/v2\/types\/post"}],"author":[{"embeddable":true,"href":"https:\/\/cdnoticias.com\/index.php\/wp-json\/wp\/v2\/users\/5"}],"replies":[{"embeddable":true,"href":"https:\/\/cdnoticias.com\/index.php\/wp-json\/wp\/v2\/comments?post=12992"}],"version-history":[{"count":0,"href":"https:\/\/cdnoticias.com\/index.php\/wp-json\/wp\/v2\/posts\/12992\/revisions"}],"wp:featuredmedia":[{"embeddable":true,"href":"https:\/\/cdnoticias.com\/index.php\/wp-json\/wp\/v2\/media\/509"}],"wp:attachment":[{"href":"https:\/\/cdnoticias.com\/index.php\/wp-json\/wp\/v2\/media?parent=12992"}],"wp:term":[{"taxonomy":"category","embeddable":true,"href":"https:\/\/cdnoticias.com\/index.php\/wp-json\/wp\/v2\/categories?post=12992"},{"taxonomy":"post_tag","embeddable":true,"href":"https:\/\/cdnoticias.com\/index.php\/wp-json\/wp\/v2\/tags?post=12992"}],"curies":[{"name":"wp","href":"https:\/\/api.w.org\/{rel}","templated":true}]}}