{"id":129891,"date":"2024-11-08T08:38:29","date_gmt":"2024-11-08T11:38:29","guid":{"rendered":"https:\/\/cdnoticias.com\/?p=129891"},"modified":"2024-11-08T08:38:31","modified_gmt":"2024-11-08T11:38:31","slug":"este-viernes-habra-un-corte-de-luz-en-un-sector-de-olavarria","status":"publish","type":"post","link":"https:\/\/cdnoticias.com\/index.php\/2024\/11\/08\/este-viernes-habra-un-corte-de-luz-en-un-sector-de-olavarria\/","title":{"rendered":"Este viernes habr\u00e1 un corte de luz en un sector de Olavarr\u00eda"},"content":{"rendered":"\n<p>Ser\u00e1 durante la ma\u00f1ana por mantenimiento de la red de energ\u00eda el\u00e9ctrica.<\/p>\n\n\n\n<hr class=\"wp-block-separator has-alpha-channel-opacity\"\/>\n\n\n\n<p>Desde Coopelectric se inform\u00f3 que, <strong>durante la ma\u00f1ana de este mi\u00e9rcoles, se realizar\u00e1 un corte de luz en un sector de la ciudad.<\/strong><\/p>\n\n\n\n<p><\/p>\n\n\n\n<p>Ser\u00e1 <strong>de 10 a 12 <\/strong>en el sector comprendido por las calles<strong> Jun\u00edn, San Mart\u00edn, Ayacucho y Coronel Su\u00e1rez.<\/strong><\/p>\n\n\n\n<p><\/p>\n\n\n\n<p>Seg\u00fan indicaron, el motivo es por <strong>mantenimiento <\/strong>de la red de energ\u00eda el\u00e9ctrica.<\/p>\n","protected":false},"excerpt":{"rendered":"<p>Ser\u00e1 durante la ma\u00f1ana por mantenimiento de la red de energ\u00eda el\u00e9ctrica. Desde Coopelectric se inform\u00f3 que, durante la ma\u00f1ana<\/p>\n","protected":false},"author":2,"featured_media":41403,"comment_status":"closed","ping_status":"closed","sticky":false,"template":"","format":"standard","meta":{"_jetpack_memberships_contains_paid_content":false,"footnotes":""},"categories":[5,1],"tags":[],"class_list":["post-129891","post","type-post","status-publish","format-standard","has-post-thumbnail","hentry","category-informacion-general","category-portada"],"jetpack_featured_media_url":"https:\/\/i0.wp.com\/cdnoticias.com\/wp-content\/uploads\/2021\/12\/coopelectric-camion.jpg?fit=1600%2C890&ssl=1","jetpack_sharing_enabled":true,"_links":{"self":[{"href":"https:\/\/cdnoticias.com\/index.php\/wp-json\/wp\/v2\/posts\/129891","targetHints":{"allow":["GET"]}}],"collection":[{"href":"https:\/\/cdnoticias.com\/index.php\/wp-json\/wp\/v2\/posts"}],"about":[{"href":"https:\/\/cdnoticias.com\/index.php\/wp-json\/wp\/v2\/types\/post"}],"author":[{"embeddable":true,"href":"https:\/\/cdnoticias.com\/index.php\/wp-json\/wp\/v2\/users\/2"}],"replies":[{"embeddable":true,"href":"https:\/\/cdnoticias.com\/index.php\/wp-json\/wp\/v2\/comments?post=129891"}],"version-history":[{"count":0,"href":"https:\/\/cdnoticias.com\/index.php\/wp-json\/wp\/v2\/posts\/129891\/revisions"}],"wp:featuredmedia":[{"embeddable":true,"href":"https:\/\/cdnoticias.com\/index.php\/wp-json\/wp\/v2\/media\/41403"}],"wp:attachment":[{"href":"https:\/\/cdnoticias.com\/index.php\/wp-json\/wp\/v2\/media?parent=129891"}],"wp:term":[{"taxonomy":"category","embeddable":true,"href":"https:\/\/cdnoticias.com\/index.php\/wp-json\/wp\/v2\/categories?post=129891"},{"taxonomy":"post_tag","embeddable":true,"href":"https:\/\/cdnoticias.com\/index.php\/wp-json\/wp\/v2\/tags?post=129891"}],"curies":[{"name":"wp","href":"https:\/\/api.w.org\/{rel}","templated":true}]}}