{"id":129888,"date":"2024-11-08T00:13:19","date_gmt":"2024-11-08T13:11:36","guid":{"rendered":"https:\/\/cdnoticias.com\/?p=129888"},"modified":"2025-02-14T00:07:20","modified_gmt":"2025-02-14T03:07:20","slug":"con-triunfo-de-ferro-finalizo-la-primera-fase-del-torneo-fatiga-russo","status":"publish","type":"post","link":"https:\/\/cdnoticias.com\/index.php\/2024\/11\/08\/con-triunfo-de-ferro-finalizo-la-primera-fase-del-torneo-fatiga-russo\/","title":{"rendered":"Con triunfo de Ferro, finaliz\u00f3 la Primera Fase del Torneo \u201cFatiga\u201d Russo"},"content":{"rendered":"<p>El \u201cCarbonero\u201d le gan\u00f3 2 a 0 a Hinojo en el Domingo Colasurdo. Termin\u00f3 segundo en la Zona A y jugar\u00e1 el Play-In contra El Fort\u00edn. Adem\u00e1s, qued\u00f3 confirmada la final en la Divisi\u00f3n Reserva.<!--more--><\/p>\n<hr \/>\n<p>Este jueves por la noche, en el reducto de la avenida Pringles, <strong>Ferro<\/strong> venci\u00f3 a <strong>Hinojo<\/strong> y marc\u00f3 el fin de la Primera Fase correspondiente al <strong>Torneo Anual \u201cFatiga\u201d Russo<\/strong> organizado por la Liga de F\u00fatbol de Olavarr\u00eda.<\/p>\n<p>&nbsp;<\/p>\n<p><strong>El \u201cCarbonero\u201d se impuso 2 a 0 con goles de Joaqu\u00edn Stular y Agust\u00edn Acu\u00f1a<\/strong>. <strong>Adem\u00e1s, el juvenil Mauro Destassi tuvo su debut bajo los tres palos del conjunto local.<\/strong><\/p>\n<p>&nbsp;<\/p>\n<p>De tal forma, al culminar en la segunda colocaci\u00f3n de la Zona A, Ferro deber\u00e1 jugar el Play-In contra El Fort\u00edn para buscar un lugar en semis. Contar\u00e1 con ventaja de local\u00eda.<\/p>\n<p>&nbsp;<\/p>\n<p>[soliloquy id=&#8221;57191&#8243;]<\/p>\n<p>&nbsp;<\/p>\n<p>No obstante, el pasado mi\u00e9rcoles se jugaron otros dos cotejos correspondientes a la 12\u00b0 fecha del certamen. En cancha de Loma Negra, <strong>Embajadores gole\u00f3 a Espigas y se meti\u00f3 directamente en semifinales<\/strong> como ya lo hab\u00eda hecho <strong>Racing<\/strong>, que derrot\u00f3 a <strong>Sierra Chica<\/strong> en un partidazo.<\/p>\n<p>&nbsp;<\/p>\n<p><strong>Por otro lado, en Reserva, Embajadores y Racing culminaron primeros en sus respectivas Zonas y jugaran la final para conocer al campe\u00f3n.<\/strong><\/p>\n<p>&nbsp;<\/p>\n<ul>\n<li>\n<h6><strong>Resultados:<\/strong><\/h6>\n<\/li>\n<\/ul>\n<p>&nbsp;<\/p>\n<h6>Primera Divisi\u00f3n<\/h6>\n<p>&nbsp;<\/p>\n<h6>Zona A<\/h6>\n<p><a href=\"https:\/\/cdnoticias.com\/san-martin-dio-el-batacazo-y-jugara-por-un-lugar-en-semifinales\/\"><strong>San Mart\u00edn<\/strong> (Maximiliano Torres y Ezequiel Boado) <strong>2 \u2013 0 Estudiantes<\/strong><\/a><\/p>\n<p><strong>Espigas 0 \u2013 4 Embajadores<\/strong> (Esteban G\u00f3mez, Alejo Di Carlo, Sebasti\u00e1n Vecchio y Mat\u00edas Da Rosa)<\/p>\n<p><strong>Ferro<\/strong> (Joaqu\u00edn Stular y Agust\u00edn Acu\u00f1a) <strong>2 \u2013 0 Hinojo<\/strong><\/p>\n<p><img data-recalc-dims=\"1\" loading=\"lazy\" decoding=\"async\" class=\"aligncenter size-full wp-image-57200\" src=\"https:\/\/i0.wp.com\/cdnoticias.com\/wp-content\/uploads\/2024\/11\/TAFR-Fecha-12-Primera-Zona-A.png?resize=788%2C324&#038;ssl=1\" alt=\"\" width=\"788\" height=\"324\" \/><\/p>\n<p>&nbsp;<\/p>\n<h6>Zona B<\/h6>\n<p><a href=\"https:\/\/cdnoticias.com\/la-primera-fase-del-torneo-local-entro-en-etapa-de-definiciones\/\"><strong>Colonias y Cerros 0 \u2013 0 El Fort\u00edn<\/strong><\/a><\/p>\n<p><a href=\"https:\/\/cdnoticias.com\/la-primera-fase-del-torneo-local-entro-en-etapa-de-definiciones\/\"><strong>Loma Negra<\/strong> (Gabriel Rivas) <strong>1 \u2013 0 Municipales<\/strong><\/a><\/p>\n<p><strong>Racing<\/strong> (Facundo Tucker, Rom\u00e1n Garabento -2-, Gonzalo Izaguirre y Mateo Pino)<strong> 5 \u2013 4 Sierra Chica<\/strong> (Leandro Paiz, Bianco Ditz y Miqueas Molina -2-)<\/p>\n<p><img data-recalc-dims=\"1\" loading=\"lazy\" decoding=\"async\" class=\"aligncenter size-full wp-image-57199\" src=\"https:\/\/i0.wp.com\/cdnoticias.com\/wp-content\/uploads\/2024\/11\/TAFR-Fecha-12-Primera-Zona-B.png?resize=789%2C317&#038;ssl=1\" alt=\"\" width=\"789\" height=\"317\" \/><\/p>\n<p>&nbsp;<\/p>\n<p><em><strong>Play-In:<\/strong><\/em><\/p>\n<p>Loma Negra \u2013 San Mart\u00edn (Domingo <strong>10\/11 &#8211; 15:00 horas<\/strong>)<\/p>\n<p>Ferro \u2013 El Fort\u00edn<\/p>\n<p>&nbsp;<\/p>\n<p><em><strong>Permanencia:<\/strong><\/em><\/p>\n<p>Estudiantes \u2013 Municipales (<strong>S\u00e1bado 9\/11 &#8211; 16:00 horas<\/strong>)<\/p>\n<p>Sierra Chica \u2013 Espigas (<strong>Domingo 10\/11 &#8211; 16:00 horas<\/strong>)<\/p>\n<hr \/>\n<h6><strong>Reserva<\/strong><\/h6>\n<p>&nbsp;<\/p>\n<h6>Zona A<\/h6>\n<p>San Mart\u00edn <strong>2 \u2013 1<\/strong> Estudiantes<\/p>\n<p>Espigas <strong>0 \u2013 6<\/strong> Embajadores<\/p>\n<p>Ferro \u2013 Hinojo (<strong>No se disput\u00f3<\/strong>)<\/p>\n<p><img data-recalc-dims=\"1\" loading=\"lazy\" decoding=\"async\" class=\"aligncenter size-full wp-image-57198\" src=\"https:\/\/i0.wp.com\/cdnoticias.com\/wp-content\/uploads\/2024\/11\/TAFR-Fecha-12-Reserva-Zona-A.png?resize=786%2C324&#038;ssl=1\" alt=\"\" width=\"786\" height=\"324\" \/><\/p>\n<p>&nbsp;<\/p>\n<h6>Zona B<\/h6>\n<p>Colonias y Cerros <strong>0 \u2013 0<\/strong> El Fort\u00edn<\/p>\n<p>Loma Negra <strong>0 \u2013 1<\/strong> Municipales<\/p>\n<p>Racing <strong>3 \u2013 2<\/strong> Sierra Chica<\/p>\n<p><img data-recalc-dims=\"1\" loading=\"lazy\" decoding=\"async\" class=\"aligncenter size-full wp-image-57197\" src=\"https:\/\/i0.wp.com\/cdnoticias.com\/wp-content\/uploads\/2024\/11\/TAFR-Fecha-12-Reserva-Zona-B.png?resize=787%2C324&#038;ssl=1\" alt=\"\" width=\"787\" height=\"324\" \/><\/p>\n","protected":false},"excerpt":{"rendered":"<p>El \u201cCarbonero\u201d le gan\u00f3 2 a 0 a Hinojo en el Domingo Colasurdo. Termin\u00f3 segundo en la Zona A y<\/p>\n","protected":false},"author":96739694,"featured_media":163662,"comment_status":"closed","ping_status":"closed","sticky":false,"template":"","format":"standard","meta":{"_jetpack_memberships_contains_paid_content":false,"footnotes":""},"categories":[35,1,41],"tags":[],"class_list":["post-129888","post","type-post","status-publish","format-standard","has-post-thumbnail","hentry","category-futbol","category-portada","category-primera-y-reserva"],"jetpack_featured_media_url":"https:\/\/i0.wp.com\/cdnoticias.com\/wp-content\/uploads\/2024\/11\/Ferro-vs-Hinojo-2.jpg?fit=1280%2C853&ssl=1","jetpack_sharing_enabled":true,"_links":{"self":[{"href":"https:\/\/cdnoticias.com\/index.php\/wp-json\/wp\/v2\/posts\/129888","targetHints":{"allow":["GET"]}}],"collection":[{"href":"https:\/\/cdnoticias.com\/index.php\/wp-json\/wp\/v2\/posts"}],"about":[{"href":"https:\/\/cdnoticias.com\/index.php\/wp-json\/wp\/v2\/types\/post"}],"author":[{"embeddable":true,"href":"https:\/\/cdnoticias.com\/index.php\/wp-json\/wp\/v2\/users\/96739694"}],"replies":[{"embeddable":true,"href":"https:\/\/cdnoticias.com\/index.php\/wp-json\/wp\/v2\/comments?post=129888"}],"version-history":[{"count":0,"href":"https:\/\/cdnoticias.com\/index.php\/wp-json\/wp\/v2\/posts\/129888\/revisions"}],"wp:featuredmedia":[{"embeddable":true,"href":"https:\/\/cdnoticias.com\/index.php\/wp-json\/wp\/v2\/media\/163662"}],"wp:attachment":[{"href":"https:\/\/cdnoticias.com\/index.php\/wp-json\/wp\/v2\/media?parent=129888"}],"wp:term":[{"taxonomy":"category","embeddable":true,"href":"https:\/\/cdnoticias.com\/index.php\/wp-json\/wp\/v2\/categories?post=129888"},{"taxonomy":"post_tag","embeddable":true,"href":"https:\/\/cdnoticias.com\/index.php\/wp-json\/wp\/v2\/tags?post=129888"}],"curies":[{"name":"wp","href":"https:\/\/api.w.org\/{rel}","templated":true}]}}