{"id":129845,"date":"2024-11-08T08:11:42","date_gmt":"2024-11-08T11:11:42","guid":{"rendered":"https:\/\/cdnoticias.com\/?p=129845"},"modified":"2024-11-08T11:11:50","modified_gmt":"2024-11-08T14:11:50","slug":"el-colegio-de-magistrado-destaco-la-clara-voluntad-politica-para-designar-funcionarios-judiciales","status":"publish","type":"post","link":"https:\/\/cdnoticias.com\/index.php\/2024\/11\/08\/el-colegio-de-magistrado-destaco-la-clara-voluntad-politica-para-designar-funcionarios-judiciales\/","title":{"rendered":"El Colegio de Magistrado destac\u00f3 la \u201cclara voluntad pol\u00edtica\u201d para designar funcionarios judiciales"},"content":{"rendered":"<p>Lo expres\u00f3 el presidente de la entidad, Claudio Santagati, quien hizo hincapi\u00e9 en que \u201csiempre tenemos falta de presupuesto\u201d. M\u00e1s conflictividad en \u201cun contexto donde al haber incumplimiento de algunos derechos b\u00e1sicos\u201d.<!--more--><\/p>\n<hr \/>\n<p>Con la <a href=\"https:\/\/cdnoticias.com\/index.php\/2024\/11\/07\/se-inauguro-el-xxi-congreso-de-funcionarios-y-funcionarias-del-poder-judicial-de-la-provincia\/\" target=\"_blank\" rel=\"noopener\">inauguraci\u00f3n del XXI Congreso de Funcionarios y Funcionarias del Poder Judicial de la Provincia<\/a> estuvo en Olavarr\u00eda el <strong>presidente del Colegio de Magistrados de la provincia, Claudio Santagati<\/strong>, quien habl\u00f3 de la falta de personal, del nivel de conflictividad y respondi\u00f3 sobre el presupuesto.<\/p>\n<p><strong>A inicios de este a\u00f1o, en la provincia se registraban m\u00e1s de 700 vacantes<\/strong> en el Poder Judicial en territorio bonaerense. Santagati se refiri\u00f3 a que en el a\u00f1o hubo nombramientos <strong>-\u201cse efectivizaron 130, m\u00e1s 70\u201d dijo- para subrayar que \u201cvemos que hay como una especie de clara voluntad pol\u00edtica de tratar de salir de la situaci\u00f3n<\/strong>. Nos siguen faltando, obviamente. Nosotros seguimos exigiendo\u201d.<\/p>\n<p>El Presidente del Colegio de Magistrados <strong>reconoci\u00f3 que \u201cel trabajo del Consejo de la Magistratura es muy bueno\u201d<\/strong> para se\u00f1alar que se han convocado los concursos y se han tomado ex\u00e1menes a los postulantes, as\u00ed como \u201cse han realizado ternas y elevado al gobernador. Esperemos que prontamente, y antes de fin de a\u00f1o, tengamos novedades respecto a otros pliegos que entren al Senado y se puedan cubrir esas vacantes\u201d.<\/p>\n<p><img data-recalc-dims=\"1\" loading=\"lazy\" decoding=\"async\" class=\"size-full wp-image-129823 aligncenter\" src=\"https:\/\/i0.wp.com\/cdnoticias.com\/wp-content\/uploads\/2024\/11\/congreso-justicia-11.jpg?resize=800%2C445&#038;ssl=1\" alt=\"\" width=\"800\" height=\"445\" srcset=\"https:\/\/i0.wp.com\/cdnoticias.com\/wp-content\/uploads\/2024\/11\/congreso-justicia-11.jpg?w=800&amp;ssl=1 800w, https:\/\/i0.wp.com\/cdnoticias.com\/wp-content\/uploads\/2024\/11\/congreso-justicia-11.jpg?resize=300%2C167&amp;ssl=1 300w, https:\/\/i0.wp.com\/cdnoticias.com\/wp-content\/uploads\/2024\/11\/congreso-justicia-11.jpg?resize=768%2C427&amp;ssl=1 768w\" sizes=\"auto, (max-width: 800px) 100vw, 800px\" \/><\/p>\n<blockquote><p>\u201cVacantes que no es solamente en la falta de un funcionario o magistrado para dictar una sentencia acusar o defender, sino que es tambi\u00e9n una recarga para los que est\u00e1n trabajando. Porque el que est\u00e1 trabajando tiene que realizar el trabajo del que est\u00e1 ausente y el cargo que est\u00e1 vacante, y en lugares hasta hay magistrados que realizan o cubren dos o tres cargos a la vez\u201d defini\u00f3 Santagati.<\/p><\/blockquote>\n<p>En paralelo plante\u00f3 que<strong> \u201csomos la provincia m\u00e1s grande, con mayor conflictividad\u201d<\/strong> para puntualizar que tramitan un mill\u00f3n de causas en materia civil y dos millones de causas en materia penal.<\/p>\n<p>Adem\u00e1s, apunt\u00f3 a que la actualidad suma m\u00e1s reclamos legales:<strong> \u201cen un contexto donde al haber incumplimiento de algunos derechos b\u00e1sicos empieza a haber reclamos por parte de la de la sociedad y eso implica mayor conflictividad\u201d<\/strong>.<\/p>\n<p>Por \u00faltimo, Claudio Santagati fue consultado por el presupuesto del Poder Judicial bonaerense: <strong>\u201cnosotros siempre tenemos falta de presupuesto<\/strong>. Nuestro presupuesto siempre se vino reduciendo hist\u00f3ricamente y m\u00e1s all\u00e1 de la falta de presupuesto, <strong>lo que falta al Poder Judicial de la provincia de Buenos Aires es autarqu\u00eda<\/strong>. Eso quiere decir autonom\u00eda y presupuesto propio como en otras provincias. Siendo Buenos Aires la provincia m\u00e1s rica del pa\u00eds y con mayor conflictividad creemos que es una de las cuestiones que en alg\u00fan momento la pol\u00edtica tiene que dar respuesta y soluci\u00f3n\u201d.<\/p>\n","protected":false},"excerpt":{"rendered":"<p>Lo expres\u00f3 el presidente de la entidad, Claudio Santagati, quien hizo hincapi\u00e9 en que \u201csiempre tenemos falta de presupuesto\u201d. M\u00e1s<\/p>\n","protected":false},"author":4,"featured_media":129828,"comment_status":"closed","ping_status":"closed","sticky":false,"template":"","format":"standard","meta":{"_jetpack_memberships_contains_paid_content":false,"footnotes":""},"categories":[4,1],"tags":[],"class_list":["post-129845","post","type-post","status-publish","format-standard","has-post-thumbnail","hentry","category-politica","category-portada"],"jetpack_featured_media_url":"https:\/\/i0.wp.com\/cdnoticias.com\/wp-content\/uploads\/2024\/11\/congreso-justicia-santagati-03.jpg?fit=800%2C445&ssl=1","jetpack_sharing_enabled":true,"_links":{"self":[{"href":"https:\/\/cdnoticias.com\/index.php\/wp-json\/wp\/v2\/posts\/129845","targetHints":{"allow":["GET"]}}],"collection":[{"href":"https:\/\/cdnoticias.com\/index.php\/wp-json\/wp\/v2\/posts"}],"about":[{"href":"https:\/\/cdnoticias.com\/index.php\/wp-json\/wp\/v2\/types\/post"}],"author":[{"embeddable":true,"href":"https:\/\/cdnoticias.com\/index.php\/wp-json\/wp\/v2\/users\/4"}],"replies":[{"embeddable":true,"href":"https:\/\/cdnoticias.com\/index.php\/wp-json\/wp\/v2\/comments?post=129845"}],"version-history":[{"count":0,"href":"https:\/\/cdnoticias.com\/index.php\/wp-json\/wp\/v2\/posts\/129845\/revisions"}],"wp:featuredmedia":[{"embeddable":true,"href":"https:\/\/cdnoticias.com\/index.php\/wp-json\/wp\/v2\/media\/129828"}],"wp:attachment":[{"href":"https:\/\/cdnoticias.com\/index.php\/wp-json\/wp\/v2\/media?parent=129845"}],"wp:term":[{"taxonomy":"category","embeddable":true,"href":"https:\/\/cdnoticias.com\/index.php\/wp-json\/wp\/v2\/categories?post=129845"},{"taxonomy":"post_tag","embeddable":true,"href":"https:\/\/cdnoticias.com\/index.php\/wp-json\/wp\/v2\/tags?post=129845"}],"curies":[{"name":"wp","href":"https:\/\/api.w.org\/{rel}","templated":true}]}}