{"id":129809,"date":"2024-11-07T11:46:11","date_gmt":"2024-11-07T14:46:11","guid":{"rendered":"https:\/\/cdnoticias.com\/?p=129809"},"modified":"2024-11-07T14:42:00","modified_gmt":"2024-11-07T17:42:00","slug":"un-camion-que-partio-de-olavarria-volco-sobre-ruta-51-en-saladillo","status":"publish","type":"post","link":"https:\/\/cdnoticias.com\/index.php\/2024\/11\/07\/un-camion-que-partio-de-olavarria-volco-sobre-ruta-51-en-saladillo\/","title":{"rendered":"Un cami\u00f3n que parti\u00f3 de Olavarr\u00eda volc\u00f3 sobre ruta 51 en Saladillo"},"content":{"rendered":"<p>Los tres ocupantes resultaron heridos. El siniestro se dio a la altura del kil\u00f3metro 296. El cami\u00f3n se despist\u00f3 y choc\u00f3 contra una alcantarilla.<!--more--><\/p>\n<hr \/>\n<p>Un <strong>siniestro vial<\/strong> que se dio sobre la<strong> ruta provincial 51 en el distrito de Saladillo<\/strong> dej\u00f3 a los<strong> ocupantes de un cami\u00f3n con lesiones<\/strong>.<strong> El veh\u00edculo hab\u00eda partido desde Olavarr\u00eda<\/strong>.<\/p>\n<blockquote><p>El conductor de un cami\u00f3n perdi\u00f3 el control del veh\u00edculo y se despist\u00f3, chocando contra una alcantarilla, lo que provoc\u00f3 el vuelco del rodado. En el veh\u00edculo iban tres personas que resultaron sin heridas de consideraci\u00f3n.<\/p><\/blockquote>\n<p>El siniestro se dio minutos antes de las 7 de la ma\u00f1ana de este jueves a la altura del <strong>kil\u00f3metro 296 de la ruta provincial 51<\/strong>. Hasta all\u00ed fueron convocados <strong>bomberos Voluntarios de Saladillo<\/strong> para rescatar a personas que habr\u00edan quedado atrapadas en el habit\u00e1culo.<\/p>\n<p><img data-recalc-dims=\"1\" loading=\"lazy\" decoding=\"async\" class=\"size-full wp-image-129810 aligncenter\" src=\"https:\/\/i0.wp.com\/cdnoticias.com\/wp-content\/uploads\/2024\/11\/Choque-ruta-51-convergencias.jpg?resize=550%2C393&#038;ssl=1\" alt=\"\" width=\"550\" height=\"393\" srcset=\"https:\/\/i0.wp.com\/cdnoticias.com\/wp-content\/uploads\/2024\/11\/Choque-ruta-51-convergencias.jpg?w=550&amp;ssl=1 550w, https:\/\/i0.wp.com\/cdnoticias.com\/wp-content\/uploads\/2024\/11\/Choque-ruta-51-convergencias.jpg?resize=300%2C214&amp;ssl=1 300w\" sizes=\"auto, (max-width: 550px) 100vw, 550px\" \/><\/p>\n<p>Corroboraron que hab\u00eda volcado un cami\u00f3n con tres ocupantes. El cami\u00f3n hab\u00eda partido desde <strong>Olavarr\u00eda con destino a Capital Federal y que transportaba aberturas.<\/strong><\/p>\n<blockquote><p>El chofer del cami\u00f3n expres\u00f3 a medios de Saladillo sobre las causas que originaron el siniestro, \u201cfue un pestaneo. Cuando me quise dar cuenta se me fue el cami\u00f3n. Estoy bien, los otros dos chicos fueron llevados al hospital para que los revisen\u201d.<\/p><\/blockquote>\n<p>Por su parte <strong>Alejandro Cotignola, segundo jefe del Cuerpo de Bomberos<\/strong> y responsable de las dos dotaciones que estuvieron en el lugar del hecho, detall\u00f3: \u201ccuando llegamos al lugar <strong>ya estaban los tres ocupantes afuera del veh\u00edculo. Gente que pasaba par\u00f3 a ayudarlos a salir.<\/strong> En este caso el trabajo nuestro fue <strong>colaboraci\u00f3n con personal m\u00e9dico<\/strong> para el traslado de los heridos y cortar la corriente del veh\u00edculo\u201d.<\/p>\n<p>Fuentes y fotos: Convergencias y CN Saladillo<\/p>\n","protected":false},"excerpt":{"rendered":"<p>Los tres ocupantes resultaron heridos. El siniestro se dio a la altura del kil\u00f3metro 296. El cami\u00f3n se despist\u00f3 y<\/p>\n","protected":false},"author":4,"featured_media":129811,"comment_status":"closed","ping_status":"closed","sticky":false,"template":"","format":"standard","meta":{"_jetpack_memberships_contains_paid_content":false,"footnotes":""},"categories":[14,1],"tags":[],"class_list":["post-129809","post","type-post","status-publish","format-standard","has-post-thumbnail","hentry","category-policiales","category-portada"],"jetpack_featured_media_url":"https:\/\/i0.wp.com\/cdnoticias.com\/wp-content\/uploads\/2024\/11\/Choque-ruta-51-cnsaladillo.jpg?fit=800%2C445&ssl=1","jetpack_sharing_enabled":true,"_links":{"self":[{"href":"https:\/\/cdnoticias.com\/index.php\/wp-json\/wp\/v2\/posts\/129809","targetHints":{"allow":["GET"]}}],"collection":[{"href":"https:\/\/cdnoticias.com\/index.php\/wp-json\/wp\/v2\/posts"}],"about":[{"href":"https:\/\/cdnoticias.com\/index.php\/wp-json\/wp\/v2\/types\/post"}],"author":[{"embeddable":true,"href":"https:\/\/cdnoticias.com\/index.php\/wp-json\/wp\/v2\/users\/4"}],"replies":[{"embeddable":true,"href":"https:\/\/cdnoticias.com\/index.php\/wp-json\/wp\/v2\/comments?post=129809"}],"version-history":[{"count":0,"href":"https:\/\/cdnoticias.com\/index.php\/wp-json\/wp\/v2\/posts\/129809\/revisions"}],"wp:featuredmedia":[{"embeddable":true,"href":"https:\/\/cdnoticias.com\/index.php\/wp-json\/wp\/v2\/media\/129811"}],"wp:attachment":[{"href":"https:\/\/cdnoticias.com\/index.php\/wp-json\/wp\/v2\/media?parent=129809"}],"wp:term":[{"taxonomy":"category","embeddable":true,"href":"https:\/\/cdnoticias.com\/index.php\/wp-json\/wp\/v2\/categories?post=129809"},{"taxonomy":"post_tag","embeddable":true,"href":"https:\/\/cdnoticias.com\/index.php\/wp-json\/wp\/v2\/tags?post=129809"}],"curies":[{"name":"wp","href":"https:\/\/api.w.org\/{rel}","templated":true}]}}