{"id":129803,"date":"2024-11-07T19:00:57","date_gmt":"2024-11-07T22:00:57","guid":{"rendered":"https:\/\/cdnoticias.com\/?p=129803"},"modified":"2024-11-07T19:01:00","modified_gmt":"2024-11-07T22:01:00","slug":"artista-olavarriense-en-urbana-play","status":"publish","type":"post","link":"https:\/\/cdnoticias.com\/index.php\/2024\/11\/07\/artista-olavarriense-en-urbana-play\/","title":{"rendered":"Artista olavarriense en Urbana Play"},"content":{"rendered":"\n<p>Eugenio Mitre estuvo en el programa Todo Pasa en Capital Federal, con su personaje del Indio Solari. Mostr\u00f3 su arte de estatua viviente.<\/p>\n\n\n\n<hr class=\"wp-block-separator has-alpha-channel-opacity\"\/>\n\n\n\n<p>El pasado 31 de octubre, el olavarriense <strong>Eugenio Mitre particip\u00f3 del programa Todo Pasa<\/strong> que se emite por Urbana Play, conducido por Mat\u00edas Martin, Clemente Cancela, Emilse Pizarro y Juan Ferrari.<\/p>\n\n\n\n<p><\/p>\n\n\n\n<p>Fue entrevistado por el cronista y movilero Waty Frignani y <strong>pudo contar detalles de su trabajo art\u00edstico que comenz\u00f3 hace 8 a\u00f1os.<\/strong> \u201cEs una pasi\u00f3n que llevo con mucho amor y respeto\u201d, se\u00f1al\u00f3 Eugenio Mitre.<\/p>\n\n\n\n<p><\/p>\n\n\n\n<p>En esta oportunidad, personific\u00f3 al<strong> Indio Solari <\/strong>y resalt\u00f3 que \u201ceste a\u00f1o logr\u00e9 estar en personaje alrededor de cinco horas\u201d e indic\u00f3 que \u201ctengo cerca de 10 personajes\u201d entre los que se encuentran \u201cMahatma Gandhi, El Principito, Fray Romeo\u201d.<\/p>\n\n\n\n<p><\/p>\n\n\n\n<p><strong>La entrevista completa:<\/strong><\/p>\n\n\n\n<p><\/p>\n\n\n\n<figure class=\"wp-block-embed is-type-video is-provider-youtube wp-block-embed-youtube wp-embed-aspect-16-9 wp-has-aspect-ratio\"><div class=\"wp-block-embed__wrapper\">\n<iframe loading=\"lazy\" title=\"EL PENAL M\u00c1S LARGO DEL MUNDO, los comienzos de Colapinto y m\u00f3vil con una estatua viviente #TodoPasa\" width=\"800\" height=\"450\" src=\"https:\/\/www.youtube.com\/embed\/DGzOWtb8wPU?feature=oembed\" frameborder=\"0\" allow=\"accelerometer; autoplay; clipboard-write; encrypted-media; gyroscope; picture-in-picture; web-share\" referrerpolicy=\"strict-origin-when-cross-origin\" allowfullscreen><\/iframe>\n<\/div><\/figure>\n","protected":false},"excerpt":{"rendered":"<p>Eugenio Mitre estuvo en el programa Todo Pasa en Capital Federal, con su personaje del Indio Solari. Mostr\u00f3 su arte<\/p>\n","protected":false},"author":2,"featured_media":129804,"comment_status":"closed","ping_status":"closed","sticky":false,"template":"","format":"standard","meta":{"_jetpack_memberships_contains_paid_content":false,"footnotes":""},"categories":[9,1],"tags":[],"class_list":["post-129803","post","type-post","status-publish","format-standard","has-post-thumbnail","hentry","category-cultura","category-portada"],"jetpack_featured_media_url":"https:\/\/i0.wp.com\/cdnoticias.com\/wp-content\/uploads\/2024\/11\/estatua-viviente-urbana-play-01.jpg?fit=800%2C445&ssl=1","jetpack_sharing_enabled":true,"_links":{"self":[{"href":"https:\/\/cdnoticias.com\/index.php\/wp-json\/wp\/v2\/posts\/129803","targetHints":{"allow":["GET"]}}],"collection":[{"href":"https:\/\/cdnoticias.com\/index.php\/wp-json\/wp\/v2\/posts"}],"about":[{"href":"https:\/\/cdnoticias.com\/index.php\/wp-json\/wp\/v2\/types\/post"}],"author":[{"embeddable":true,"href":"https:\/\/cdnoticias.com\/index.php\/wp-json\/wp\/v2\/users\/2"}],"replies":[{"embeddable":true,"href":"https:\/\/cdnoticias.com\/index.php\/wp-json\/wp\/v2\/comments?post=129803"}],"version-history":[{"count":0,"href":"https:\/\/cdnoticias.com\/index.php\/wp-json\/wp\/v2\/posts\/129803\/revisions"}],"wp:featuredmedia":[{"embeddable":true,"href":"https:\/\/cdnoticias.com\/index.php\/wp-json\/wp\/v2\/media\/129804"}],"wp:attachment":[{"href":"https:\/\/cdnoticias.com\/index.php\/wp-json\/wp\/v2\/media?parent=129803"}],"wp:term":[{"taxonomy":"category","embeddable":true,"href":"https:\/\/cdnoticias.com\/index.php\/wp-json\/wp\/v2\/categories?post=129803"},{"taxonomy":"post_tag","embeddable":true,"href":"https:\/\/cdnoticias.com\/index.php\/wp-json\/wp\/v2\/tags?post=129803"}],"curies":[{"name":"wp","href":"https:\/\/api.w.org\/{rel}","templated":true}]}}