{"id":129791,"date":"2024-11-07T08:35:14","date_gmt":"2024-11-07T11:35:14","guid":{"rendered":"https:\/\/cdnoticias.com\/?p=129791"},"modified":"2024-11-07T09:16:18","modified_gmt":"2024-11-07T12:16:18","slug":"choco-contra-un-separador-sobre-avenida-colon","status":"publish","type":"post","link":"https:\/\/cdnoticias.com\/index.php\/2024\/11\/07\/choco-contra-un-separador-sobre-avenida-colon\/","title":{"rendered":"Choc\u00f3 contra un separador sobre avenida Col\u00f3n"},"content":{"rendered":"<p>Un motociclista fue trasladado al Hospital en la noche del mi\u00e9rcoles.<!--more--><\/p>\n<hr \/>\n<p>Un hombre<strong> result\u00f3 herido en un siniestro vial<\/strong> registrado en la noche del mi\u00e9rcoles en Olavarr\u00eda.<\/p>\n<p>El caso ocurri\u00f3 sobre <strong>avenida Col\u00f3n a la altura del cruce con Guisasola<\/strong> pasadas las 21.<\/p>\n<p><img data-recalc-dims=\"1\" loading=\"lazy\" decoding=\"async\" class=\"size-full wp-image-129793 aligncenter\" src=\"https:\/\/i0.wp.com\/cdnoticias.com\/wp-content\/uploads\/2024\/11\/colon-y-guisasola-choque-01.jpg?resize=800%2C445&#038;ssl=1\" alt=\"\" width=\"800\" height=\"445\" srcset=\"https:\/\/i0.wp.com\/cdnoticias.com\/wp-content\/uploads\/2024\/11\/colon-y-guisasola-choque-01.jpg?w=1000&amp;ssl=1 1000w, https:\/\/i0.wp.com\/cdnoticias.com\/wp-content\/uploads\/2024\/11\/colon-y-guisasola-choque-01.jpg?resize=300%2C167&amp;ssl=1 300w, https:\/\/i0.wp.com\/cdnoticias.com\/wp-content\/uploads\/2024\/11\/colon-y-guisasola-choque-01.jpg?resize=768%2C427&amp;ssl=1 768w, https:\/\/i0.wp.com\/cdnoticias.com\/wp-content\/uploads\/2024\/11\/colon-y-guisasola-choque-01.jpg?resize=800%2C445&amp;ssl=1 800w\" sizes=\"auto, (max-width: 800px) 100vw, 800px\" \/><\/p>\n<blockquote><p>Seg\u00fan se inform\u00f3 en el lugar, el hombre conduc\u00eda una moto Zanella 150 cc con la cual impact\u00f3 contra un separador.<\/p><\/blockquote>\n<p>Una<strong> ambulancia<\/strong> fue convocada al lugar para<strong> asistir al conductor<\/strong> quien fue<strong> trasladado al Hospital Municipal.<\/strong> Se inform\u00f3 que <strong>sufri\u00f3 un golpe en su cabeza<\/strong>.<\/p>\n","protected":false},"excerpt":{"rendered":"<p>Un motociclista fue trasladado al Hospital en la noche del mi\u00e9rcoles.<\/p>\n","protected":false},"author":4,"featured_media":129792,"comment_status":"closed","ping_status":"closed","sticky":false,"template":"","format":"standard","meta":{"_jetpack_memberships_contains_paid_content":false,"footnotes":""},"categories":[14,1],"tags":[],"class_list":["post-129791","post","type-post","status-publish","format-standard","has-post-thumbnail","hentry","category-policiales","category-portada"],"jetpack_featured_media_url":"https:\/\/i0.wp.com\/cdnoticias.com\/wp-content\/uploads\/2024\/11\/colon-y-guisasola-choque-00.jpg?fit=1000%2C556&ssl=1","jetpack_sharing_enabled":true,"_links":{"self":[{"href":"https:\/\/cdnoticias.com\/index.php\/wp-json\/wp\/v2\/posts\/129791","targetHints":{"allow":["GET"]}}],"collection":[{"href":"https:\/\/cdnoticias.com\/index.php\/wp-json\/wp\/v2\/posts"}],"about":[{"href":"https:\/\/cdnoticias.com\/index.php\/wp-json\/wp\/v2\/types\/post"}],"author":[{"embeddable":true,"href":"https:\/\/cdnoticias.com\/index.php\/wp-json\/wp\/v2\/users\/4"}],"replies":[{"embeddable":true,"href":"https:\/\/cdnoticias.com\/index.php\/wp-json\/wp\/v2\/comments?post=129791"}],"version-history":[{"count":0,"href":"https:\/\/cdnoticias.com\/index.php\/wp-json\/wp\/v2\/posts\/129791\/revisions"}],"wp:featuredmedia":[{"embeddable":true,"href":"https:\/\/cdnoticias.com\/index.php\/wp-json\/wp\/v2\/media\/129792"}],"wp:attachment":[{"href":"https:\/\/cdnoticias.com\/index.php\/wp-json\/wp\/v2\/media?parent=129791"}],"wp:term":[{"taxonomy":"category","embeddable":true,"href":"https:\/\/cdnoticias.com\/index.php\/wp-json\/wp\/v2\/categories?post=129791"},{"taxonomy":"post_tag","embeddable":true,"href":"https:\/\/cdnoticias.com\/index.php\/wp-json\/wp\/v2\/tags?post=129791"}],"curies":[{"name":"wp","href":"https:\/\/api.w.org\/{rel}","templated":true}]}}