{"id":129783,"date":"2024-11-06T21:10:34","date_gmt":"2024-11-07T00:10:34","guid":{"rendered":"https:\/\/cdnoticias.com\/?p=129783"},"modified":"2024-11-07T08:45:42","modified_gmt":"2024-11-07T11:45:42","slug":"secuestraron-dinero-y-prendas-de-vestir-en-un-allanamiento-por-un-violento-robo","status":"publish","type":"post","link":"https:\/\/cdnoticias.com\/index.php\/2024\/11\/06\/secuestraron-dinero-y-prendas-de-vestir-en-un-allanamiento-por-un-violento-robo\/","title":{"rendered":"Secuestraron dinero y prendas de vestir en un allanamiento por un violento robo"},"content":{"rendered":"\n<p>El hecho se produjo d\u00edas atr\u00e1s cuando golpearon y le robaron a un comerciante en Trabajadores e Independencia. Personal policial secuestr\u00f3 elementos de inter\u00e9s en un domicilio a pocos metros.<\/p>\n\n\n\n<hr class=\"wp-block-separator aligncenter has-alpha-channel-opacity\"\/>\n\n\n\n<p>Este mi\u00e9rcoles, <strong>personal de Comisar\u00eda Primera secuestr\u00f3 elementos de inter\u00e9s para una causa por robo, cuando un hombre golpe\u00f3 y le rob\u00f3 la recaudaci\u00f3n a un comerciante en Trabajadores e Independencia.<\/strong><\/p>\n\n\n\n<p>Tras el violento hecho, el Personal de Gabinete de Investigaciones de la dependencia logr\u00f3 establecer al autor del caso, por lo que se solicit\u00f3 una orden de allanamiento.<\/p>\n\n\n\n<p>Seg\u00fan se precis\u00f3 oficialmente,<strong> el procedimiento policial se realiz\u00f3 a unos metros del comercio, en Trabajadores al 1900.<\/strong><\/p>\n\n\n\n<p>All\u00ed,<strong> secuestraron dinero en efectivo y las prendas de vestir que el imputado habr\u00eda utilizado el d\u00eda del hecho. <\/strong>Todo ser\u00e1 peritado a fines de terminar de dirimir el caso.<\/p>\n\n\n\n<p>La causa, caratulada como<strong> \u201crobo\u201d tiene intervenci\u00f3n de la UFI N\u00b010 y la imputaci\u00f3n de un joven de 28 a\u00f1os que qued\u00f3 \u201ca disposici\u00f3n de la Justicia\u201d.<\/strong><\/p>\n","protected":false},"excerpt":{"rendered":"<p>El hecho se produjo d\u00edas atr\u00e1s cuando golpearon y le robaron a un comerciante en Trabajadores e Independencia. Personal policial<\/p>\n","protected":false},"author":2,"featured_media":129784,"comment_status":"closed","ping_status":"closed","sticky":false,"template":"","format":"standard","meta":{"_jetpack_memberships_contains_paid_content":false,"footnotes":""},"categories":[14,1],"tags":[],"class_list":["post-129783","post","type-post","status-publish","format-standard","has-post-thumbnail","hentry","category-policiales","category-portada"],"jetpack_featured_media_url":"https:\/\/i0.wp.com\/cdnoticias.com\/wp-content\/uploads\/2024\/11\/WhatsApp-Image-2024-11-06-at-19.56.53-e1730938202163.jpeg?fit=1069%2C552&ssl=1","jetpack_sharing_enabled":true,"_links":{"self":[{"href":"https:\/\/cdnoticias.com\/index.php\/wp-json\/wp\/v2\/posts\/129783","targetHints":{"allow":["GET"]}}],"collection":[{"href":"https:\/\/cdnoticias.com\/index.php\/wp-json\/wp\/v2\/posts"}],"about":[{"href":"https:\/\/cdnoticias.com\/index.php\/wp-json\/wp\/v2\/types\/post"}],"author":[{"embeddable":true,"href":"https:\/\/cdnoticias.com\/index.php\/wp-json\/wp\/v2\/users\/2"}],"replies":[{"embeddable":true,"href":"https:\/\/cdnoticias.com\/index.php\/wp-json\/wp\/v2\/comments?post=129783"}],"version-history":[{"count":0,"href":"https:\/\/cdnoticias.com\/index.php\/wp-json\/wp\/v2\/posts\/129783\/revisions"}],"wp:featuredmedia":[{"embeddable":true,"href":"https:\/\/cdnoticias.com\/index.php\/wp-json\/wp\/v2\/media\/129784"}],"wp:attachment":[{"href":"https:\/\/cdnoticias.com\/index.php\/wp-json\/wp\/v2\/media?parent=129783"}],"wp:term":[{"taxonomy":"category","embeddable":true,"href":"https:\/\/cdnoticias.com\/index.php\/wp-json\/wp\/v2\/categories?post=129783"},{"taxonomy":"post_tag","embeddable":true,"href":"https:\/\/cdnoticias.com\/index.php\/wp-json\/wp\/v2\/tags?post=129783"}],"curies":[{"name":"wp","href":"https:\/\/api.w.org\/{rel}","templated":true}]}}