{"id":129758,"date":"2024-11-06T18:42:43","date_gmt":"2024-11-06T21:42:43","guid":{"rendered":"https:\/\/cdnoticias.com\/?p=129758"},"modified":"2024-11-06T18:42:45","modified_gmt":"2024-11-06T21:42:45","slug":"la-ucr-celebro-la-declaracion-a-olavarria-como-municipio-donante","status":"publish","type":"post","link":"https:\/\/cdnoticias.com\/index.php\/2024\/11\/06\/la-ucr-celebro-la-declaracion-a-olavarria-como-municipio-donante\/","title":{"rendered":"La UCR celebr\u00f3 la declaraci\u00f3n a Olavarr\u00eda como \u201cMunicipio Donante\u201d"},"content":{"rendered":"\n<p>Destac\u00f3 que surgi\u00f3 de una propuesta de los concejales radicales aprobada en el 2022. \u201cEl trabajo de los concejales representa un compromiso vital con la salud y la vida de los ciudadanos\u201d dijo Bel\u00e9n Vergel.<\/p>\n\n\n\n<hr class=\"wp-block-separator aligncenter has-alpha-channel-opacity\"\/>\n\n\n\n<p>Tras dar a conocer la declaraci\u00f3n de Olavarr\u00eda como \u201cMunicipio Donante\u201d, <strong>la UCR celebr\u00f3 dicha determinaci\u00f3n y record\u00f3 que la iniciativa aprobada en el 2022 por el HCD surgi\u00f3 de su bloque de legisladores locales.<\/strong><\/p>\n\n\n\n<p><em>\u201cEste acuerdo, impulsado a partir de una propuesta de los concejales de la Uni\u00f3n C\u00edvica Radical, representa un paso importante en la promoci\u00f3n de la donaci\u00f3n de \u00f3rganos y tejidos, sangre, plasma y plaquetas\u201d<\/em> indicaron en un comunicado.<\/p>\n\n\n\n<figure class=\"wp-block-embed is-type-wp-embed is-provider-central-de-noticias-olavarr-a wp-block-embed-central-de-noticias-olavarr-a\"><div class=\"wp-block-embed__wrapper\">\n<blockquote class=\"wp-embedded-content\" data-secret=\"UN46UozRNv\"><a href=\"https:\/\/cdnoticias.com\/index.php\/2024\/11\/06\/olavarria-se-consagro-como-municipio-donante\/\">Olavarr\u00eda se consagr\u00f3 como \u201cMunicipio Donante\u201d<\/a><\/blockquote><iframe loading=\"lazy\" class=\"wp-embedded-content\" sandbox=\"allow-scripts\" security=\"restricted\" style=\"position: absolute; visibility: hidden;\" title=\"&#8220;Olavarr\u00eda se consagr\u00f3 como \u201cMunicipio Donante\u201d&#8221; &#8212; Central de Noticias | Olavarr\u00eda\" src=\"https:\/\/cdnoticias.com\/index.php\/2024\/11\/06\/olavarria-se-consagro-como-municipio-donante\/embed\/#?secret=sFC7jIF4Kz#?secret=UN46UozRNv\" data-secret=\"UN46UozRNv\" width=\"600\" height=\"338\" frameborder=\"0\" marginwidth=\"0\" marginheight=\"0\" scrolling=\"no\"><\/iframe>\n<\/div><\/figure>\n\n\n\n<p>La presidente del partido, Bel\u00e9n Vergel, dijo en este sentido que<em> \u201c<strong>el trabajo de los concejales representa un compromiso vital con la salud y la vida de los ciudadanos, que esta declaraci\u00f3n se materialice no solo promueve una cultura de solidaridad y empat\u00eda en la comunidad, sino que tambi\u00e9n ofrece una segunda oportunidad a aquellas personas que esperan un trasplante.<\/strong> La iniciativa de nuestro bloque fue trabajada y aprobada en el HCD en el a\u00f1o 2022 con la idea de impulsar la conciencia sobre la donaci\u00f3n de \u00f3rganos y fomentar una sociedad m\u00e1s humana y comprometida\u201d.<\/em><\/p>\n\n\n\n<p>Para concluir,<strong> el edil Sebasti\u00e1n Matrella<\/strong> afirm\u00f3 adem\u00e1s que buscar\u00e1n <em>&#8220;seguir trabajando para consolidar pol\u00edticas que beneficien a nuestra comunidad y potencien el rol de Olavarr\u00eda como referente en salud p\u00fablica en la Provincia\u201d.<\/em><\/p>\n","protected":false},"excerpt":{"rendered":"<p>Destac\u00f3 que surgi\u00f3 de una propuesta de los concejales radicales aprobada en el 2022. \u201cEl trabajo de los concejales representa<\/p>\n","protected":false},"author":2,"featured_media":129759,"comment_status":"closed","ping_status":"closed","sticky":false,"template":"","format":"standard","meta":{"_jetpack_memberships_contains_paid_content":false,"footnotes":""},"categories":[4,1],"tags":[],"class_list":["post-129758","post","type-post","status-publish","format-standard","has-post-thumbnail","hentry","category-politica","category-portada"],"jetpack_featured_media_url":"https:\/\/i0.wp.com\/cdnoticias.com\/wp-content\/uploads\/2024\/11\/dd9e0c6c-7957-462d-9e9f-507cc72eb005.jpg?fit=700%2C306&ssl=1","jetpack_sharing_enabled":true,"_links":{"self":[{"href":"https:\/\/cdnoticias.com\/index.php\/wp-json\/wp\/v2\/posts\/129758","targetHints":{"allow":["GET"]}}],"collection":[{"href":"https:\/\/cdnoticias.com\/index.php\/wp-json\/wp\/v2\/posts"}],"about":[{"href":"https:\/\/cdnoticias.com\/index.php\/wp-json\/wp\/v2\/types\/post"}],"author":[{"embeddable":true,"href":"https:\/\/cdnoticias.com\/index.php\/wp-json\/wp\/v2\/users\/2"}],"replies":[{"embeddable":true,"href":"https:\/\/cdnoticias.com\/index.php\/wp-json\/wp\/v2\/comments?post=129758"}],"version-history":[{"count":0,"href":"https:\/\/cdnoticias.com\/index.php\/wp-json\/wp\/v2\/posts\/129758\/revisions"}],"wp:featuredmedia":[{"embeddable":true,"href":"https:\/\/cdnoticias.com\/index.php\/wp-json\/wp\/v2\/media\/129759"}],"wp:attachment":[{"href":"https:\/\/cdnoticias.com\/index.php\/wp-json\/wp\/v2\/media?parent=129758"}],"wp:term":[{"taxonomy":"category","embeddable":true,"href":"https:\/\/cdnoticias.com\/index.php\/wp-json\/wp\/v2\/categories?post=129758"},{"taxonomy":"post_tag","embeddable":true,"href":"https:\/\/cdnoticias.com\/index.php\/wp-json\/wp\/v2\/tags?post=129758"}],"curies":[{"name":"wp","href":"https:\/\/api.w.org\/{rel}","templated":true}]}}