{"id":12975,"date":"2021-02-04T20:30:06","date_gmt":"2021-02-04T23:30:06","guid":{"rendered":"http:\/\/www.centraldenoticias.com.ar\/?p=12975"},"modified":"2021-02-05T08:53:16","modified_gmt":"2021-02-05T11:53:16","slug":"se-nego-a-declarar-y-pidieron-la-detencion-del-hombre-acusado-por-el-asalto-a-un-remisero","status":"publish","type":"post","link":"https:\/\/cdnoticias.com\/index.php\/2021\/02\/04\/se-nego-a-declarar-y-pidieron-la-detencion-del-hombre-acusado-por-el-asalto-a-un-remisero\/","title":{"rendered":"Se neg\u00f3 a declarar y pidieron la detenci\u00f3n del hombre acusado por el asalto a un remisero"},"content":{"rendered":"<p>Su captura fue gracias al hallazgo de una tarjeta de d\u00e9bito a su nombre en el auto donde todo sucedi\u00f3. Adem\u00e1s del asalto, tambi\u00e9n se le imputan lesiones agravadas, por haber agredido a un polic\u00eda.<!--more--><\/p>\n<hr \/>\n<p>En las \u00faltimas horas ingres\u00f3 a la mesa de trabajo del Juzgado de Garant\u00edas N\u00b0 2, del doctor Carlos Villamar\u00edn, un planteo de la fiscal Viviana Beyt\u00eda sobre la situaci\u00f3n procesal de un hombre al que se lo acusa de ser<a href=\"https:\/\/cdnoticias.com\/index.php\/2021\/02\/03\/asalto-a-un-remisero-pero-se-olvido-una-tarjeta-esta-aprehendido\/\" target=\"_blank\" rel=\"noopener\"> el autor del asalto sufrido por un remisero<\/a>.<\/p>\n<p>&nbsp;<\/p>\n<p>Seg\u00fan se narr\u00f3 a <em><strong>Central de Noticias<\/strong><\/em>, la titular de la fiscal\u00eda 10 requiri\u00f3 que sea convertida en detenci\u00f3n la aprehensi\u00f3n del hombre que fue capturado en la zona de 226 y Alberdi, luego de que<strong> una tarjeta de d\u00e9bito a su nombre fuera hallada en el interior de un auto que hab\u00eda sido el escenario de un asalto momentos antes.<\/strong><\/p>\n<p>&nbsp;<\/p>\n<p><img data-recalc-dims=\"1\" loading=\"lazy\" decoding=\"async\" class=\"alignnone size-large wp-image-1882\" src=\"https:\/\/i0.wp.com\/cdnoticias.com\/wp-content\/uploads\/2020\/09\/WhatsApp-Image-2020-08-31-at-16.11.41-4.jpeg?resize=800%2C600&#038;ssl=1\" alt=\"\" width=\"800\" height=\"600\" \/><\/p>\n<p>&nbsp;<\/p>\n<p><strong>El caso que se le imputa se registr\u00f3 sobre Alberdi y calle 20, donde la v\u00edctima fue amenazada por un joven pasajero que esgrimi\u00f3 un arma blanca y lo amenaz\u00f3 para que entregue sus pertenencias<\/strong>. Si bien logr\u00f3 hacerse de una billetera y tel\u00e9fono celular, en el forcejeo se le habr\u00eda ca\u00eddo la tarjeta de d\u00e9bito, uno de los principales elementos de la acusaci\u00f3n en su contra.<\/p>\n<p>&nbsp;<\/p>\n<p>Lo concreto es que con esos elementos, adem\u00e1s de los dichos del remisero, se pudo avanzar en su identidad y concretar la captura minutos m\u00e1s tarde, en tareas llevadas adelante desde el Comando de Patrullas. No obstante, <strong>opuso resistencia e inclusive lleg\u00f3 a agredir a un agente de seguridad, lo que dio lugar a actuaciones complementarias.<\/strong><\/p>\n<p>&nbsp;<\/p>\n<p><img data-recalc-dims=\"1\" loading=\"lazy\" decoding=\"async\" class=\"alignnone size-large wp-image-4435\" src=\"https:\/\/i0.wp.com\/cdnoticias.com\/wp-content\/uploads\/2020\/10\/departamental-comandopatrullas1.jpg?resize=800%2C450&#038;ssl=1\" alt=\"\" width=\"800\" height=\"450\" srcset=\"https:\/\/i0.wp.com\/cdnoticias.com\/wp-content\/uploads\/2020\/10\/departamental-comandopatrullas1.jpg?resize=1024%2C576&amp;ssl=1 1024w, https:\/\/i0.wp.com\/cdnoticias.com\/wp-content\/uploads\/2020\/10\/departamental-comandopatrullas1.jpg?resize=300%2C169&amp;ssl=1 300w, https:\/\/i0.wp.com\/cdnoticias.com\/wp-content\/uploads\/2020\/10\/departamental-comandopatrullas1.jpg?resize=768%2C432&amp;ssl=1 768w, https:\/\/i0.wp.com\/cdnoticias.com\/wp-content\/uploads\/2020\/10\/departamental-comandopatrullas1.jpg?w=1152&amp;ssl=1 1152w\" sizes=\"auto, (max-width: 800px) 100vw, 800px\" \/><\/p>\n<p>&nbsp;<\/p>\n<p>Tal es as\u00ed que cuando fue remitido a la sede judicial local se lo imput\u00f3 por los delitos de<strong> \u201crobo doblemente agravado por el uso de armas y por su comisi\u00f3n en lugar despoblado\u201d, \u201cda\u00f1o simple\u201d y \u201clesiones leves agravadas por tratarse la v\u00edctima de un funcionario de las fuerzas de seguridad\u201d, todo en concurso real de acciones<\/strong>, seg\u00fan se precis\u00f3 a este portal.<\/p>\n<p>&nbsp;<\/p>\n<p>Por \u00faltimo, de acuerdo con lo que se a\u00f1adi\u00f3, <strong>una vez notificado de las actuaciones en su contra hizo uso de su derecho a negarse a prestar declaraci\u00f3n indagatoria<\/strong>. Actualmente permanece alojado en la sede de la comisar\u00eda Primera a la espera de la resoluci\u00f3n de Garant\u00edas.<\/p>\n","protected":false},"excerpt":{"rendered":"<p>Su captura fue gracias al hallazgo de una tarjeta de d\u00e9bito a su nombre en el auto donde todo sucedi\u00f3.<\/p>\n","protected":false},"author":3,"featured_media":12873,"comment_status":"closed","ping_status":"closed","sticky":false,"template":"","format":"standard","meta":{"_jetpack_memberships_contains_paid_content":false,"footnotes":""},"categories":[14,1],"tags":[],"class_list":["post-12975","post","type-post","status-publish","format-standard","has-post-thumbnail","hentry","category-policiales","category-portada"],"jetpack_featured_media_url":"https:\/\/i0.wp.com\/cdnoticias.com\/wp-content\/uploads\/2021\/02\/asalto-remisero.jpeg?fit=1280%2C640&ssl=1","jetpack_sharing_enabled":true,"_links":{"self":[{"href":"https:\/\/cdnoticias.com\/index.php\/wp-json\/wp\/v2\/posts\/12975","targetHints":{"allow":["GET"]}}],"collection":[{"href":"https:\/\/cdnoticias.com\/index.php\/wp-json\/wp\/v2\/posts"}],"about":[{"href":"https:\/\/cdnoticias.com\/index.php\/wp-json\/wp\/v2\/types\/post"}],"author":[{"embeddable":true,"href":"https:\/\/cdnoticias.com\/index.php\/wp-json\/wp\/v2\/users\/3"}],"replies":[{"embeddable":true,"href":"https:\/\/cdnoticias.com\/index.php\/wp-json\/wp\/v2\/comments?post=12975"}],"version-history":[{"count":0,"href":"https:\/\/cdnoticias.com\/index.php\/wp-json\/wp\/v2\/posts\/12975\/revisions"}],"wp:featuredmedia":[{"embeddable":true,"href":"https:\/\/cdnoticias.com\/index.php\/wp-json\/wp\/v2\/media\/12873"}],"wp:attachment":[{"href":"https:\/\/cdnoticias.com\/index.php\/wp-json\/wp\/v2\/media?parent=12975"}],"wp:term":[{"taxonomy":"category","embeddable":true,"href":"https:\/\/cdnoticias.com\/index.php\/wp-json\/wp\/v2\/categories?post=12975"},{"taxonomy":"post_tag","embeddable":true,"href":"https:\/\/cdnoticias.com\/index.php\/wp-json\/wp\/v2\/tags?post=12975"}],"curies":[{"name":"wp","href":"https:\/\/api.w.org\/{rel}","templated":true}]}}