{"id":12974,"date":"2021-02-04T20:46:16","date_gmt":"2021-02-04T23:46:16","guid":{"rendered":"http:\/\/www.centraldenoticias.com.ar\/?p=12974"},"modified":"2021-02-04T20:46:16","modified_gmt":"2021-02-04T23:46:16","slug":"la-contaminacion-del-aire-como-responsable-del-15-de-las-muertes-de-covid-19-del-mundo","status":"publish","type":"post","link":"https:\/\/cdnoticias.com\/index.php\/2021\/02\/04\/la-contaminacion-del-aire-como-responsable-del-15-de-las-muertes-de-covid-19-del-mundo\/","title":{"rendered":"La contaminaci\u00f3n del aire como responsable del 15% de las muertes de COVID-19 del mundo"},"content":{"rendered":"<p>El estudio publicado en la revista Cardiovascular Research sugiere que las muertes por COVID-19 y la contaminaci\u00f3n del aire representan un &#8220;exceso de mortalidad potencialmente evitable&#8221;.<\/p>\n<p><em>Por Marcos Pascua<\/em><\/p>\n<hr \/>\n<p>&nbsp;<\/p>\n<p>En octubre de 2020 fue publicado en la revista <strong>Cardiovascular Research<\/strong> un estudio realizado por investigadores de Alemania y Chipre que analizaron datos de salud y enfermedades de Estados Unidos y China, donde vinculan la contaminaci\u00f3n del aire, la COVID-19 y el SARS.<\/p>\n<p>&nbsp;<\/p>\n<p>Las conclusiones del mismo sugieren que la exposici\u00f3n a contaminaci\u00f3n del aire durante un largo plazo puede estar relacionada con <strong>el 15% de los fallecimientos atribuibles a COVID-19 en todo el mundo<\/strong>, lo que implica a n\u00fameros del 3 de febrero de 2021 aproximadamente un total de 340500 v\u00edctimas fatales a causa de la contaminaci\u00f3n.<\/p>\n<p>&nbsp;<\/p>\n<p>Seg\u00fan lo relevado por el estudio, se estima que <strong>el 17% de las muertes por coronavirus en Am\u00e9rica del Norte<\/strong> se podr\u00edan atribuir a la mala calidad del aire, mientras que <strong>en Europa el porcentaje alcanza el 19% y en Asia llega al 27%.<\/strong> En lo que respecta a <strong>nuestro continente el porcentaje es del 9%<\/strong>, si analizamos los n\u00fameros tambi\u00e9n al 3 de febrero de 2021, hablamos de aproximadamente <strong>35.000 muertes.<\/strong><\/p>\n<p>&nbsp;<\/p>\n<p><strong>Pol\u00edticas m\u00e1s ambiciosas<\/strong><\/p>\n<p>&nbsp;<\/p>\n<p>A trav\u00e9s de este estudio, sus autores demandan <em>\u201cuna motivaci\u00f3n adicional para combinar <strong>pol\u00edticas ambiciosas que reduzcan la contaminaci\u00f3n del aire<\/strong> con medidas para controlar la transmisi\u00f3n del virus\u201d<\/em>. Adem\u00e1s, se estima que <strong>entre el 50 y 60% de la fracci\u00f3n antropog\u00e9nica se relaciona con el uso de combustibles f\u00f3siles<\/strong>, la cual llega a valores del 70 al 80% en Europa, Asia occidental y Am\u00e9rica del Norte.<\/p>\n<p>&nbsp;<\/p>\n<p><strong>Aumento de factores de riesgo<\/strong><\/p>\n<p><strong>\u00a0<\/strong><\/p>\n<p>Las fracciones medias nacionales m\u00e1s altas de contaminaci\u00f3n atribuible a los humanos, mayores al 25%, se encuentran en pa\u00edses como Rep\u00fablica Checa, China, Polonia, Corea del Norte, Austria, Bielorrusia y Alemania. Mientras que una de las tasas m\u00e1s bajas las tiene Australia con sus pol\u00edticas de reducci\u00f3n de la contaminaci\u00f3n del aire.<\/p>\n<p>&nbsp;<\/p>\n<p>Los autores se\u00f1alan que la <strong>mala calidad del aire<\/strong>, especialmente por part\u00edculas finas es uno de los principales factores de riesgo <strong><em>\u201cresponsable de muertes en exceso\u201d<\/em><\/strong>. Es conveniente indicar que los autores aclaran que los porcentajes no refieren relaci\u00f3n directa causa-efecto, aunque <em>\u201ces posible\u201d<\/em> que haya una relaci\u00f3n entre la contaminaci\u00f3n del aire y la mortalidad por COVID-19, los resultados deben ser analizados seg\u00fan cada regi\u00f3n y pa\u00eds.<\/p>\n<p>&nbsp;<\/p>\n<p>La p\u00e9rdida global de esperanza de vida a lo largo de la exposici\u00f3n del aire excede la de enfermedades infecciosas y es comparable con el tabaquismo. Los autores proponen <strong>mitigar las emisiones<\/strong> y apostar por la transici\u00f3n hacia una econom\u00eda verde y renovable.<\/p>\n<p>&nbsp;<\/p>\n<p>Finalmente, se\u00f1alan que <strong><em>\u201cla pandemia terminar\u00e1 con la aplicaci\u00f3n de la vacuna o la inmunidad colectiva, pero no existen vacunas contra la mala calidad del aire y el cambio clim\u00e1tico\u201d<\/em><\/strong>.<\/p>\n<p>&nbsp;<\/p>\n<p>Fuente:<\/p>\n<p><a href=\"https:\/\/static.primary.prod.gcms.the-infra.com\/static\/site\/cardiovascres\/document\/cva288?node=f7fc2719f8cfc0d157d9\" target=\"_blank\" rel=\"noopener\">https:\/\/static.primary.prod.gcms.the-infra.com\/static\/site\/cardiovascres\/document\/cva288?node=f7fc2719f8cfc0d157d9<\/a><\/p>\n<p>Foto: Gaceta M\u00e9dica<\/p>\n","protected":false},"excerpt":{"rendered":"<p>El estudio publicado en la revista Cardiovascular Research sugiere que las muertes por COVID-19 y la contaminaci\u00f3n del aire representan<\/p>\n","protected":false},"author":5,"featured_media":12979,"comment_status":"closed","ping_status":"closed","sticky":false,"template":"","format":"standard","meta":{"_jetpack_memberships_contains_paid_content":false,"footnotes":""},"categories":[6,1],"tags":[],"class_list":["post-12974","post","type-post","status-publish","format-standard","has-post-thumbnail","hentry","category-nacionales","category-portada"],"jetpack_featured_media_url":"https:\/\/i0.wp.com\/cdnoticias.com\/wp-content\/uploads\/2021\/02\/GettyImages-516358680.jpg?fit=2119%2C1415&ssl=1","jetpack_sharing_enabled":true,"_links":{"self":[{"href":"https:\/\/cdnoticias.com\/index.php\/wp-json\/wp\/v2\/posts\/12974","targetHints":{"allow":["GET"]}}],"collection":[{"href":"https:\/\/cdnoticias.com\/index.php\/wp-json\/wp\/v2\/posts"}],"about":[{"href":"https:\/\/cdnoticias.com\/index.php\/wp-json\/wp\/v2\/types\/post"}],"author":[{"embeddable":true,"href":"https:\/\/cdnoticias.com\/index.php\/wp-json\/wp\/v2\/users\/5"}],"replies":[{"embeddable":true,"href":"https:\/\/cdnoticias.com\/index.php\/wp-json\/wp\/v2\/comments?post=12974"}],"version-history":[{"count":0,"href":"https:\/\/cdnoticias.com\/index.php\/wp-json\/wp\/v2\/posts\/12974\/revisions"}],"wp:featuredmedia":[{"embeddable":true,"href":"https:\/\/cdnoticias.com\/index.php\/wp-json\/wp\/v2\/media\/12979"}],"wp:attachment":[{"href":"https:\/\/cdnoticias.com\/index.php\/wp-json\/wp\/v2\/media?parent=12974"}],"wp:term":[{"taxonomy":"category","embeddable":true,"href":"https:\/\/cdnoticias.com\/index.php\/wp-json\/wp\/v2\/categories?post=12974"},{"taxonomy":"post_tag","embeddable":true,"href":"https:\/\/cdnoticias.com\/index.php\/wp-json\/wp\/v2\/tags?post=12974"}],"curies":[{"name":"wp","href":"https:\/\/api.w.org\/{rel}","templated":true}]}}