{"id":129721,"date":"2024-11-06T11:53:53","date_gmt":"2024-11-06T14:53:53","guid":{"rendered":"https:\/\/cdnoticias.com\/?p=129721"},"modified":"2024-11-06T11:56:46","modified_gmt":"2024-11-06T14:56:46","slug":"eduardo-rodriguez-agradecio-el-reconocimiento-recibido-de-bahia-ba","status":"publish","type":"post","link":"https:\/\/cdnoticias.com\/index.php\/2024\/11\/06\/eduardo-rodriguez-agradecio-el-reconocimiento-recibido-de-bahia-ba\/","title":{"rendered":"Eduardo Rodr\u00edguez agradeci\u00f3 el reconocimiento recibido de Bah\u00eda Ba"},"content":{"rendered":"\n<p>Fue en el marco de los 19 a\u00f1os que la agrupaci\u00f3n celebr\u00f3 el pasado fin de semana.<\/p>\n\n\n\n<hr class=\"wp-block-separator has-alpha-channel-opacity\"\/>\n\n\n\n<p><strong>\u201cGracias Eloy y Bah\u00eda Ba por el reconocimiento recibido el s\u00e1bado pasado\u201d<\/strong>, se\u00f1al\u00f3 Eduardo Rodr\u00edguez al ser reconocido por la agrupaci\u00f3n carnavalera.<\/p>\n\n\n\n<p><\/p>\n\n\n\n<p>\u201cMe pone muy feliz porque s\u00e9 que es sincero y sobre todo porque viene de uno de los protagonistas de esta gran fiesta popular que son los Corsos de Olavarr\u00eda\u201d indic\u00f3 Rodr\u00edguez y record\u00f3 que <strong>\u201cdesde la primera edici\u00f3n de los Corsos junto al Intendente Helios Eseverri y luego con Jos\u00e9 Eseverri, gesti\u00f3n que construy\u00f3 el Cors\u00f3dromo Municipal, siempre compartimos con Eloy la importancia de esta Fiesta\u201d.<\/strong><\/p>\n\n\n\n<p><\/p>\n\n\n\n<p>\u201c<strong>Quiero felicitarte a vos Eloy por estos 19 a\u00f1os de Bahia Ba.<\/strong> No han parado de crecer, c\u00f3mo agrupaci\u00f3n y en lo personal con cada uno de sus integrantes, en lo art\u00edstico y en las propuestas\u201d, afirm\u00f3.<\/p>\n\n\n\n<p><\/p>\n\n\n\n<p>Por otra parte, <strong>destac\u00f3 la presencia de otras agrupaciones en la celebraci\u00f3n del aniversario<\/strong> \u201cporque esta Fiesta se construye entre todos y no tengo dudas que esa uni\u00f3n se va a profundizar\u201d.<\/p>\n\n\n\n<p><\/p>\n\n\n\n<blockquote class=\"wp-block-quote is-layout-flow wp-block-quote-is-layout-flow\">\n<p>\u201cEs impresionante ver lo que han crecido art\u00edsticamente chicos y chicas, que encontraron en esta movida un lugar en el mundo y un sentido de pertenencia que los lleva a mejorar cada d\u00eda\u201d, indic\u00f3.<\/p>\n<\/blockquote>\n\n\n\n<p><\/p>\n\n\n\n<p>Por \u00faltimo, record\u00f3 \u201cal querido <strong>Gabriel Antonio<\/strong>, que dej\u00f3 huella y seguidores. Qu\u00e9 lindo ver que muchos ni\u00f1os y ni\u00f1as ya est\u00e1n participando de la Escuelita para seguir sus pasos. En lo personal, saben que desde el lugar que me toque estar, voy a seguir acompa\u00f1ando para que siga viviendo el Carnaval de Olavarr\u00eda\u201d.<\/p>\n\n\n\n<p><\/p>\n\n\n\n<p><em>Foto: Lucrecia Meschini<\/em><\/p>\n","protected":false},"excerpt":{"rendered":"<p>Fue en el marco de los 19 a\u00f1os que la agrupaci\u00f3n celebr\u00f3 el pasado fin de semana. \u201cGracias Eloy y<\/p>\n","protected":false},"author":2,"featured_media":129722,"comment_status":"closed","ping_status":"closed","sticky":false,"template":"","format":"standard","meta":{"_jetpack_memberships_contains_paid_content":false,"footnotes":""},"categories":[9],"tags":[],"class_list":["post-129721","post","type-post","status-publish","format-standard","has-post-thumbnail","hentry","category-cultura"],"jetpack_featured_media_url":"https:\/\/i0.wp.com\/cdnoticias.com\/wp-content\/uploads\/2024\/11\/WhatsApp-Image-2024-11-06-at-10.07.16-AM.jpeg?fit=800%2C445&ssl=1","jetpack_sharing_enabled":true,"_links":{"self":[{"href":"https:\/\/cdnoticias.com\/index.php\/wp-json\/wp\/v2\/posts\/129721","targetHints":{"allow":["GET"]}}],"collection":[{"href":"https:\/\/cdnoticias.com\/index.php\/wp-json\/wp\/v2\/posts"}],"about":[{"href":"https:\/\/cdnoticias.com\/index.php\/wp-json\/wp\/v2\/types\/post"}],"author":[{"embeddable":true,"href":"https:\/\/cdnoticias.com\/index.php\/wp-json\/wp\/v2\/users\/2"}],"replies":[{"embeddable":true,"href":"https:\/\/cdnoticias.com\/index.php\/wp-json\/wp\/v2\/comments?post=129721"}],"version-history":[{"count":0,"href":"https:\/\/cdnoticias.com\/index.php\/wp-json\/wp\/v2\/posts\/129721\/revisions"}],"wp:featuredmedia":[{"embeddable":true,"href":"https:\/\/cdnoticias.com\/index.php\/wp-json\/wp\/v2\/media\/129722"}],"wp:attachment":[{"href":"https:\/\/cdnoticias.com\/index.php\/wp-json\/wp\/v2\/media?parent=129721"}],"wp:term":[{"taxonomy":"category","embeddable":true,"href":"https:\/\/cdnoticias.com\/index.php\/wp-json\/wp\/v2\/categories?post=129721"},{"taxonomy":"post_tag","embeddable":true,"href":"https:\/\/cdnoticias.com\/index.php\/wp-json\/wp\/v2\/tags?post=129721"}],"curies":[{"name":"wp","href":"https:\/\/api.w.org\/{rel}","templated":true}]}}