{"id":129718,"date":"2024-11-06T10:23:45","date_gmt":"2024-11-06T13:23:45","guid":{"rendered":"https:\/\/cdnoticias.com\/?p=129718"},"modified":"2024-11-06T13:12:30","modified_gmt":"2024-11-06T16:12:30","slug":"en-un-control-de-transito-encontraron-una-moto-robada-en-tandil","status":"publish","type":"post","link":"https:\/\/cdnoticias.com\/index.php\/2024\/11\/06\/en-un-control-de-transito-encontraron-una-moto-robada-en-tandil\/","title":{"rendered":"En un control de tr\u00e1nsito encontraron una moto robada en Tandil"},"content":{"rendered":"<p>El pedido de secuestro de la moto se emiti\u00f3 la semana pasada desde una Fiscal\u00eda del vecino distrito. La conductora fue imputada por \u201cencubrimiento\u201d.<!--more--><\/p>\n<hr \/>\n<p><strong>Personal de Polic\u00eda Local<\/strong> recuper\u00f3 este martes<strong> en Olavarr\u00eda<\/strong> una<strong> moto<\/strong> que<strong> hab\u00eda sido robada en la ciudad de Tandil<\/strong> hace pocos d\u00edas.<\/p>\n<p>Seg\u00fan se pudo saber, los efectivos hicieron un<strong> operativo de interceptaci\u00f3n en Ituzaing\u00f3 y Las Heras<\/strong> donde dieron con<strong> una moto Honda 110 cc que conduc\u00eda una mujer de 42 a\u00f1os.<\/strong><\/p>\n<blockquote><p>Al constatar los datos del rodado se estableci\u00f3 que sobre \u00e9l se hab\u00eda emitido un pedido de secuestro el 28 de octubre desde la UFI N\u00ba 12 de Tandil, a cargo del fiscal Dami\u00e1n Borean, tras una denuncia por \u201churto\u201d.<\/p><\/blockquote>\n<p>Inmediatamente<strong> la moto fue secuestrada<\/strong> y <strong>la conductora fue demorada para ser imputada por \u201cencubrimiento\u201d<\/strong>. Las actuaciones fueron elevadas a la Comisar\u00eda Primera local.<\/p>\n","protected":false},"excerpt":{"rendered":"<p>El pedido de secuestro de la moto se emiti\u00f3 la semana pasada desde una Fiscal\u00eda del vecino distrito. La conductora<\/p>\n","protected":false},"author":4,"featured_media":129719,"comment_status":"closed","ping_status":"closed","sticky":false,"template":"","format":"standard","meta":{"_jetpack_memberships_contains_paid_content":false,"footnotes":""},"categories":[14,1],"tags":[],"class_list":["post-129718","post","type-post","status-publish","format-standard","has-post-thumbnail","hentry","category-policiales","category-portada"],"jetpack_featured_media_url":"https:\/\/i0.wp.com\/cdnoticias.com\/wp-content\/uploads\/2024\/11\/ituzaingo-y-las-heras-00.jpg?fit=800%2C446&ssl=1","jetpack_sharing_enabled":true,"_links":{"self":[{"href":"https:\/\/cdnoticias.com\/index.php\/wp-json\/wp\/v2\/posts\/129718","targetHints":{"allow":["GET"]}}],"collection":[{"href":"https:\/\/cdnoticias.com\/index.php\/wp-json\/wp\/v2\/posts"}],"about":[{"href":"https:\/\/cdnoticias.com\/index.php\/wp-json\/wp\/v2\/types\/post"}],"author":[{"embeddable":true,"href":"https:\/\/cdnoticias.com\/index.php\/wp-json\/wp\/v2\/users\/4"}],"replies":[{"embeddable":true,"href":"https:\/\/cdnoticias.com\/index.php\/wp-json\/wp\/v2\/comments?post=129718"}],"version-history":[{"count":0,"href":"https:\/\/cdnoticias.com\/index.php\/wp-json\/wp\/v2\/posts\/129718\/revisions"}],"wp:featuredmedia":[{"embeddable":true,"href":"https:\/\/cdnoticias.com\/index.php\/wp-json\/wp\/v2\/media\/129719"}],"wp:attachment":[{"href":"https:\/\/cdnoticias.com\/index.php\/wp-json\/wp\/v2\/media?parent=129718"}],"wp:term":[{"taxonomy":"category","embeddable":true,"href":"https:\/\/cdnoticias.com\/index.php\/wp-json\/wp\/v2\/categories?post=129718"},{"taxonomy":"post_tag","embeddable":true,"href":"https:\/\/cdnoticias.com\/index.php\/wp-json\/wp\/v2\/tags?post=129718"}],"curies":[{"name":"wp","href":"https:\/\/api.w.org\/{rel}","templated":true}]}}