{"id":129700,"date":"2024-11-05T20:20:15","date_gmt":"2024-11-05T23:20:15","guid":{"rendered":"https:\/\/cdnoticias.com\/?p=129700"},"modified":"2024-11-06T09:02:00","modified_gmt":"2024-11-06T12:02:00","slug":"presentaran-una-investigacion-de-consumo-de-youtube-en-las-infancias","status":"publish","type":"post","link":"https:\/\/cdnoticias.com\/index.php\/2024\/11\/05\/presentaran-una-investigacion-de-consumo-de-youtube-en-las-infancias\/","title":{"rendered":"Presentar\u00e1n una investigaci\u00f3n de consumo de Youtube en las infancias"},"content":{"rendered":"\n<p>Fue realizado por estudiantes del Profesorado de Educaci\u00f3n Inicial del Instituto Nuestra Se\u00f1ora del Rosario. La creencia de que varios dibujitos son \u201cacordes\u201d, una de las principales falencias encontradas.<\/p>\n\n\n\n<hr class=\"wp-block-separator aligncenter has-alpha-channel-opacity\"\/>\n\n\n\n<p><strong>\u00bfQu\u00e9 canales miran los ni\u00f1os y ni\u00f1as de entre 3 y 5 a\u00f1os? <\/strong>Fue la pregunta que se realiz\u00f3 un<strong> grupo de 20 estudiantes del tercer a\u00f1o de la carrera de Educaci\u00f3n Inicial del Instituto Nuestra Se\u00f1ora del Rosario<\/strong>, y bajo esa premisa realizaron una investigaci\u00f3n que presentar\u00e1n este mi\u00e9rcoles, a las 18:00 horas, en el Gimnasio del Instituto ubicado en Brown entre General Paz y San Mart\u00edn.<\/p>\n\n\n\n<p>En di\u00e1logo con <strong>\u201cEn avenidas\u201d por Radio Universidad 90.1, Yesica Oca\u00f1a, integrante del grupo <\/strong>que realiz\u00f3 la investigaci\u00f3n, explic\u00f3 algunos lineamientos de la investigaci\u00f3n y adelant\u00f3 lo que se presentar\u00e1 este mi\u00e9rcoles.<strong> El objetivo, analizar a fondo el consumo de infancias en medios digitales, particularmente en Youtube.<\/strong><\/p>\n\n\n\n<figure class=\"wp-block-image size-large\"><img data-recalc-dims=\"1\" loading=\"lazy\" decoding=\"async\" width=\"800\" height=\"445\" src=\"https:\/\/i0.wp.com\/cdnoticias.com\/wp-content\/uploads\/2024\/11\/WhatsApp-Image-2024-11-05-at-20.12.46-1.jpeg?resize=800%2C445&#038;ssl=1\" alt=\"\" class=\"wp-image-129703\" srcset=\"https:\/\/i0.wp.com\/cdnoticias.com\/wp-content\/uploads\/2024\/11\/WhatsApp-Image-2024-11-05-at-20.12.46-1.jpeg?resize=1024%2C570&amp;ssl=1 1024w, https:\/\/i0.wp.com\/cdnoticias.com\/wp-content\/uploads\/2024\/11\/WhatsApp-Image-2024-11-05-at-20.12.46-1.jpeg?resize=300%2C167&amp;ssl=1 300w, https:\/\/i0.wp.com\/cdnoticias.com\/wp-content\/uploads\/2024\/11\/WhatsApp-Image-2024-11-05-at-20.12.46-1.jpeg?resize=768%2C427&amp;ssl=1 768w, https:\/\/i0.wp.com\/cdnoticias.com\/wp-content\/uploads\/2024\/11\/WhatsApp-Image-2024-11-05-at-20.12.46-1.jpeg?resize=1536%2C854&amp;ssl=1 1536w, https:\/\/i0.wp.com\/cdnoticias.com\/wp-content\/uploads\/2024\/11\/WhatsApp-Image-2024-11-05-at-20.12.46-1.jpeg?resize=800%2C445&amp;ssl=1 800w, https:\/\/i0.wp.com\/cdnoticias.com\/wp-content\/uploads\/2024\/11\/WhatsApp-Image-2024-11-05-at-20.12.46-1.jpeg?w=1600&amp;ssl=1 1600w\" sizes=\"auto, (max-width: 800px) 100vw, 800px\" \/><\/figure>\n\n\n\n<p><em><strong>\u201cEl proyecto surge como una hip\u00f3tesis: nos cuestion\u00e1bamos como futuras docentes qu\u00e9 miraban los ni\u00f1os dentro de las edades que nos toca trabajar. Y cu\u00e1nto tiempo pasaban en las pantallas o consumiendo estas plataformas con supervisi\u00f3n, sin supervisi\u00f3n. Nos preocupaba\u201d<\/strong><\/em> admiti\u00f3 Oca\u00f1a.<\/p>\n\n\n\n<p>En este sentido, <strong>sumaron a una <em>\u201casesora cient\u00edfica\u201d<\/em> la licenciada Roc\u00edo Pereyra y<\/strong><em><strong> \u201ccon nuestra docente Yanela Alves empezamos con una encuesta que tuvo alcance por Whatsapp dentro de nuestros contactos\u201d.<\/strong> <\/em>Todo ello deriv\u00f3 en<em> \u201c136 respuestas donde nos compart\u00edan los dibujitos m\u00e1s vistos, reacciones ten\u00edan despu\u00e9s de mirar, cu\u00e1nto tiempo estaban frente a las pantallas, si estaban acompa\u00f1ados o no\u201d.<\/em><\/p>\n\n\n\n<figure class=\"wp-block-image size-large\"><img data-recalc-dims=\"1\" loading=\"lazy\" decoding=\"async\" width=\"724\" height=\"1024\" src=\"https:\/\/i0.wp.com\/cdnoticias.com\/wp-content\/uploads\/2024\/11\/WhatsApp-Image-2024-11-05-at-18.18.16.jpeg?resize=724%2C1024&#038;ssl=1\" alt=\"\" class=\"wp-image-129701\" srcset=\"https:\/\/i0.wp.com\/cdnoticias.com\/wp-content\/uploads\/2024\/11\/WhatsApp-Image-2024-11-05-at-18.18.16.jpeg?resize=724%2C1024&amp;ssl=1 724w, https:\/\/i0.wp.com\/cdnoticias.com\/wp-content\/uploads\/2024\/11\/WhatsApp-Image-2024-11-05-at-18.18.16.jpeg?resize=212%2C300&amp;ssl=1 212w, https:\/\/i0.wp.com\/cdnoticias.com\/wp-content\/uploads\/2024\/11\/WhatsApp-Image-2024-11-05-at-18.18.16.jpeg?resize=768%2C1086&amp;ssl=1 768w, https:\/\/i0.wp.com\/cdnoticias.com\/wp-content\/uploads\/2024\/11\/WhatsApp-Image-2024-11-05-at-18.18.16.jpeg?resize=1086%2C1536&amp;ssl=1 1086w, https:\/\/i0.wp.com\/cdnoticias.com\/wp-content\/uploads\/2024\/11\/WhatsApp-Image-2024-11-05-at-18.18.16.jpeg?w=1131&amp;ssl=1 1131w\" sizes=\"auto, (max-width: 724px) 100vw, 724px\" \/><\/figure>\n\n\n\n<p>Entre los principales resultados, lo que se mostr\u00f3 con claridad es la <em><strong>\u201cfalta de supervisi\u00f3n que hay sobre las pantallas. Pasan muchas horas delante, los dibujitos que miran no siempre son los m\u00e1s adecuados, a veces las familias o encargados de los ni\u00f1os creen que los dibujitos son acordes\u201d <\/strong><\/em>y dentro de la investigaci\u00f3n <em>\u201cnos dimos cuenta que, por ejemplo, Peppa Pig es una cerdita de una familia tipo donde siempre le contesta a los adultos, no respeta normas, siempre se pelea con su hermano y no es un dibujito apto para que un ni\u00f1o est\u00e9 constantemente mirando porque lo va a repetir. Se repite con el vocabulario\u201d<\/em> agreg\u00f3 la joven.<\/p>\n\n\n\n<p>Finalmente, admiti\u00f3 que<strong> hay dibujitos \u201cadecuados\u201d dentro de los canales oficiales dentro de las plataformas<\/strong>, pero<em> \u201cdentro de lo que se va reproduciendo aparecen los shorts que son personas que suben contenido a la plataforma ese mismo dibujito transformado, con violencia\u201d.<\/em><\/p>\n\n\n\n<figure class=\"wp-block-image size-large\"><img data-recalc-dims=\"1\" loading=\"lazy\" decoding=\"async\" width=\"800\" height=\"445\" src=\"https:\/\/i0.wp.com\/cdnoticias.com\/wp-content\/uploads\/2024\/11\/WhatsApp-Image-2024-11-05-at-20.12.46.jpeg?resize=800%2C445&#038;ssl=1\" alt=\"\" class=\"wp-image-129702\" srcset=\"https:\/\/i0.wp.com\/cdnoticias.com\/wp-content\/uploads\/2024\/11\/WhatsApp-Image-2024-11-05-at-20.12.46.jpeg?resize=1024%2C570&amp;ssl=1 1024w, https:\/\/i0.wp.com\/cdnoticias.com\/wp-content\/uploads\/2024\/11\/WhatsApp-Image-2024-11-05-at-20.12.46.jpeg?resize=300%2C167&amp;ssl=1 300w, https:\/\/i0.wp.com\/cdnoticias.com\/wp-content\/uploads\/2024\/11\/WhatsApp-Image-2024-11-05-at-20.12.46.jpeg?resize=768%2C427&amp;ssl=1 768w, https:\/\/i0.wp.com\/cdnoticias.com\/wp-content\/uploads\/2024\/11\/WhatsApp-Image-2024-11-05-at-20.12.46.jpeg?resize=1536%2C854&amp;ssl=1 1536w, https:\/\/i0.wp.com\/cdnoticias.com\/wp-content\/uploads\/2024\/11\/WhatsApp-Image-2024-11-05-at-20.12.46.jpeg?resize=800%2C445&amp;ssl=1 800w, https:\/\/i0.wp.com\/cdnoticias.com\/wp-content\/uploads\/2024\/11\/WhatsApp-Image-2024-11-05-at-20.12.46.jpeg?w=1600&amp;ssl=1 1600w\" sizes=\"auto, (max-width: 800px) 100vw, 800px\" \/><\/figure>\n\n\n\n<p>Todo esto <em><strong>\u201ccondiciona otras actividades. El tema son las emociones que provocan ciertos dibujitos. Generalmente un ni\u00f1o no acepta despu\u00e9s de una hora de mirar pantalla dejar de hacerlo de buen modo\u201d <\/strong><\/em>dijo.<\/p>\n\n\n\n<p>Sobre la metodolog\u00eda de la investigaci\u00f3n, m\u00e1s all\u00e1 de la encuesta,<em> \u201cel grupo de trabajo son 20 estudiantes de la carrera. Dividimos los resultados y fuimos investigando cada dibujito. Fue m\u00e1s riguroso. Las palabras que se usan, si se trabaja ESI\u201d. En este sentido, y para cerrar de cara a la presentaci\u00f3n de este mi\u00e9rcoles, \u201cse hicieron preguntas de rigor para tratar de determinar si los dibujitos son aptos o no, y determinamos que de 10 respuestas, 5 son aptos y 5 no\u201d. <\/em><strong>En la actividad, se compartir\u00e1 un video para mostrar ejemplos mediante una presentaci\u00f3n que durar\u00e1, con intervenciones, aproximadamente una hora.<\/strong><\/p>\n","protected":false},"excerpt":{"rendered":"<p>Fue realizado por estudiantes del Profesorado de Educaci\u00f3n Inicial del Instituto Nuestra Se\u00f1ora del Rosario. La creencia de que varios<\/p>\n","protected":false},"author":2,"featured_media":129704,"comment_status":"closed","ping_status":"closed","sticky":false,"template":"","format":"standard","meta":{"_jetpack_memberships_contains_paid_content":false,"footnotes":""},"categories":[5,1],"tags":[],"class_list":["post-129700","post","type-post","status-publish","format-standard","has-post-thumbnail","hentry","category-informacion-general","category-portada"],"jetpack_featured_media_url":"https:\/\/i0.wp.com\/cdnoticias.com\/wp-content\/uploads\/2024\/11\/WhatsApp-Image-2024-11-05-at-20.13.32.jpeg?fit=1036%2C576&ssl=1","jetpack_sharing_enabled":true,"_links":{"self":[{"href":"https:\/\/cdnoticias.com\/index.php\/wp-json\/wp\/v2\/posts\/129700","targetHints":{"allow":["GET"]}}],"collection":[{"href":"https:\/\/cdnoticias.com\/index.php\/wp-json\/wp\/v2\/posts"}],"about":[{"href":"https:\/\/cdnoticias.com\/index.php\/wp-json\/wp\/v2\/types\/post"}],"author":[{"embeddable":true,"href":"https:\/\/cdnoticias.com\/index.php\/wp-json\/wp\/v2\/users\/2"}],"replies":[{"embeddable":true,"href":"https:\/\/cdnoticias.com\/index.php\/wp-json\/wp\/v2\/comments?post=129700"}],"version-history":[{"count":0,"href":"https:\/\/cdnoticias.com\/index.php\/wp-json\/wp\/v2\/posts\/129700\/revisions"}],"wp:featuredmedia":[{"embeddable":true,"href":"https:\/\/cdnoticias.com\/index.php\/wp-json\/wp\/v2\/media\/129704"}],"wp:attachment":[{"href":"https:\/\/cdnoticias.com\/index.php\/wp-json\/wp\/v2\/media?parent=129700"}],"wp:term":[{"taxonomy":"category","embeddable":true,"href":"https:\/\/cdnoticias.com\/index.php\/wp-json\/wp\/v2\/categories?post=129700"},{"taxonomy":"post_tag","embeddable":true,"href":"https:\/\/cdnoticias.com\/index.php\/wp-json\/wp\/v2\/tags?post=129700"}],"curies":[{"name":"wp","href":"https:\/\/api.w.org\/{rel}","templated":true}]}}