{"id":129695,"date":"2024-11-05T19:30:31","date_gmt":"2024-11-05T22:30:31","guid":{"rendered":"https:\/\/cdnoticias.com\/?p=129695"},"modified":"2024-11-05T20:20:47","modified_gmt":"2024-11-05T23:20:47","slug":"el-hospital-de-pediatria-suma-cinco-nuevos-profesionales-olavarrienses","status":"publish","type":"post","link":"https:\/\/cdnoticias.com\/index.php\/2024\/11\/05\/el-hospital-de-pediatria-suma-cinco-nuevos-profesionales-olavarrienses\/","title":{"rendered":"El Hospital de Pediatr\u00eda suma cinco nuevos profesionales olavarrienses"},"content":{"rendered":"\n<p>Se trata de especialistas que decidieron volver a la ciudad e incorporarse al Hospital Municipal, tras haberse formado en el Garrahan, en el Sor Mar\u00eda Ludovica y en el Tetamanti. \u201cLas especialidades que hoy sumamos jerarquizan a\u00fan m\u00e1s el Hospital\u201d expres\u00f3 el intendente Maximiliano Wesner.\u00a0<\/p>\n\n\n\n<hr class=\"wp-block-separator aligncenter has-alpha-channel-opacity\"\/>\n\n\n\n<p>En la ma\u00f1ana de este martes, el <strong>intendente Maximiliano Wesner <\/strong>encabez\u00f3 una reuni\u00f3n en el Palacio Municipal San Mart\u00edn con los <strong>nuevos profesionales que brindar\u00e1n servicio en el Hospital Municipal de Pediatr\u00eda.<\/strong><\/p>\n\n\n\n<p><\/p>\n\n\n\n<blockquote class=\"wp-block-quote is-layout-flow wp-block-quote-is-layout-flow\">\n<p>\u201cTodos estos profesionales son nacidos en Olavarr\u00eda, que realizaron sus estudios en distintas casas de altos estudios, que se especializaron y brindaron su atenci\u00f3n en reconocidos centros de salud, p\u00fablicos y privados, y que hoy decidieron volver a la ciudad y sumarse a esta nueva impronta que estamos llevando adelante en todo el Hospital Municipal\u201d, destac\u00f3 Wesner.<\/p>\n<\/blockquote>\n\n\n\n<p><\/p>\n\n\n\n<p>En ese marco, el jefe comunal dio cuenta de la labor que se est\u00e1 realizando en materia de planificaci\u00f3n estrat\u00e9gica, optimizaci\u00f3n del servicio y crecimiento del Hospital. <\/p>\n\n\n\n<p><\/p>\n\n\n\n<p><strong>&#8220;Hoy nos encontramos haciendo un gran esfuerzo, no solo en sostener una atenci\u00f3n de calidad, sino en ofrecer cada vez m\u00e1s especialidades. Somos un hospital de referencia, y la \u00fanica guardia pedi\u00e1trica de la ciudad. Las especialidades que hoy sumamos con ustedes jerarquizan a\u00fan m\u00e1s el hospital y permitir\u00e1 que muchos vecinos de la ciudad dejen de viajar para atenderse<\/strong>\u201d, agreg\u00f3.<\/p>\n\n\n\n<p><\/p>\n\n\n\n<blockquote class=\"wp-block-quote is-layout-flow wp-block-quote-is-layout-flow\">\n<p>Los nuevos profesionales que se incorporan al plantel son el traumat\u00f3logo infantil Agust\u00edn Alcorta, la hemat\u00f3loga infantil Anabela Coronel, la endocrin\u00f3loga infantil Constanza De Bernardi, el intensivista infantil Agust\u00edn Dalceggio y Mauricio Dilascio, quien es cardi\u00f3logo infantil y que se dedica a cardiopat\u00edas cong\u00e9nitas.<\/p>\n<\/blockquote>\n\n\n\n<p><\/p>\n\n\n\n<p>Se trata de <strong>especialistas que decidieron volver a la ciudad e incorporarse al Hospital Municipal<\/strong>, <strong>tras haberse formado en el Garrahan, en el Sor Mar\u00eda Ludovica y en el Tetamanti,<\/strong> tres hospitales que son de los m\u00e1s importantes de la provincia de Buenos Aires.<\/p>\n\n\n\n<p><\/p>\n\n\n\n<p>En la actividad el intendente Maximiliano Wesner estuvo acompa\u00f1ado por el <strong>Subsecretario de Salud Fernando Al\u00ed,<\/strong> el <strong>jefe de Cirug\u00eda General Diego Rauto,<\/strong> el <strong>Jefe de Quir\u00f3fano Facundo Jauregui<\/strong> y la <strong>coordinadora del \u00e1rea de Pediatr\u00eda Virginia Buzeki.<\/strong><\/p>\n\n\n\n<p><\/p>\n","protected":false},"excerpt":{"rendered":"<p>Se trata de especialistas que decidieron volver a la ciudad e incorporarse al Hospital Municipal, tras haberse formado en el<\/p>\n","protected":false},"author":6,"featured_media":129697,"comment_status":"closed","ping_status":"closed","sticky":false,"template":"","format":"standard","meta":{"_jetpack_memberships_contains_paid_content":false,"footnotes":""},"categories":[5,1],"tags":[],"class_list":["post-129695","post","type-post","status-publish","format-standard","has-post-thumbnail","hentry","category-informacion-general","category-portada"],"jetpack_featured_media_url":"https:\/\/i0.wp.com\/cdnoticias.com\/wp-content\/uploads\/2024\/11\/nuevos-profesionales-pediatria.jpg?fit=900%2C526&ssl=1","jetpack_sharing_enabled":true,"_links":{"self":[{"href":"https:\/\/cdnoticias.com\/index.php\/wp-json\/wp\/v2\/posts\/129695","targetHints":{"allow":["GET"]}}],"collection":[{"href":"https:\/\/cdnoticias.com\/index.php\/wp-json\/wp\/v2\/posts"}],"about":[{"href":"https:\/\/cdnoticias.com\/index.php\/wp-json\/wp\/v2\/types\/post"}],"author":[{"embeddable":true,"href":"https:\/\/cdnoticias.com\/index.php\/wp-json\/wp\/v2\/users\/6"}],"replies":[{"embeddable":true,"href":"https:\/\/cdnoticias.com\/index.php\/wp-json\/wp\/v2\/comments?post=129695"}],"version-history":[{"count":0,"href":"https:\/\/cdnoticias.com\/index.php\/wp-json\/wp\/v2\/posts\/129695\/revisions"}],"wp:featuredmedia":[{"embeddable":true,"href":"https:\/\/cdnoticias.com\/index.php\/wp-json\/wp\/v2\/media\/129697"}],"wp:attachment":[{"href":"https:\/\/cdnoticias.com\/index.php\/wp-json\/wp\/v2\/media?parent=129695"}],"wp:term":[{"taxonomy":"category","embeddable":true,"href":"https:\/\/cdnoticias.com\/index.php\/wp-json\/wp\/v2\/categories?post=129695"},{"taxonomy":"post_tag","embeddable":true,"href":"https:\/\/cdnoticias.com\/index.php\/wp-json\/wp\/v2\/tags?post=129695"}],"curies":[{"name":"wp","href":"https:\/\/api.w.org\/{rel}","templated":true}]}}