{"id":129692,"date":"2024-11-10T16:47:32","date_gmt":"2024-11-10T19:47:32","guid":{"rendered":"https:\/\/cdnoticias.com\/?p=129692"},"modified":"2024-11-10T16:47:34","modified_gmt":"2024-11-10T19:47:34","slug":"clasica-y-solidaria-concierto-a-beneficio-de-corim","status":"publish","type":"post","link":"https:\/\/cdnoticias.com\/index.php\/2024\/11\/10\/clasica-y-solidaria-concierto-a-beneficio-de-corim\/","title":{"rendered":"Cl\u00e1sica y Solidaria: Concierto a beneficio de CORIM"},"content":{"rendered":"\n<p>Ser\u00e1 el domingo 17 de noviembre en el Teatro Municipal. La entrada es libre y gratuita.&nbsp;<\/p>\n\n\n\n<hr class=\"wp-block-separator aligncenter has-alpha-channel-opacity\"\/>\n\n\n\n<p>El pr\u00f3ximo <strong>domingo 17 de noviembre<\/strong> se llevar\u00e1 a cabo un <strong>nuevo concierto del Ciclo \u201cCl\u00e1sica y Solidaria\u201d<\/strong>, a las <strong>20:30 horas, en el Teatro Municipal.<\/strong> En esta ocasi\u00f3n, <strong>la velada ser\u00e1 a beneficio de CORIM.<\/strong><\/p>\n\n\n\n<p><\/p>\n\n\n\n<blockquote class=\"wp-block-quote is-layout-flow wp-block-quote-is-layout-flow\">\n<p>El ciclo es con entrada libre y gratuita, y quienes deseen colaborar con la instituci\u00f3n podr\u00e1n hacerlo mediante una donaci\u00f3n en efectivo por sobre, o por billetera virtual a trav\u00e9s de un c\u00f3digo QR.<\/p>\n<\/blockquote>\n\n\n\n<p><\/p>\n\n\n\n<p><strong>CORIM es un establecimiento<\/strong> con una tradici\u00f3n educativa y de acompa\u00f1amiento de m\u00e1s de 50 a\u00f1os, con el <strong>objetivo de favorecer y garantizar la inclusi\u00f3n educativa de los chicos y chicas con discapacidad,<\/strong> trabajando con <strong>especial \u00e9nfasis en la estimulaci\u00f3n temprana.<\/strong><\/p>\n\n\n\n<p><\/p>\n\n\n\n<p>Cuenta con un equipo de docentes y profesionales de gran compromiso y trayectoria, capacitados para la atenci\u00f3n de los ni\u00f1os y ni\u00f1as a trav\u00e9s de distintas actividades, propuestas y talleres.<\/p>\n\n\n\n<p><\/p>\n\n\n\n<p class=\"has-medium-font-size\"><strong>Sobre el concierto&nbsp;<\/strong><\/p>\n\n\n\n<p>El repertorio estar\u00e1 basado en obras de W. Mozart (1756 \u2013 1791) Don Giovanni \u2013 Obertura, K 527 (), C. M. von Weber (1786 \u2013 1826) Concierto para clarinete y orquesta N\u00b0 2, Op. 74 (), E. Grieg (1843 \u2013 1907) Peer Gynt, Suite N\u00b0 1, Op. 46 () y P. Tschaikowsky (1840 \u2013 1893) Romeo y Julieta \u2013 Obertura fantas\u00eda (*).<\/p>\n\n\n\n<p><\/p>\n\n\n\n<p>En la primera parte estar\u00e1 como m\u00fasico solista en clarinete <strong>Ezequiel Lurbe<\/strong> y la direcci\u00f3n estar\u00e1 a cargo del <strong>Maestro Diego Lurbe y el Maestro Walter Salvareschi.<\/strong><\/p>\n\n\n\n<p><\/p>\n","protected":false},"excerpt":{"rendered":"<p>Ser\u00e1 el domingo 17 de noviembre en el Teatro Municipal. La entrada es libre y gratuita.&nbsp; El pr\u00f3ximo domingo 17<\/p>\n","protected":false},"author":6,"featured_media":129693,"comment_status":"closed","ping_status":"closed","sticky":false,"template":"","format":"standard","meta":{"_jetpack_memberships_contains_paid_content":false,"footnotes":""},"categories":[9,1],"tags":[],"class_list":["post-129692","post","type-post","status-publish","format-standard","has-post-thumbnail","hentry","category-cultura","category-portada"],"jetpack_featured_media_url":"https:\/\/i0.wp.com\/cdnoticias.com\/wp-content\/uploads\/2024\/11\/clasica-y-solidaria-teatro.jpg?fit=900%2C498&ssl=1","jetpack_sharing_enabled":true,"_links":{"self":[{"href":"https:\/\/cdnoticias.com\/index.php\/wp-json\/wp\/v2\/posts\/129692","targetHints":{"allow":["GET"]}}],"collection":[{"href":"https:\/\/cdnoticias.com\/index.php\/wp-json\/wp\/v2\/posts"}],"about":[{"href":"https:\/\/cdnoticias.com\/index.php\/wp-json\/wp\/v2\/types\/post"}],"author":[{"embeddable":true,"href":"https:\/\/cdnoticias.com\/index.php\/wp-json\/wp\/v2\/users\/6"}],"replies":[{"embeddable":true,"href":"https:\/\/cdnoticias.com\/index.php\/wp-json\/wp\/v2\/comments?post=129692"}],"version-history":[{"count":0,"href":"https:\/\/cdnoticias.com\/index.php\/wp-json\/wp\/v2\/posts\/129692\/revisions"}],"wp:featuredmedia":[{"embeddable":true,"href":"https:\/\/cdnoticias.com\/index.php\/wp-json\/wp\/v2\/media\/129693"}],"wp:attachment":[{"href":"https:\/\/cdnoticias.com\/index.php\/wp-json\/wp\/v2\/media?parent=129692"}],"wp:term":[{"taxonomy":"category","embeddable":true,"href":"https:\/\/cdnoticias.com\/index.php\/wp-json\/wp\/v2\/categories?post=129692"},{"taxonomy":"post_tag","embeddable":true,"href":"https:\/\/cdnoticias.com\/index.php\/wp-json\/wp\/v2\/tags?post=129692"}],"curies":[{"name":"wp","href":"https:\/\/api.w.org\/{rel}","templated":true}]}}