{"id":129677,"date":"2024-11-05T20:02:10","date_gmt":"2024-11-05T23:02:10","guid":{"rendered":"https:\/\/cdnoticias.com\/?p=129677"},"modified":"2024-11-05T20:02:12","modified_gmt":"2024-11-05T23:02:12","slug":"corte-de-luz-programado-en-dos-sectores-de-la-ciudad-3","status":"publish","type":"post","link":"https:\/\/cdnoticias.com\/index.php\/2024\/11\/05\/corte-de-luz-programado-en-dos-sectores-de-la-ciudad-3\/","title":{"rendered":"Corte de luz programado en dos sectores de la ciudad"},"content":{"rendered":"\n<p>Ser\u00e1 este mi\u00e9rcoles por tareas de mantenimiento. Se indic\u00f3 que las tareas pueden reprogramarse si las condiciones clim\u00e1ticas son adversas.<\/p>\n\n\n\n<hr class=\"wp-block-separator aligncenter has-alpha-channel-opacity\"\/>\n\n\n\n<p>Desde Coopelectric se inform\u00f3 que<strong> este mi\u00e9rcoles se producir\u00e1 la interrupci\u00f3n del servicio el\u00e9ctrico<\/strong> en<strong> dos sectores de la ciudad.<\/strong><\/p>\n\n\n\n<p><\/p>\n\n\n\n<p>El corte ser\u00e1 en el <strong>horario de 7:30 a 11:30<\/strong> y afectar\u00e1 los siguientes sectores:<\/p>\n\n\n\n<ul class=\"wp-block-list\">\n<li>Sector 1: Alsina &#8211; Rufino Fal &#8211; Rivadavia &#8211; Rep\u00fablica del L\u00edbano.<\/li>\n<\/ul>\n\n\n\n<ul class=\"wp-block-list\">\n<li>Sector 2: Alsina &#8211; avenida Trabajadores &#8211; Rivadavia &#8211; Rufino Fal.<\/li>\n<\/ul>\n\n\n\n<p><\/p>\n\n\n\n<p>Se indic\u00f3 que <strong>el motivo de los cortes es por mantenimiento <\/strong>y las tareas pueden reprogramarse si las condiciones clim\u00e1ticas son adversas.<\/p>\n\n\n\n<p><\/p>\n","protected":false},"excerpt":{"rendered":"<p>Ser\u00e1 este mi\u00e9rcoles por tareas de mantenimiento. Se indic\u00f3 que las tareas pueden reprogramarse si las condiciones clim\u00e1ticas son adversas.<\/p>\n","protected":false},"author":6,"featured_media":41403,"comment_status":"closed","ping_status":"closed","sticky":false,"template":"","format":"standard","meta":{"_jetpack_memberships_contains_paid_content":false,"footnotes":""},"categories":[5,1],"tags":[],"class_list":["post-129677","post","type-post","status-publish","format-standard","has-post-thumbnail","hentry","category-informacion-general","category-portada"],"jetpack_featured_media_url":"https:\/\/i0.wp.com\/cdnoticias.com\/wp-content\/uploads\/2021\/12\/coopelectric-camion.jpg?fit=1600%2C890&ssl=1","jetpack_sharing_enabled":true,"_links":{"self":[{"href":"https:\/\/cdnoticias.com\/index.php\/wp-json\/wp\/v2\/posts\/129677","targetHints":{"allow":["GET"]}}],"collection":[{"href":"https:\/\/cdnoticias.com\/index.php\/wp-json\/wp\/v2\/posts"}],"about":[{"href":"https:\/\/cdnoticias.com\/index.php\/wp-json\/wp\/v2\/types\/post"}],"author":[{"embeddable":true,"href":"https:\/\/cdnoticias.com\/index.php\/wp-json\/wp\/v2\/users\/6"}],"replies":[{"embeddable":true,"href":"https:\/\/cdnoticias.com\/index.php\/wp-json\/wp\/v2\/comments?post=129677"}],"version-history":[{"count":0,"href":"https:\/\/cdnoticias.com\/index.php\/wp-json\/wp\/v2\/posts\/129677\/revisions"}],"wp:featuredmedia":[{"embeddable":true,"href":"https:\/\/cdnoticias.com\/index.php\/wp-json\/wp\/v2\/media\/41403"}],"wp:attachment":[{"href":"https:\/\/cdnoticias.com\/index.php\/wp-json\/wp\/v2\/media?parent=129677"}],"wp:term":[{"taxonomy":"category","embeddable":true,"href":"https:\/\/cdnoticias.com\/index.php\/wp-json\/wp\/v2\/categories?post=129677"},{"taxonomy":"post_tag","embeddable":true,"href":"https:\/\/cdnoticias.com\/index.php\/wp-json\/wp\/v2\/tags?post=129677"}],"curies":[{"name":"wp","href":"https:\/\/api.w.org\/{rel}","templated":true}]}}