{"id":129656,"date":"2024-11-05T16:26:19","date_gmt":"2024-11-05T19:26:19","guid":{"rendered":"https:\/\/cdnoticias.com\/?p=129656"},"modified":"2024-11-06T10:34:04","modified_gmt":"2024-11-06T13:34:04","slug":"el-hospital-de-oncologia-inauguro-una-campana-para-destacar-el-final-de-los-tratamientos","status":"publish","type":"post","link":"https:\/\/cdnoticias.com\/index.php\/2024\/11\/05\/el-hospital-de-oncologia-inauguro-una-campana-para-destacar-el-final-de-los-tratamientos\/","title":{"rendered":"El Hospital de Oncolog\u00eda inaugur\u00f3 una campana para destacar el final de los tratamientos"},"content":{"rendered":"<p>Una emotiva ceremonia tuvo a pacientes y ex pacientes en el centro de salud provincial. El apoyo de vecinos para su concreci\u00f3n. Mejoras en el edificio y la vuelta del servicio de radioterapia.<!--more--><\/p>\n<hr \/>\n<p>El <strong>Hospital Zonal Especializado de Oncolog\u00eda \u201cLuciano Fortabat\u201d<\/strong> <strong>inaugur\u00f3 una campana<\/strong> que <strong>destacar\u00e1 el final de los tratamientos de los pacientes<\/strong>. Fue con una<strong> emotiva ceremonia<\/strong> que se realiz\u00f3 el pasado jueves donde <strong>pacientes y ex pacientes celebraron la iniciativa<\/strong>. Adem\u00e1s, se detallaron <strong>mejoras en el Hospital<\/strong> impulsadas por sus actuales directivos.<\/p>\n<blockquote>\n<p>En un patio interno, ubicado frente a la sala de tratamiento de quimioterapia, fue colocada la campana y una placa con un poema. \u201cUn sonido de victoria, de esperanza y alegr\u00eda que llena al aire. La lucha ha terminado\u201d dice en un pasaje.<\/p>\n<\/blockquote>\n<blockquote class=\"instagram-media\" style=\"background: #FFF; border: 0; border-radius: 3px; box-shadow: 0 0 1px 0 rgba(0,0,0,0.5),0 1px 10px 0 rgba(0,0,0,0.15); margin: 1px; max-width: 540px; min-width: 326px; padding: 0; width: calc(100% - 2px);\" data-instgrm-permalink=\"https:\/\/www.instagram.com\/reel\/DCAF14RvSWe\/?utm_source=ig_embed&amp;utm_campaign=loading\" data-instgrm-version=\"14\">\n<div style=\"padding: 16px;\">\n<div style=\"display: flex; flex-direction: row; align-items: center;\">\n<div style=\"background-color: #f4f4f4; border-radius: 50%; flex-grow: 0; height: 40px; margin-right: 14px; width: 40px;\">\u00a0<\/div>\n<div style=\"display: flex; flex-direction: column; flex-grow: 1; justify-content: center;\">\n<div style=\"background-color: #f4f4f4; border-radius: 4px; flex-grow: 0; height: 14px; margin-bottom: 6px; width: 100px;\">\u00a0<\/div>\n<div style=\"background-color: #f4f4f4; border-radius: 4px; flex-grow: 0; height: 14px; width: 60px;\">\u00a0<\/div>\n<\/div>\n<\/div>\n<div style=\"padding: 19% 0;\">\u00a0<\/div>\n<div style=\"display: block; height: 50px; margin: 0 auto 12px; width: 50px;\">\u00a0<\/div>\n<div style=\"padding-top: 8px;\">\n<div style=\"color: #3897f0; font-family: Arial,sans-serif; font-size: 14px; font-style: normal; font-weight: 550; line-height: 18px;\">Ver esta publicaci\u00f3n en Instagram<\/div>\n<\/div>\n<div style=\"padding: 12.5% 0;\">\u00a0<\/div>\n<div style=\"display: flex; flex-direction: row; margin-bottom: 14px; align-items: center;\">\n<div>\n<div style=\"background-color: #f4f4f4; border-radius: 50%; height: 12.5px; width: 12.5px; transform: translateX(0px) translateY(7px);\">\u00a0<\/div>\n<div style=\"background-color: #f4f4f4; height: 12.5px; transform: rotate(-45deg) translateX(3px) translateY(1px); width: 12.5px; flex-grow: 0; margin-right: 14px; margin-left: 2px;\">\u00a0<\/div>\n<div style=\"background-color: #f4f4f4; border-radius: 50%; height: 12.5px; width: 12.5px; transform: translateX(9px) translateY(-18px);\">\u00a0<\/div>\n<\/div>\n<div style=\"margin-left: 8px;\">\n<div style=\"background-color: #f4f4f4; border-radius: 50%; flex-grow: 0; height: 20px; width: 20px;\">\u00a0<\/div>\n<div style=\"width: 0; height: 0; border-top: 2px solid transparent; border-left: 6px solid #f4f4f4; border-bottom: 2px solid transparent; transform: translateX(16px) translateY(-4px) rotate(30deg);\">\u00a0<\/div>\n<\/div>\n<div style=\"margin-left: auto;\">\n<div style=\"width: 0px; border-top: 8px solid #F4F4F4; border-right: 8px solid transparent; transform: translateY(16px);\">\u00a0<\/div>\n<div style=\"background-color: #f4f4f4; flex-grow: 0; height: 12px; width: 16px; transform: translateY(-4px);\">\u00a0<\/div>\n<div style=\"width: 0; height: 0; border-top: 8px solid #F4F4F4; border-left: 8px solid transparent; transform: translateY(-4px) translateX(8px);\">\u00a0<\/div>\n<\/div>\n<\/div>\n<div style=\"display: flex; flex-direction: column; flex-grow: 1; justify-content: center; margin-bottom: 24px;\">\n<div style=\"background-color: #f4f4f4; border-radius: 4px; flex-grow: 0; height: 14px; margin-bottom: 6px; width: 224px;\">\u00a0<\/div>\n<div style=\"background-color: #f4f4f4; border-radius: 4px; flex-grow: 0; height: 14px; width: 144px;\">\u00a0<\/div>\n<\/div>\n<p>\u00a0<\/p>\n<p style=\"color: #c9c8cd; font-family: Arial,sans-serif; font-size: 14px; line-height: 17px; margin-bottom: 0; margin-top: 8px; overflow: hidden; padding: 8px 0 7px; text-align: center; text-overflow: ellipsis; white-space: nowrap;\"><a style=\"color: #c9c8cd; font-family: Arial,sans-serif; font-size: 14px; font-style: normal; font-weight: normal; line-height: 17px; text-decoration: none;\" href=\"https:\/\/www.instagram.com\/reel\/DCAF14RvSWe\/?utm_source=ig_embed&amp;utm_campaign=loading\" target=\"_blank\" rel=\"noopener\">Una publicaci\u00f3n compartida por Central de Noticias Olavarr\u00eda (@cdnolavarria)<\/a><\/p>\n<\/div>\n<\/blockquote>\n<p><script async src=\"\/\/www.instagram.com\/embed.js\"><\/script><\/p>\n<p>En el acto inaugural estuvieron el <strong>director ejecutivo del Hospital de Oncolog\u00eda, Diego Saluzzi, y el hasta ese d\u00eda director asociado, Edgardo Martel<\/strong>. <em>Ola Rosa y el Banco de Pelucas<\/em> acompa\u00f1aron la ceremonia. Adem\u00e1s particip\u00f3 el personal del centro de salud y pacientes junto a sus familias.<\/p>\n<p>La primera campana de la salud se instal\u00f3 en 1996 en un centro de salud en Houston, en Estados Unidos. Un hombre de profesi\u00f3n marino termin\u00f3 su tratamiento de radioterapia y regal\u00f3 la campana de bronce de su barco al hospital donde qued\u00f3 instalada. A partir de ese d\u00eda los pacientes que quer\u00edan celebrar que hab\u00edan finalizado el tratamiento tocaban tres veces la campana como s\u00edmbolo de alegr\u00eda.<\/p>\n<p><img data-recalc-dims=\"1\" loading=\"lazy\" decoding=\"async\" class=\"size-full wp-image-129661 alignnone\" src=\"https:\/\/i0.wp.com\/cdnoticias.com\/wp-content\/uploads\/2024\/11\/hospital-de-oncologia-campana-01.jpg?resize=800%2C445&#038;ssl=1\" alt=\"\" width=\"800\" height=\"445\" srcset=\"https:\/\/i0.wp.com\/cdnoticias.com\/wp-content\/uploads\/2024\/11\/hospital-de-oncologia-campana-01.jpg?w=1000&amp;ssl=1 1000w, https:\/\/i0.wp.com\/cdnoticias.com\/wp-content\/uploads\/2024\/11\/hospital-de-oncologia-campana-01.jpg?resize=300%2C167&amp;ssl=1 300w, https:\/\/i0.wp.com\/cdnoticias.com\/wp-content\/uploads\/2024\/11\/hospital-de-oncologia-campana-01.jpg?resize=768%2C427&amp;ssl=1 768w, https:\/\/i0.wp.com\/cdnoticias.com\/wp-content\/uploads\/2024\/11\/hospital-de-oncologia-campana-01.jpg?resize=800%2C445&amp;ssl=1 800w\" sizes=\"auto, (max-width: 800px) 100vw, 800px\" \/><\/p>\n<h3>El acto<\/h3>\n<p><strong>\u201cFue un d\u00eda emocionante para nosotros. Pudimos inaugurar una campana que tiene un mensaje muy especial<\/strong> para los pacientes que est\u00e1n en tratamiento de quimio y radioterapia. <strong>Esta campana simboliza el fin de una etapa<\/strong>, el fin de un tratamiento con todo lo que implica\u201d cont\u00f3 el director.<\/p>\n<blockquote>\n<p>El doctor Saluzzi se\u00f1al\u00f3 que \u201cestas enfermedades son muy duras para el paciente que tiene desde el principio tiene un mont\u00f3n de connotaciones, a uno por la cabeza se pasan mil cosas. Y esto es un mensaje esperanzador, que se puede terminar el tratamiento, que hay tratamiento, que la gente tiene buen final\u201d.<\/p>\n<\/blockquote>\n<p><img data-recalc-dims=\"1\" loading=\"lazy\" decoding=\"async\" class=\"size-full wp-image-129658 aligncenter\" src=\"https:\/\/i0.wp.com\/cdnoticias.com\/wp-content\/uploads\/2024\/11\/hospital-de-oncologia-campana-04.jpg?resize=450%2C800&#038;ssl=1\" alt=\"\" width=\"450\" height=\"800\" srcset=\"https:\/\/i0.wp.com\/cdnoticias.com\/wp-content\/uploads\/2024\/11\/hospital-de-oncologia-campana-04.jpg?w=450&amp;ssl=1 450w, https:\/\/i0.wp.com\/cdnoticias.com\/wp-content\/uploads\/2024\/11\/hospital-de-oncologia-campana-04.jpg?resize=169%2C300&amp;ssl=1 169w\" sizes=\"auto, (max-width: 450px) 100vw, 450px\" \/><\/p>\n<p>Tuvo en cuenta<strong> la ubicaci\u00f3n de la campana, \u201cfrente al hospital de d\u00eda<\/strong> donde la gente hace a diario el tratamiento de quimioterapia\u201d.<\/p>\n<p>A su vez valor\u00f3 que la campana se coloc\u00f3 el \u00faltimo d\u00eda de octubre, despu\u00e9s de un mes de campa\u00f1a de prevenci\u00f3n del c\u00e1ncer de mama, \u201cla idea de esta campa\u00f1a es esa, es la esperanza y queremos siempre dar \u00e9nfasis en la prevenci\u00f3n. <strong>Nos puede pasar a cualquiera tener esta enfermedad y es importante destacar que hay tratamientos<\/strong>, que han mejorado mucho respecto a 40 a\u00f1os atr\u00e1s con esta enfermedad que era sin\u00f3nimo de terminal mal. Hoy en d\u00eda hay mucho por hacer\u201d.<\/p>\n<p>\u00bfQui\u00e9nes tocaron la campana por primera vez? <strong>\u201cMarianela Pacheco, una paciente que termin\u00f3 el tratamiento recientemente<\/strong>. Despu\u00e9s <strong>Alejandra, que fue empleada del hospital, y hace cinco a\u00f1os que termin\u00f3 el tratamiento<\/strong> y est\u00e1 muy bien, con controles. Y despu\u00e9s justo<strong> una paciente que hoy termin\u00f3 su \u00faltima quimioterapia y fue con el suero a tocar la campana<\/strong>. Fue muy emotivo porque estaba la familia\u201d enumer\u00f3 Saluzzi. El doctor Martel agreg\u00f3 que <strong>\u201ctambi\u00e9n otra ex empleada, Susana\u201d<\/strong>.<\/p>\n<p><img data-recalc-dims=\"1\" loading=\"lazy\" decoding=\"async\" class=\"size-full wp-image-129663 aligncenter\" src=\"https:\/\/i0.wp.com\/cdnoticias.com\/wp-content\/uploads\/2024\/11\/hospital-de-oncologia-campana-03.jpg?resize=800%2C450&#038;ssl=1\" alt=\"\" width=\"800\" height=\"450\" srcset=\"https:\/\/i0.wp.com\/cdnoticias.com\/wp-content\/uploads\/2024\/11\/hospital-de-oncologia-campana-03.jpg?w=1000&amp;ssl=1 1000w, https:\/\/i0.wp.com\/cdnoticias.com\/wp-content\/uploads\/2024\/11\/hospital-de-oncologia-campana-03.jpg?resize=300%2C169&amp;ssl=1 300w, https:\/\/i0.wp.com\/cdnoticias.com\/wp-content\/uploads\/2024\/11\/hospital-de-oncologia-campana-03.jpg?resize=768%2C432&amp;ssl=1 768w\" sizes=\"auto, (max-width: 800px) 100vw, 800px\" \/><\/p>\n<h3>Mejoras en el Hospital de Oncolog\u00eda<\/h3>\n<p>En el Hospital Zonal de gesti\u00f3n provincial se atienden <strong>unos 300 pacientes por a\u00f1o<\/strong> y se desempe\u00f1an en total alrededor de 100 personas. <strong>\u201cTememos tratamientos y hacemos quimioterapia de d\u00eda. Tenemos un sector de internaci\u00f3n<\/strong> ya que en algunas quimioterapias el paciente tiene que permanecer internado, y despu\u00e9s <strong>tratamiento de radioterapia que actualmente se hace con cobalto. Hay un proyecto de poder hacer un acelerador lineal<\/strong>, estamos viendo si le podemos dar curso\u201d indic\u00f3 el director ejecutivo.<\/p>\n<blockquote>\n<p>Martel tuvo en cuenta que \u201cel servicio de radioterapia no estaba funcionando desde 2021 y ahora, am\u00e9n de que no es el tipo de tratamiento ideal, s\u00ed se pueden hacer ciertas cosas con la cobaltoterapia. Por ejemplo, el control del dolor y el control de hemorragias, situaciones que anteriormente se derivaban fuera del hospital para poderlo hacerlo. Hoy se puede hacer ac\u00e1\u201d.<\/p>\n<\/blockquote>\n<p>Para poder poner nuevamente en marcha el servicio de radioterapia el Hospital Zona<strong> sum\u00f3 a una f\u00edsica<\/strong>. Funciona con un equipo que cuenta con<em> \u201cuna t\u00e9cnica en radioterapia, una m\u00e9dica y hay una f\u00edsica que viene de Jun\u00edn. Durante nuestra gesti\u00f3n se pudo hacer el contacto con esta profesional y a partir de ah\u00ed empez\u00f3 a funcionar mejor el equipo de cobalto\u201d<\/em> explic\u00f3 Saluzzi.<\/p>\n<p><img data-recalc-dims=\"1\" loading=\"lazy\" decoding=\"async\" class=\"size-full wp-image-129659 aligncenter\" src=\"https:\/\/i0.wp.com\/cdnoticias.com\/wp-content\/uploads\/2024\/11\/hospital-de-oncologia-00-martel-saluzzi.jpg?resize=800%2C450&#038;ssl=1\" alt=\"\" width=\"800\" height=\"450\" srcset=\"https:\/\/i0.wp.com\/cdnoticias.com\/wp-content\/uploads\/2024\/11\/hospital-de-oncologia-00-martel-saluzzi.jpg?w=1000&amp;ssl=1 1000w, https:\/\/i0.wp.com\/cdnoticias.com\/wp-content\/uploads\/2024\/11\/hospital-de-oncologia-00-martel-saluzzi.jpg?resize=300%2C169&amp;ssl=1 300w, https:\/\/i0.wp.com\/cdnoticias.com\/wp-content\/uploads\/2024\/11\/hospital-de-oncologia-00-martel-saluzzi.jpg?resize=768%2C432&amp;ssl=1 768w\" sizes=\"auto, (max-width: 800px) 100vw, 800px\" \/><\/p>\n<p>Adem\u00e1s, se sumaron otros profesionales desde el inicio de la gesti\u00f3n de la dupla directiva -en abril-, entre quienes se destac\u00f3 a una <strong>terapista ocupacional<\/strong> y un <strong>farmac\u00e9utico<\/strong>.<\/p>\n<p>Tambi\u00e9n se resalt\u00f3 la incorporaci\u00f3n de aparatolog\u00eda,<strong> \u201chemos realizado la licitaci\u00f3n de un micr\u00f3tomo, que es un instrumento que acelera mucho el diagn\u00f3stico de las biopsias\u201d<\/strong> cont\u00f3 Martel.<\/p>\n<p>En la sede de calle Rivadavia <strong>se coloca por estos d\u00edas la red para mejorar la conectividad<\/strong>, que adem\u00e1s habilitar\u00e1 <strong>implementar la historia cl\u00ednica digital<\/strong> que <em>\u201cnos va a permitir una conectividad m\u00e1s r\u00e1pida, va a permitir sacar turnos desde nuestro hogar, dar la posibilidad hacer videollamadas para consultas m\u00e9dicas, para el sistema de facturaci\u00f3n, para el recupero de costos hospitalario que siempre son escasos\u201d<\/em>.<\/p>\n<p><img data-recalc-dims=\"1\" loading=\"lazy\" decoding=\"async\" class=\"size-full wp-image-129662 aligncenter\" src=\"https:\/\/i0.wp.com\/cdnoticias.com\/wp-content\/uploads\/2024\/11\/hospital-de-oncologia-campana-02.jpg?resize=800%2C445&#038;ssl=1\" alt=\"\" width=\"800\" height=\"445\" srcset=\"https:\/\/i0.wp.com\/cdnoticias.com\/wp-content\/uploads\/2024\/11\/hospital-de-oncologia-campana-02.jpg?w=1000&amp;ssl=1 1000w, https:\/\/i0.wp.com\/cdnoticias.com\/wp-content\/uploads\/2024\/11\/hospital-de-oncologia-campana-02.jpg?resize=300%2C167&amp;ssl=1 300w, https:\/\/i0.wp.com\/cdnoticias.com\/wp-content\/uploads\/2024\/11\/hospital-de-oncologia-campana-02.jpg?resize=768%2C427&amp;ssl=1 768w, https:\/\/i0.wp.com\/cdnoticias.com\/wp-content\/uploads\/2024\/11\/hospital-de-oncologia-campana-02.jpg?resize=800%2C445&amp;ssl=1 800w\" sizes=\"auto, (max-width: 800px) 100vw, 800px\" \/><\/p>\n<p>En cuanto a lo edilicio, <strong>las tormentas de diciembre de 2023 hab\u00edan causado la destrucci\u00f3n de un pared\u00f3n lateral del predio y de techos del edificio. \u201cCon ayuda financiera de Provincia hemos terminado eso tambi\u00e9n<\/strong>\u201d expuso Martel. El director Saluzzi adelant\u00f3 que <strong>\u201cel pr\u00f3ximo proyecto en materia de construcci\u00f3n es adaptar la sala de aislamiento<\/strong>. Tenemos en internaci\u00f3n 9 camas que est\u00e1n conjuntas y hay una sala de aislamiento. Por el tipo de patolog\u00eda manejamos pacientes con neutropenia febril que necesitan estar aislados, as\u00ed que a esa sala la estamos acondicionando y ser\u00e1 un proyecto para los pr\u00f3ximos 6 meses. Tenemos el apoyo de la Provincia que nos va a dar presupuesto\u201d.<\/p>\n<p>En el cierre de la entrevista, Martel sostuvo que<strong> \u201cestamos satisfechos con todo lo que hemos hecho hasta ahora\u201d<\/strong> para puntualizar que \u201cel edificio mejor\u00f3 ostensiblemente. Siempre hay falencias, pero estamos bien\u201d.<strong> \u201cSiempre sentimos el apoyo de Provincia tambi\u00e9n, desde la Direcci\u00f3n de Hospitales siempre nos han dado su apoyo y a eso lo valoramos mucho\u201d<\/strong> defini\u00f3.<\/p>\n\n\n<p><\/p>\n","protected":false},"excerpt":{"rendered":"<p>Una emotiva ceremonia tuvo a pacientes y ex pacientes en el centro de salud provincial. El apoyo de vecinos para<\/p>\n","protected":false},"author":4,"featured_media":129660,"comment_status":"closed","ping_status":"closed","sticky":false,"template":"","format":"standard","meta":{"_jetpack_memberships_contains_paid_content":false,"footnotes":""},"categories":[5,1],"tags":[],"class_list":["post-129656","post","type-post","status-publish","format-standard","has-post-thumbnail","hentry","category-informacion-general","category-portada"],"jetpack_featured_media_url":"https:\/\/i0.wp.com\/cdnoticias.com\/wp-content\/uploads\/2024\/11\/hospital-de-oncologia-campana-00.jpg?fit=1000%2C563&ssl=1","jetpack_sharing_enabled":true,"_links":{"self":[{"href":"https:\/\/cdnoticias.com\/index.php\/wp-json\/wp\/v2\/posts\/129656","targetHints":{"allow":["GET"]}}],"collection":[{"href":"https:\/\/cdnoticias.com\/index.php\/wp-json\/wp\/v2\/posts"}],"about":[{"href":"https:\/\/cdnoticias.com\/index.php\/wp-json\/wp\/v2\/types\/post"}],"author":[{"embeddable":true,"href":"https:\/\/cdnoticias.com\/index.php\/wp-json\/wp\/v2\/users\/4"}],"replies":[{"embeddable":true,"href":"https:\/\/cdnoticias.com\/index.php\/wp-json\/wp\/v2\/comments?post=129656"}],"version-history":[{"count":0,"href":"https:\/\/cdnoticias.com\/index.php\/wp-json\/wp\/v2\/posts\/129656\/revisions"}],"wp:featuredmedia":[{"embeddable":true,"href":"https:\/\/cdnoticias.com\/index.php\/wp-json\/wp\/v2\/media\/129660"}],"wp:attachment":[{"href":"https:\/\/cdnoticias.com\/index.php\/wp-json\/wp\/v2\/media?parent=129656"}],"wp:term":[{"taxonomy":"category","embeddable":true,"href":"https:\/\/cdnoticias.com\/index.php\/wp-json\/wp\/v2\/categories?post=129656"},{"taxonomy":"post_tag","embeddable":true,"href":"https:\/\/cdnoticias.com\/index.php\/wp-json\/wp\/v2\/tags?post=129656"}],"curies":[{"name":"wp","href":"https:\/\/api.w.org\/{rel}","templated":true}]}}