{"id":129623,"date":"2024-11-05T07:58:30","date_gmt":"2024-11-05T10:58:30","guid":{"rendered":"https:\/\/cdnoticias.com\/?p=129623"},"modified":"2024-11-05T07:58:32","modified_gmt":"2024-11-05T10:58:32","slug":"eugenio-reinaldo-quinteros-el-negro-riglos-q-e-p-d","status":"publish","type":"post","link":"https:\/\/cdnoticias.com\/index.php\/2024\/11\/05\/eugenio-reinaldo-quinteros-el-negro-riglos-q-e-p-d\/","title":{"rendered":"Eugenio Reinaldo Quinteros  &#8220;El Negro Riglos&#8221; (Q.E.P.D.)"},"content":{"rendered":"<p>Falleci\u00f3 en Olavarr\u00eda el d\u00eda 5 de noviembre de 2024 a los 91 a\u00f1os de edad.<\/p>\n<p>Su esposa Juana Len. Sus hijos M\u00f3nica y Marcelo. Su hija pol\u00edtica: Sandra. Sus nietos. Sus nietos pol\u00edticos. Sus bisnietos. Su hermano. Sus sobrinos. Sus sobrinos pol\u00edticos; y dem\u00e1s deudos participan su fallecimiento.<\/p>\n<p>Velatorio: Departamento &#8220;A&#8221;, Sierras Bayas. Responso: Capilla Ardiente. Inhumaci\u00f3n: Cementerio de Sierras Bayas, martes 5 de noviembre de 2024- 15 hs. Servicio adherido a Coopelectric.<\/p>\n<p>Vecino de Sierras Bayas.<\/p>\n<p>Nacido en Tapalqu\u00e9.<\/p>\n<p>Actividad que desarrollaba: Jubilado de Dieterle Explosivos.<\/p>\n","protected":false},"excerpt":{"rendered":"<p>Falleci\u00f3 en Olavarr\u00eda el d\u00eda 5 de noviembre de 2024 a los 91 a\u00f1os de edad. Su esposa Juana Len.<\/p>\n","protected":false},"author":4,"featured_media":51544,"comment_status":"closed","ping_status":"closed","sticky":false,"template":"","format":"standard","meta":{"_jetpack_memberships_contains_paid_content":false,"footnotes":""},"categories":[10],"tags":[],"class_list":["post-129623","post","type-post","status-publish","format-standard","has-post-thumbnail","hentry","category-necrologicas"],"jetpack_featured_media_url":"https:\/\/i0.wp.com\/cdnoticias.com\/wp-content\/uploads\/2022\/04\/necrologicas-390-x-240.jpg?fit=390%2C240&ssl=1","jetpack_sharing_enabled":true,"_links":{"self":[{"href":"https:\/\/cdnoticias.com\/index.php\/wp-json\/wp\/v2\/posts\/129623","targetHints":{"allow":["GET"]}}],"collection":[{"href":"https:\/\/cdnoticias.com\/index.php\/wp-json\/wp\/v2\/posts"}],"about":[{"href":"https:\/\/cdnoticias.com\/index.php\/wp-json\/wp\/v2\/types\/post"}],"author":[{"embeddable":true,"href":"https:\/\/cdnoticias.com\/index.php\/wp-json\/wp\/v2\/users\/4"}],"replies":[{"embeddable":true,"href":"https:\/\/cdnoticias.com\/index.php\/wp-json\/wp\/v2\/comments?post=129623"}],"version-history":[{"count":0,"href":"https:\/\/cdnoticias.com\/index.php\/wp-json\/wp\/v2\/posts\/129623\/revisions"}],"wp:featuredmedia":[{"embeddable":true,"href":"https:\/\/cdnoticias.com\/index.php\/wp-json\/wp\/v2\/media\/51544"}],"wp:attachment":[{"href":"https:\/\/cdnoticias.com\/index.php\/wp-json\/wp\/v2\/media?parent=129623"}],"wp:term":[{"taxonomy":"category","embeddable":true,"href":"https:\/\/cdnoticias.com\/index.php\/wp-json\/wp\/v2\/categories?post=129623"},{"taxonomy":"post_tag","embeddable":true,"href":"https:\/\/cdnoticias.com\/index.php\/wp-json\/wp\/v2\/tags?post=129623"}],"curies":[{"name":"wp","href":"https:\/\/api.w.org\/{rel}","templated":true}]}}