{"id":129594,"date":"2024-11-06T08:32:08","date_gmt":"2024-11-06T11:32:08","guid":{"rendered":"https:\/\/cdnoticias.com\/?p=129594"},"modified":"2024-11-06T10:25:45","modified_gmt":"2024-11-06T13:25:45","slug":"este-jueves-comienza-la-feria-y-festival-del-libro-el-cronograma-completo","status":"publish","type":"post","link":"https:\/\/cdnoticias.com\/index.php\/2024\/11\/06\/este-jueves-comienza-la-feria-y-festival-del-libro-el-cronograma-completo\/","title":{"rendered":"Este jueves comienza la Feria y Festival del Libro: el cronograma completo"},"content":{"rendered":"\n<p>La propuesta conjunta tendr\u00e1 como punto de encuentro el Centro Cultural San Jos\u00e9. Talleres, charlas y variedad de actividades.<\/p>\n\n\n\n<hr class=\"wp-block-separator has-alpha-channel-opacity\"\/>\n\n\n\n<p>El Municipio de Olavarr\u00eda inform\u00f3 el cronograma de actividades y presentaciones enmarcadas en la <strong>28\u00b0 Feria Libros en Olavarr\u00eda y 3\u00b0 Festival del Libro<\/strong>, la propuesta organizada en conjunto con el Instituto Cultural del Gobierno de la Provincia de Buenos Aires y que durante el pr\u00f3ximo fin de semana tendr\u00e1 como punto de encuentro el <strong>Centro Cultural Municipal San Jos\u00e9.<\/strong><\/p>\n\n\n\n<p><\/p>\n\n\n\n<p>La invitaci\u00f3n es <strong>abierta a toda la comunidad<\/strong>, para disfrutar en familia y\/o con amigos de un programa de actividades para todos los gustos y edades, que se prolongar\u00e1n <strong>desde la ma\u00f1ana del pr\u00f3ximo jueves 7 de noviembre hasta la noche del domingo 10, <\/strong>con shows musicales en vivo, talleres interactivos y charlas con escritores for\u00e1neos y locales.<\/p>\n\n\n\n<p><\/p>\n\n\n\n<p>El evento contar\u00e1 con las presentaciones de los reconocidos escritores de la talla de<strong> REP (Miguel Repiso), Alejandro Apo, Fabi\u00e1n Casas y Tamara Grosso. <\/strong>A la par, desde la Subsecretar\u00eda de Cultura se realiz\u00f3 durante las \u00faltimas semanas una convocatoria a <strong>escritores y escritoras locales<\/strong> para que sean parte del evento. Es por ello que la propuesta contar\u00e1 tambi\u00e9n con numerosos exponentes de la cultura local, no solo desde la literatura, sino que tambi\u00e9n desde la m\u00fasica que enriquecer\u00e1n cada uno de los d\u00edas de la Feria y Festival del Libro.<\/p>\n\n\n\n<p><\/p>\n\n\n\n<p>Adem\u00e1s, durante las cuatro jornadas se contar\u00e1 con un<strong> sector tem\u00e1tico de Cultura Pop<\/strong>, donde podr\u00e1 hallarse c\u00f3mics, manga, anim\u00e9, productos de pelis y series, fanzines, exhibici\u00f3n de ilustraciones, vestimentas y props de tus personajes favoritos. A la par, tambi\u00e9n se brindar\u00e1n <strong>juegos y actividades recreativas para ni\u00f1os y ni\u00f1as, de manera continua<\/strong>, tanto en el patio como en las distintas salas del Centro Cultural Municipal San Jos\u00e9.<\/p>\n\n\n\n<p><\/p>\n\n\n\n<div class=\"wp-block-jetpack-slideshow aligncenter\" data-effect=\"slide\"><div class=\"wp-block-jetpack-slideshow_container swiper-container\"><ul class=\"wp-block-jetpack-slideshow_swiper-wrapper swiper-wrapper\"><li class=\"wp-block-jetpack-slideshow_slide swiper-slide\"><figure><img data-recalc-dims=\"1\" loading=\"lazy\" decoding=\"async\" width=\"800\" height=\"445\" alt=\"\" class=\"wp-block-jetpack-slideshow_image wp-image-129597\" data-id=\"129597\" src=\"https:\/\/i0.wp.com\/cdnoticias.com\/wp-content\/uploads\/2024\/11\/feria-festival-03.jpg?resize=800%2C445&#038;ssl=1\" srcset=\"https:\/\/i0.wp.com\/cdnoticias.com\/wp-content\/uploads\/2024\/11\/feria-festival-03.jpg?w=800&amp;ssl=1 800w, https:\/\/i0.wp.com\/cdnoticias.com\/wp-content\/uploads\/2024\/11\/feria-festival-03.jpg?resize=300%2C167&amp;ssl=1 300w, https:\/\/i0.wp.com\/cdnoticias.com\/wp-content\/uploads\/2024\/11\/feria-festival-03.jpg?resize=768%2C427&amp;ssl=1 768w\" sizes=\"(max-width: 800px) 100vw, 800px\" \/><\/figure><\/li><li class=\"wp-block-jetpack-slideshow_slide swiper-slide\"><figure><img data-recalc-dims=\"1\" loading=\"lazy\" decoding=\"async\" width=\"800\" height=\"445\" alt=\"\" class=\"wp-block-jetpack-slideshow_image wp-image-129596\" data-id=\"129596\" src=\"https:\/\/i0.wp.com\/cdnoticias.com\/wp-content\/uploads\/2024\/11\/feria-festival-02.jpg?resize=800%2C445&#038;ssl=1\" srcset=\"https:\/\/i0.wp.com\/cdnoticias.com\/wp-content\/uploads\/2024\/11\/feria-festival-02.jpg?w=800&amp;ssl=1 800w, https:\/\/i0.wp.com\/cdnoticias.com\/wp-content\/uploads\/2024\/11\/feria-festival-02.jpg?resize=300%2C167&amp;ssl=1 300w, https:\/\/i0.wp.com\/cdnoticias.com\/wp-content\/uploads\/2024\/11\/feria-festival-02.jpg?resize=768%2C427&amp;ssl=1 768w\" sizes=\"(max-width: 800px) 100vw, 800px\" \/><\/figure><\/li><li class=\"wp-block-jetpack-slideshow_slide swiper-slide\"><figure><img data-recalc-dims=\"1\" loading=\"lazy\" decoding=\"async\" width=\"800\" height=\"445\" alt=\"\" class=\"wp-block-jetpack-slideshow_image wp-image-129598\" data-id=\"129598\" src=\"https:\/\/i0.wp.com\/cdnoticias.com\/wp-content\/uploads\/2024\/11\/feria-festival-04.jpg?resize=800%2C445&#038;ssl=1\" srcset=\"https:\/\/i0.wp.com\/cdnoticias.com\/wp-content\/uploads\/2024\/11\/feria-festival-04.jpg?w=800&amp;ssl=1 800w, https:\/\/i0.wp.com\/cdnoticias.com\/wp-content\/uploads\/2024\/11\/feria-festival-04.jpg?resize=300%2C167&amp;ssl=1 300w, https:\/\/i0.wp.com\/cdnoticias.com\/wp-content\/uploads\/2024\/11\/feria-festival-04.jpg?resize=768%2C427&amp;ssl=1 768w\" sizes=\"(max-width: 800px) 100vw, 800px\" \/><\/figure><\/li><li class=\"wp-block-jetpack-slideshow_slide swiper-slide\"><figure><img data-recalc-dims=\"1\" loading=\"lazy\" decoding=\"async\" width=\"800\" height=\"445\" alt=\"\" class=\"wp-block-jetpack-slideshow_image wp-image-129599\" data-id=\"129599\" src=\"https:\/\/i0.wp.com\/cdnoticias.com\/wp-content\/uploads\/2024\/11\/feria-festival-05.jpg?resize=800%2C445&#038;ssl=1\" srcset=\"https:\/\/i0.wp.com\/cdnoticias.com\/wp-content\/uploads\/2024\/11\/feria-festival-05.jpg?w=800&amp;ssl=1 800w, https:\/\/i0.wp.com\/cdnoticias.com\/wp-content\/uploads\/2024\/11\/feria-festival-05.jpg?resize=300%2C167&amp;ssl=1 300w, https:\/\/i0.wp.com\/cdnoticias.com\/wp-content\/uploads\/2024\/11\/feria-festival-05.jpg?resize=768%2C427&amp;ssl=1 768w\" sizes=\"(max-width: 800px) 100vw, 800px\" \/><\/figure><\/li><\/ul><a class=\"wp-block-jetpack-slideshow_button-prev swiper-button-prev swiper-button-white\" role=\"button\"><\/a><a class=\"wp-block-jetpack-slideshow_button-next swiper-button-next swiper-button-white\" role=\"button\"><\/a><a aria-label=\"Pause Slideshow\" class=\"wp-block-jetpack-slideshow_button-pause\" role=\"button\"><\/a><div class=\"wp-block-jetpack-slideshow_pagination swiper-pagination swiper-pagination-white\"><\/div><\/div><\/div>\n\n\n\n<p><strong>Cronograma<\/strong><\/p>\n\n\n\n<p><strong>Jueves 7\/11<br><\/strong><\/p>\n\n\n\n<p>9hs Charla para Escuelas Primarias, \u00abEl Bioparque y la conservaci\u00f3n de los ecosistemas y especies aut\u00f3ctonas\u00bb por Bioparque \u00abLa M\u00e1xima\u00bb, en Auditorio<br>9hs Show de T\u00edteres \u00abEl Principito\u00bb, por Biblioteca Coty Laborde, en Sala 5<br>10hs Taller de Compostaje, por Coordinaci\u00f3n de Ambiente del Municipio de Olavarr\u00eda, en Carpa<br>10hs Taller para Escuelas Primarias \u00abLos dinosaurios de mi patio\u00bb, por Generaci\u00f3n Semilla, en Auditorio<br>11hs Taller para Escuelas Secundarias \u00abLos Emiliozzi, de la historia a la leyenda\u00bb, en Auditorio<br>14hs Taller para Escuelas Primarias \u00abBicheada del escuadr\u00f3n zoo\u00bb por Generaci\u00f3n Semilla, en Auditorio<br>14hs Taller \u00abUso del celular\u00bb por Biblioteca Collinet, en Sala 5<br>15hs Charla para Escuelas Primarias \u00abEl Bioparque y la conservaci\u00f3n de los ecosistemas y especies aut\u00f3ctonas\u00bb, por Bioparque \u00abLa M\u00e1xima\u00bb, en Auditorio<br>15hs Taller de Ajedrez por Biblioteca 1ro de Mayo, en Sala 5<br>15hs Taller para Bibliotecarios\/as por Ministerio de Educaci\u00f3n PBA, en Carpa<br>16hs Taller para Escuelas Secundarias \u00abLos Emiliozzi, de la historia a la leyenda\u00bb, en Auditorio<br>16hs Actividad para Escuelas Primarias Narraciones por Ministerio de Educaci\u00f3n PBA, en Carpa<br>16hs Taller de Ajedrez por Biblioteca 1ro de Mayo, en Sala 5<br>16 a 19 hs Actividad contin\u00faa Taller de Origami por Origami Olavarr\u00eda, en Patio<br>17hs Presentaci\u00f3n del libro de cuentos de Francisco Javier Melo \u00abHistoria de Animales\u00bb, en Carpa<br>17hs Taller de Ajedrez, por Biblioteca 1ro de Mayo, en Sala 5<br>18hs Apertura oficial, en el Patio<br>18hs Taller de Caligraf\u00eda, por Biblioteca Collinet, en Sala 5<br>19hs Charla REP, \u00abMessi: nacido extraterrestre\u201d, en Auditorio<\/p>\n\n\n\n<p><strong>Viernes 8\/11<\/strong><\/p>\n\n\n\n<p><strong><br><\/strong>9hs Taller de dibujo para Escuelas Primarias \u00abDibujando\u00bb por Diego Sequeira, en Auditorio<br>10hs Actividad para Escuelas Secundarias Taller \u00abMicrorrelatos\u00bb por Guillermo Del Zotto, Auditorio<br>10hs Actividad para Escuelas Secundarias Narraciones por Ministerio de Educaci\u00f3n PBA, en Carpa<br>10 a 12hs Actividades art\u00edsticas L\u00e1minas para pintar, por Biblioteca Popular de Sierras Bayas, en Sala 5<br>11hs Actividad para Escuelas Secundarias Exhibici\u00f3n de Freestyle, por Manu y Kress, Auditorio<br>14hs Taller de Lengua de se\u00f1as, por Biblioteca Popular Ferroviaria, en Sala 5<br>14hs Taller de dibujo para Escuelas Primarias, \u00abDibujando\u00bb por Diego Sequeira, en Auditorio<br>14 a 16 hs Taller de Escritura creativa por Biblioteca Colonia San Miguel, en Sala 5<br>15hs Taller \u00abDise\u00f1o y realizaci\u00f3n de fanzine\u201d por Estudio Mafia, en Auditorio<br>15hs Presentaci\u00f3n del libro de Monserrat Gamboa \u00abEmigrar hacia adentro\u201d, en carpa<br>15hs Taller de Lengua de se\u00f1as por Biblioteca Popular Ferroviaria, en Sala 5<br>16hs Actividad para Escuelas Secundarias Exhibici\u00f3n de Freestyle por Manu y Kress, en auditorio<br>16hs Presentaci\u00f3n de libro de Gabriela Celasco \u00abReinventarnos, una de las maneras de poder establecer cambios en nuestra vida\u00bb, en Carpa<br>17hs Taller \u00abLetra de canciones\u00bb por Guillermo Del Zotto, en Auditorio<br>17hs Presentaci\u00f3n del libro de Federico Striebeck \u00abInsatisfaccion\u00bb, en Carpa<br>18hs Charla de Leo Yunger \u00abLibros y futbol, entre la ficci\u00f3n y la realidad\u00bb, en Auditorio<br>18hs Taller de narraci\u00f3n oral por Biblioteca Collinet, Sala 5<br>18hs Ronda de Poes\u00edas | Juego de Cartas | Producci\u00f3n Literaria, Tu me quieres Alfonsina\u00bb actividad por alumnas del Taller Literario Municipal, en Carpa<br>19hs Charla Alejandro Apo, \u00abPoes\u00eda en el barrio y el f\u00fatbol en el alma\u00bb, en Auditori<br>20hs Cierre musical en vivo, Presentaci\u00f3n de Agus Pellendier, en Patio<\/p>\n\n\n\n<p><strong>S\u00e1bado 9\/11<\/strong><\/p>\n\n\n\n<p><strong><br><\/strong>15hs Workshop infantil \u00abMi primer C\u00f3mic\u00bb por Estudio Mafia, en Sala 4<br>15hs Suelta de poemas, a cargo de Taller Literario Municipal, en Patio<br>16hs Seminario de actuaci\u00f3n: \u00abPalabras menos\u00bb por Enrique Federman, en Auditorio<br>16hs Presentaci\u00f3n de libro de Patricia Solle \u00abMi madre es un poema\u00bb, en Carpa<br>16 a 19hs Actividad permanente por Origami Olavarr\u00eda, Taller de origami, en el Patio<br>16 a 19hs Actividad recreativa \u00abTangram\u00bb por Museo de Ciencias Rita Toniutti, en Sala 4<br>17hs Show de Magia con el Mago Eddy, en el Patio<br>17hs Presentaci\u00f3n de libro de Editorial Del Altillo, \u00abEste no es Jos\u00e9 Sbarra\u00bb por Claudia Carrizo \u2013 Guillermo Del Zotto \u2013 Mirna Rey, en Auditorio<br>17hs Charla por Fil\u00f3sofas del Sur \u00abDial\u00f3gicas de la alteridad\u00bb, en Carpa<br>18hs Presentaci\u00f3n del libro de Amelia Gallastegui \u00abRichard Rorty, Enrique Dussel, Ernesto Laclau. Di\u00e1logos sobre pol\u00edtica contempor\u00e1nea\u00bb, en Auditorio<br>18hs Presentaci\u00f3n de Antolog\u00edas del Taller Literario Municipal \u00abAlfonsina\u00bb, en Carpa<br>18hs Recital de Poes\u00eda por Guillermo Del Zotto y Martin Estevez, en Patio<br>18.30hs Actividad recreativa Posta Cultural por Biblioteca Independencia, en Sala 5<br>19hs Charla Fabi\u00e1n Casas \u00abUna tarde con Fabi\u00e1n Casas\u00bb, Conversaci\u00f3n y lectura de poemas, en Auditorio<br>19hs Orientado a adultos Taller de Arte y Poes\u00eda por \u00abAgasajo\u201d, en Carpa<br>20hs Cierre musical en vivo Bruno y Camila Fitte, en Patio<\/p>\n\n\n\n<p><br><strong>Domingo 10\/11<\/strong><\/p>\n\n\n\n<p><strong><br><\/strong>15hs Taller Terap\u00e9utico \u00abInteligencia emocional para la vida\u00bb por Biblioteca Crucero Belgrano, en Sala 5<br>15hs Lectura de Poemas \u00abNo suma cero\u00bb de Niyen Pibuel \u00abPoemas de ensue\u00f1o\u00bb de Roc\u00edo Bertolli, en Auditorio<br>16hs Presentaci\u00f3n de libro de Lucas Moyano \u00abCiberdelitos: C\u00f3mo investigar en entornos digitales\u00bb, en Auditorio<br>16hs Presentaci\u00f3n de libro de Claudia Sosa Arqueolog\u00eda de un saber artesanal, en Carpa<br>16 a 19hs Actividad recreativa \u201cLoco Lope\u00bb por el Museo de Ciencias Rita Toniutti, Sala 4<br>17hs Presentaci\u00f3n de libro de Patricia Timo \u00abJuan, el inmortal\u00bb, en Auditorio<br>17hs Actividad recreativa con juegos de mesa por Biblioteca 1ro de Mayo, en Sala 5<br>18hs Presentaci\u00f3n de libro de Joaqu\u00edn Crespo \u00abEl recuerdo que nos une\u00bb, en Auditorio<br>18hs \u00abBurbujeando\u00bb Show infantil por Caty Weslate, en Patio<br>18hs Presentaci\u00f3n del libro de Juan Pablo Go\u00f1i Capurro \u00abTreinta secretos de la historia universal\u00bb, en Carpa<br>18hs Ronda de Cuentos por Biblioteca Del otro lado del \u00c1rbol, en Sala 5<br>19hs \u00abTITIRICuentos\u00bb Show infantil por Caty Weslate, en Sala 4<br>19hs Charla Tamara Grosso \u00abPoes\u00edas y tarot: otros puntos de partida\u00bb, en Auditorio<\/p>\n","protected":false},"excerpt":{"rendered":"<p>La propuesta conjunta tendr\u00e1 como punto de encuentro el Centro Cultural San Jos\u00e9. Talleres, charlas y variedad de actividades. El<\/p>\n","protected":false},"author":2,"featured_media":129595,"comment_status":"closed","ping_status":"closed","sticky":false,"template":"","format":"standard","meta":{"_jetpack_memberships_contains_paid_content":false,"footnotes":""},"categories":[9,1],"tags":[],"class_list":["post-129594","post","type-post","status-publish","format-standard","has-post-thumbnail","hentry","category-cultura","category-portada"],"jetpack_featured_media_url":"https:\/\/i0.wp.com\/cdnoticias.com\/wp-content\/uploads\/2024\/11\/feria-festival-01.jpg?fit=800%2C445&ssl=1","jetpack_sharing_enabled":true,"_links":{"self":[{"href":"https:\/\/cdnoticias.com\/index.php\/wp-json\/wp\/v2\/posts\/129594","targetHints":{"allow":["GET"]}}],"collection":[{"href":"https:\/\/cdnoticias.com\/index.php\/wp-json\/wp\/v2\/posts"}],"about":[{"href":"https:\/\/cdnoticias.com\/index.php\/wp-json\/wp\/v2\/types\/post"}],"author":[{"embeddable":true,"href":"https:\/\/cdnoticias.com\/index.php\/wp-json\/wp\/v2\/users\/2"}],"replies":[{"embeddable":true,"href":"https:\/\/cdnoticias.com\/index.php\/wp-json\/wp\/v2\/comments?post=129594"}],"version-history":[{"count":0,"href":"https:\/\/cdnoticias.com\/index.php\/wp-json\/wp\/v2\/posts\/129594\/revisions"}],"wp:featuredmedia":[{"embeddable":true,"href":"https:\/\/cdnoticias.com\/index.php\/wp-json\/wp\/v2\/media\/129595"}],"wp:attachment":[{"href":"https:\/\/cdnoticias.com\/index.php\/wp-json\/wp\/v2\/media?parent=129594"}],"wp:term":[{"taxonomy":"category","embeddable":true,"href":"https:\/\/cdnoticias.com\/index.php\/wp-json\/wp\/v2\/categories?post=129594"},{"taxonomy":"post_tag","embeddable":true,"href":"https:\/\/cdnoticias.com\/index.php\/wp-json\/wp\/v2\/tags?post=129594"}],"curies":[{"name":"wp","href":"https:\/\/api.w.org\/{rel}","templated":true}]}}