{"id":129564,"date":"2024-11-04T11:57:29","date_gmt":"2024-11-04T14:57:29","guid":{"rendered":"https:\/\/cdnoticias.com\/?p=129564"},"modified":"2024-11-04T16:11:31","modified_gmt":"2024-11-04T19:11:31","slug":"kicillof-busca-que-los-intendentes-firmen-un-petitorio-contra-milei-por-obras-paralizadas","status":"publish","type":"post","link":"https:\/\/cdnoticias.com\/index.php\/2024\/11\/04\/kicillof-busca-que-los-intendentes-firmen-un-petitorio-contra-milei-por-obras-paralizadas\/","title":{"rendered":"Kicillof busca que los intendentes firmen un petitorio contra Milei por obras paralizadas"},"content":{"rendered":"\n<p>Dijo que la situaci\u00f3n -con cientos de obras p\u00fablicas de Naci\u00f3n sin avances- es \u201cun crimen social\u201d. Bianco, por su parte, carg\u00f3 contra el Pro.<\/p>\n\n\n\n<hr class=\"wp-block-separator aligncenter has-alpha-channel-opacity\"\/>\n\n\n\n<p><strong>El gobernador Axel Kicillof convoc\u00f3 este lunes a Intendentes de diferentes espacios pol\u00edticos para firmar un reclamo conjunto exigiendo la reactivaci\u00f3n de obras en la provincia de Buenos Aires, paralizadas debido a las pol\u00edticas de ajuste implementadas por el gobierno de Javier Milei.<\/strong> El mandatario bonaerense consider\u00f3 este freno \u201cun crimen social\u201d y sum\u00f3 al ministro de Gobierno, Carlos Bianco, en el llamado a unir fuerzas para enfrentar la situaci\u00f3n.<\/p>\n\n\n\n<p>La solicitud de Kicillof surgi\u00f3 luego de que<strong> diputados provinciales del PRO pidieran al gobernador intervenir en la construcci\u00f3n de una autopista sobre la Ruta Nacional N\u00b05, una de las m\u00e1s peligrosas del pa\u00eds. <\/strong><em>\u201cNuestra oposici\u00f3n me pide que insista y me parece bien que se pliegue al reclamo\u201d,<\/em> afirm\u00f3 Kicillof, quien agreg\u00f3 que invitar\u00e1 a todos los intendentes a acompa\u00f1ar el pedido.<\/p>\n\n\n\n<p>En un mensaje difundido en redes sociales, remarc\u00f3 que <strong>la falta de inversi\u00f3n en infraestructura incrementa el deterioro y los riesgos de las rutas, comprometiendo la seguridad y el desarrollo social en la provincia.<\/strong> <em>\u201cEl pa\u00eds sin obras pierde derechos y oportunidades, pierde futuro\u201d,<\/em> escribi\u00f3 el gobernador.<\/p>\n\n\n\n<p>El reclamo de Kicillof se produjo despu\u00e9s de<strong> un tr\u00e1gico accidente en Carmen de Areco, donde un choque entre un cami\u00f3n cisterna y una combi que transportaba polic\u00edas dej\u00f3 cuatro muertos y 19 heridos en la intersecci\u00f3n de la Ruta Nacional 7 y la Ruta Provincial 51<\/strong>, lo que puso nuevamente en evidencia la necesidad de obras de infraestructura para mejorar la seguridad vial.<\/p>\n\n\n\n<figure class=\"wp-block-embed is-type-rich is-provider-twitter wp-block-embed-twitter\"><div class=\"wp-block-embed__wrapper\">\n<blockquote class=\"twitter-tweet\" data-width=\"550\" data-dnt=\"true\"><p lang=\"es\" dir=\"ltr\">Frenar la obra p\u00fablica es un crimen social. <br><br>Uno de los \u00e9xitos imaginarios que m\u00e1s le gusta festejar a Milei es el supuesto &quot;equilibrio fiscal&quot; alcanzado. Ese &quot;equilibrio&quot; se logr\u00f3 sobre la base de un desastre social: recorte de las jubilaciones, menor inversi\u00f3n en salud y\u2026 <a href=\"https:\/\/t.co\/Bo0r0ajpEg\">pic.twitter.com\/Bo0r0ajpEg<\/a><\/p>&mdash; Axel Kicillof (@Kicillofok) <a href=\"https:\/\/twitter.com\/Kicillofok\/status\/1853391415327248403?ref_src=twsrc%5Etfw\">November 4, 2024<\/a><\/blockquote><script async src=\"https:\/\/platform.twitter.com\/widgets.js\" charset=\"utf-8\"><\/script>\n<\/div><\/figure>\n\n\n\n<p><strong>Bianco tambi\u00e9n sum\u00f3 cr\u00edticas al pedido de los legisladores del PRO, calific\u00e1ndolo de \u201coportunista\u201d y cuestionando la falta de presi\u00f3n directa al gobierno nacional. <\/strong>\u201cLa pol\u00edtica de obra p\u00fablica cero a veces se paga con la vida. En vez de hacer papelones en los medios, los invitamos a que reclamen directamente a Milei\u201d, afirm\u00f3 Bianco en conferencia de prensa, se\u00f1alando la cercan\u00eda de algunos legisladores con el expresidente Mauricio Macri, a quien mencion\u00f3 como parte de la relaci\u00f3n directa con el actual gobierno.<\/p>\n\n\n\n<figure class=\"wp-block-image size-full\"><img data-recalc-dims=\"1\" loading=\"lazy\" decoding=\"async\" width=\"800\" height=\"534\" src=\"https:\/\/i0.wp.com\/cdnoticias.com\/wp-content\/uploads\/2024\/10\/carlos-bianco-02.jpg?resize=800%2C534&#038;ssl=1\" alt=\"\" class=\"wp-image-129028\" srcset=\"https:\/\/i0.wp.com\/cdnoticias.com\/wp-content\/uploads\/2024\/10\/carlos-bianco-02.jpg?w=1000&amp;ssl=1 1000w, https:\/\/i0.wp.com\/cdnoticias.com\/wp-content\/uploads\/2024\/10\/carlos-bianco-02.jpg?resize=300%2C200&amp;ssl=1 300w, https:\/\/i0.wp.com\/cdnoticias.com\/wp-content\/uploads\/2024\/10\/carlos-bianco-02.jpg?resize=768%2C512&amp;ssl=1 768w, https:\/\/i0.wp.com\/cdnoticias.com\/wp-content\/uploads\/2024\/10\/carlos-bianco-02.jpg?resize=272%2C182&amp;ssl=1 272w\" sizes=\"auto, (max-width: 800px) 100vw, 800px\" \/><\/figure>\n\n\n\n<p><strong>El mensaje del ministro acompa\u00f1\u00f3 un pronunciamiento de Kicillof, que en un escrito titulado <em>\u201cfrenar la obra p\u00fablica es un crimen social\u201d<\/em><\/strong>, critic\u00f3 con dureza la pol\u00edtica de ajuste impulsada por Milei. El gobernador afirm\u00f3 que el equilibrio fiscal que proclama el presidente se sostiene sobre un \u201cdesastre social\u201d, con recortes que afectan jubilaciones, inversi\u00f3n en salud, educaci\u00f3n y fondos provinciales destinados a transporte, seguridad y obras p\u00fablicas. <em><strong>\u201cEs decir, equilibrio fiscal a costa de m\u00e1s desequilibrio social, m\u00e1s desigualdad, m\u00e1s dolor\u201d<\/strong><\/em>, sostuvo Kicillof.<\/p>\n\n\n\n<p>El gobernador denunci\u00f3 que<strong> Milei suspendi\u00f3 unas 1.000 obras p\u00fablicas en territorio bonaerense, varias de ellas con un alto grado de avance.<\/strong> Kicillof subray\u00f3 que, en un contexto de profundas desigualdades y d\u00e9ficits estructurales, la obra p\u00fablica es una herramienta crucial para el desarrollo.<em> \u201cPor ning\u00fan motivo vamos a interrumpir ese plan, pero el ahogo financiero al que nos somete Milei y el desquicio econ\u00f3mico que causan sus pol\u00edticas dificultan cada vez m\u00e1s el mantenimiento de los proyectos previstos\u201d,<\/em> expres\u00f3, calificando a las pol\u00edticas neoliberales como un obst\u00e1culo para el desarrollo.<\/p>\n\n\n\n<p>Finalmente,<strong> Kicillof record\u00f3 que, desde el inicio de la gesti\u00f3n de Milei, su gobierno ha reclamado junto a intendentes y dirigentes la reactivaci\u00f3n de las obras, y que incluso pidi\u00f3 la inclusi\u00f3n de este tema en el llamado \u201cPacto de Mayo\u201d del que no formaron parte.<\/strong><\/p>\n","protected":false},"excerpt":{"rendered":"<p>Dijo que la situaci\u00f3n -con cientos de obras p\u00fablicas de Naci\u00f3n sin avances- es \u201cun crimen social\u201d. Bianco, por su<\/p>\n","protected":false},"author":2,"featured_media":104751,"comment_status":"closed","ping_status":"closed","sticky":false,"template":"","format":"standard","meta":{"_jetpack_memberships_contains_paid_content":false,"footnotes":""},"categories":[6,1],"tags":[],"class_list":["post-129564","post","type-post","status-publish","format-standard","has-post-thumbnail","hentry","category-nacionales","category-portada"],"jetpack_featured_media_url":"https:\/\/i0.wp.com\/cdnoticias.com\/wp-content\/uploads\/2023\/12\/obra-facultad-de-salud3-scaled.jpg?fit=2560%2C1440&ssl=1","jetpack_sharing_enabled":true,"_links":{"self":[{"href":"https:\/\/cdnoticias.com\/index.php\/wp-json\/wp\/v2\/posts\/129564","targetHints":{"allow":["GET"]}}],"collection":[{"href":"https:\/\/cdnoticias.com\/index.php\/wp-json\/wp\/v2\/posts"}],"about":[{"href":"https:\/\/cdnoticias.com\/index.php\/wp-json\/wp\/v2\/types\/post"}],"author":[{"embeddable":true,"href":"https:\/\/cdnoticias.com\/index.php\/wp-json\/wp\/v2\/users\/2"}],"replies":[{"embeddable":true,"href":"https:\/\/cdnoticias.com\/index.php\/wp-json\/wp\/v2\/comments?post=129564"}],"version-history":[{"count":0,"href":"https:\/\/cdnoticias.com\/index.php\/wp-json\/wp\/v2\/posts\/129564\/revisions"}],"wp:featuredmedia":[{"embeddable":true,"href":"https:\/\/cdnoticias.com\/index.php\/wp-json\/wp\/v2\/media\/104751"}],"wp:attachment":[{"href":"https:\/\/cdnoticias.com\/index.php\/wp-json\/wp\/v2\/media?parent=129564"}],"wp:term":[{"taxonomy":"category","embeddable":true,"href":"https:\/\/cdnoticias.com\/index.php\/wp-json\/wp\/v2\/categories?post=129564"},{"taxonomy":"post_tag","embeddable":true,"href":"https:\/\/cdnoticias.com\/index.php\/wp-json\/wp\/v2\/tags?post=129564"}],"curies":[{"name":"wp","href":"https:\/\/api.w.org\/{rel}","templated":true}]}}