{"id":129562,"date":"2024-11-04T11:16:01","date_gmt":"2024-11-04T14:16:01","guid":{"rendered":"https:\/\/cdnoticias.com\/?p=129562"},"modified":"2024-11-04T14:31:21","modified_gmt":"2024-11-04T17:31:21","slug":"se-restablecio-el-servicio-electrico-en-amplios-sectores-urbanos-y-rurales","status":"publish","type":"post","link":"https:\/\/cdnoticias.com\/index.php\/2024\/11\/04\/se-restablecio-el-servicio-electrico-en-amplios-sectores-urbanos-y-rurales\/","title":{"rendered":"Se restableci\u00f3 el servicio el\u00e9ctrico en amplios sectores urbanos y rurales"},"content":{"rendered":"<p>Coopelectric, en tanto, cort\u00f3 el suministro de la l\u00ednea de Media Tensi\u00f3n N\u00b0 4 para llevar a cabo una reparaci\u00f3n: est\u00e1 afectada Loma Negra y alrededores.<!--more--><\/p>\n<hr \/>\n<p><strong>Coopelectric<\/strong> inform\u00f3 que <strong>se ha normalizado el servicio de las L\u00edneas de Media Tensi\u00f3n N\u00b0 1 y 3<\/strong>.<\/p>\n<p><a href=\"https:\/\/cdnoticias.com\/index.php\/2024\/11\/04\/por-el-temporal-hay-barrios-zona-industriales-y-localidades-sin-luz\/\" target=\"_blank\" rel=\"noopener\">Tal como se detall\u00f3<\/a>, la <strong>L\u00ednea N\u00ba 1<\/strong> incluye a los <em>barrios Carlos Pellegrini, C.E.C.O. II, UOCRA, Jard\u00edn, San Carlos, UTA, SCAC, UOCRA II, parte del barrio Hip\u00f3lito Yrigoyen y los Parques Industriales I, II y V<\/em>. La <strong>L\u00ednea N\u00ba 3<\/strong> abarca <em>barrio Trabajadores, sistemas rurales de Pourtal\u00e9, Blanca Grande, Ruta 60 y la zona donde se ubican varios pozos de extracci\u00f3n<\/em> del Servicio Sanitario. Esos sectores son los que recuperaron el suministro de electricidad.<\/p>\n<blockquote><p>Se indic\u00f3 adem\u00e1s que para poder llevar a cabo una reparaci\u00f3n se debi\u00f3 interrumpir el suministro de la l\u00ednea de Media Tensi\u00f3n N\u00b0 4 afectando la zona del paraje San Jacinto, LOSA, Parque Los Fresnos, localidad de Loma Negra, Villa Laclau, Aero Club, alimentador Rural Santa Luisa (Kochi Tue, Villa Mi Serran\u00eda, Santa Luisa, El Luchador, Dura\u00f1ona, 16 de Julio).<\/p><\/blockquote>\n<p>Cabe recordar que la cooperativa anticip\u00f3 que<strong> habr\u00e1 baja presi\u00f3n de agua en toda la ciudad durante la jornada<\/strong> y se solicit\u00f3 hacer un uso racional del servicio.<\/p>\n","protected":false},"excerpt":{"rendered":"<p>Coopelectric, en tanto, cort\u00f3 el suministro de la l\u00ednea de Media Tensi\u00f3n N\u00b0 4 para llevar a cabo una reparaci\u00f3n:<\/p>\n","protected":false},"author":4,"featured_media":55017,"comment_status":"closed","ping_status":"closed","sticky":false,"template":"","format":"standard","meta":{"_jetpack_memberships_contains_paid_content":false,"footnotes":""},"categories":[5,1],"tags":[],"class_list":["post-129562","post","type-post","status-publish","format-standard","has-post-thumbnail","hentry","category-informacion-general","category-portada"],"jetpack_featured_media_url":"https:\/\/i0.wp.com\/cdnoticias.com\/wp-content\/uploads\/2022\/05\/Coopelectric-01.jpeg?fit=1600%2C1200&ssl=1","jetpack_sharing_enabled":true,"_links":{"self":[{"href":"https:\/\/cdnoticias.com\/index.php\/wp-json\/wp\/v2\/posts\/129562","targetHints":{"allow":["GET"]}}],"collection":[{"href":"https:\/\/cdnoticias.com\/index.php\/wp-json\/wp\/v2\/posts"}],"about":[{"href":"https:\/\/cdnoticias.com\/index.php\/wp-json\/wp\/v2\/types\/post"}],"author":[{"embeddable":true,"href":"https:\/\/cdnoticias.com\/index.php\/wp-json\/wp\/v2\/users\/4"}],"replies":[{"embeddable":true,"href":"https:\/\/cdnoticias.com\/index.php\/wp-json\/wp\/v2\/comments?post=129562"}],"version-history":[{"count":0,"href":"https:\/\/cdnoticias.com\/index.php\/wp-json\/wp\/v2\/posts\/129562\/revisions"}],"wp:featuredmedia":[{"embeddable":true,"href":"https:\/\/cdnoticias.com\/index.php\/wp-json\/wp\/v2\/media\/55017"}],"wp:attachment":[{"href":"https:\/\/cdnoticias.com\/index.php\/wp-json\/wp\/v2\/media?parent=129562"}],"wp:term":[{"taxonomy":"category","embeddable":true,"href":"https:\/\/cdnoticias.com\/index.php\/wp-json\/wp\/v2\/categories?post=129562"},{"taxonomy":"post_tag","embeddable":true,"href":"https:\/\/cdnoticias.com\/index.php\/wp-json\/wp\/v2\/tags?post=129562"}],"curies":[{"name":"wp","href":"https:\/\/api.w.org\/{rel}","templated":true}]}}