{"id":129555,"date":"2024-11-04T09:34:46","date_gmt":"2024-11-04T12:34:46","guid":{"rendered":"https:\/\/cdnoticias.com\/?p=129555"},"modified":"2024-11-04T11:16:22","modified_gmt":"2024-11-04T14:16:22","slug":"la-lluvia-de-este-lunes-se-acerco-a-los-90-milimetros","status":"publish","type":"post","link":"https:\/\/cdnoticias.com\/index.php\/2024\/11\/04\/la-lluvia-de-este-lunes-se-acerco-a-los-90-milimetros\/","title":{"rendered":"La lluvia de este lunes se acerc\u00f3 a los 90 mil\u00edmetros"},"content":{"rendered":"<p>La Unidad Meteorol\u00f3gica de Olavarr\u00eda comunic\u00f3 los registros del tiempo. Las r\u00e1fagas del viento sur llegan a 56 kil\u00f3metros por hora.<!--more--><\/p>\n<hr \/>\n<p>Si bien <strong>a\u00fan no ces\u00f3 el <a href=\"https:\/\/cdnoticias.com\/index.php\/2024\/11\/04\/se-extendio-el-alerta-en-olavarria-por-tormenta\/\" target=\"_blank\" rel=\"noopener\">alerta amarillo<\/a> por tormentas<\/strong> para Olavarr\u00eda,<strong> las condiciones del tiempo ya se muestran diferentes pasadas las 9 de este lunes.<\/strong> El cielo est\u00e1 parcialmente nublado y ya no llueve.<\/p>\n<p>\u00a0<\/p>\n<blockquote>\n<p>La Unidad Meteorol\u00f3gica de Olavarr\u00eda comunic\u00f3 que el registro de lluvia es de 88,2 mil\u00edmetros y que el viento sopla desde el sur a 45 kil\u00f3metros por hora, con r\u00e1fagas de hasta 56 kil\u00f3metros.<\/p>\n<\/blockquote>\n<p>\u00a0<\/p>\n<p>En el registro de las 9 la temperatura alcanza a <strong>15,2\u00ba<\/strong> mientras que <strong>la m\u00ednima del d\u00eda se dio a las 7.15 y fue de 13\u00ba<\/strong>. La <strong>humedad es 82%<\/strong> y la visibilidad es total.<\/p>\n<p>\u00a0<\/p>\n<p>Cabe se\u00f1alar que <em>en el registro de Radio Olavarr\u00eda se inform\u00f3 que la lluvia en la ciudad alcanz\u00f3 este lunes a <strong>120,2 mm<\/strong><\/em>.<\/p>\n<p>\u00a0<\/p>\n<p>La tormenta que afect\u00f3 durante la madrugada y la ma\u00f1ana del lunes a la ciudad ocasion\u00f3 <strong>cortes de servicio el\u00e9ctrico en numerosos puntos<\/strong>, <a href=\"https:\/\/cdnoticias.com\/index.php\/2024\/11\/04\/por-el-temporal-hay-barrios-zona-industriales-y-localidades-sin-luz\/\" target=\"_blank\" rel=\"noopener\">algunos de los cuales permanecen sin servicio, al tiempo que se destac\u00f3 que tambi\u00e9n hay baja de presi\u00f3n de agua.<\/a><\/p>\n\n\n<p><\/p>\n","protected":false},"excerpt":{"rendered":"<p>La Unidad Meteorol\u00f3gica de Olavarr\u00eda comunic\u00f3 los registros del tiempo. Las r\u00e1fagas del viento sur llegan a 56 kil\u00f3metros por<\/p>\n","protected":false},"author":4,"featured_media":129539,"comment_status":"closed","ping_status":"closed","sticky":false,"template":"","format":"standard","meta":{"_jetpack_memberships_contains_paid_content":false,"footnotes":""},"categories":[5,1],"tags":[],"class_list":["post-129555","post","type-post","status-publish","format-standard","has-post-thumbnail","hentry","category-informacion-general","category-portada"],"jetpack_featured_media_url":"https:\/\/i0.wp.com\/cdnoticias.com\/wp-content\/uploads\/2024\/11\/tormenta-lluvia.jpg?fit=1000%2C556&ssl=1","jetpack_sharing_enabled":true,"_links":{"self":[{"href":"https:\/\/cdnoticias.com\/index.php\/wp-json\/wp\/v2\/posts\/129555","targetHints":{"allow":["GET"]}}],"collection":[{"href":"https:\/\/cdnoticias.com\/index.php\/wp-json\/wp\/v2\/posts"}],"about":[{"href":"https:\/\/cdnoticias.com\/index.php\/wp-json\/wp\/v2\/types\/post"}],"author":[{"embeddable":true,"href":"https:\/\/cdnoticias.com\/index.php\/wp-json\/wp\/v2\/users\/4"}],"replies":[{"embeddable":true,"href":"https:\/\/cdnoticias.com\/index.php\/wp-json\/wp\/v2\/comments?post=129555"}],"version-history":[{"count":0,"href":"https:\/\/cdnoticias.com\/index.php\/wp-json\/wp\/v2\/posts\/129555\/revisions"}],"wp:featuredmedia":[{"embeddable":true,"href":"https:\/\/cdnoticias.com\/index.php\/wp-json\/wp\/v2\/media\/129539"}],"wp:attachment":[{"href":"https:\/\/cdnoticias.com\/index.php\/wp-json\/wp\/v2\/media?parent=129555"}],"wp:term":[{"taxonomy":"category","embeddable":true,"href":"https:\/\/cdnoticias.com\/index.php\/wp-json\/wp\/v2\/categories?post=129555"},{"taxonomy":"post_tag","embeddable":true,"href":"https:\/\/cdnoticias.com\/index.php\/wp-json\/wp\/v2\/tags?post=129555"}],"curies":[{"name":"wp","href":"https:\/\/api.w.org\/{rel}","templated":true}]}}